{"id":1868,"date":"2022-06-22T15:28:00","date_gmt":"2022-06-22T15:28:00","guid":{"rendered":"https:\/\/grupo.us.es\/encrucijada\/?p=1868"},"modified":"2022-06-28T08:10:40","modified_gmt":"2022-06-28T08:10:40","slug":"las-epidemias-de-fiebre-amarilla-en-andalucia","status":"publish","type":"post","link":"https:\/\/grupo.us.es\/encrucijada\/las-epidemias-de-fiebre-amarilla-en-andalucia\/","title":{"rendered":"Las epidemias de fiebre amarilla en Andaluc\u00eda"},"content":{"rendered":"\n<div class=\"wp-block-columns is-layout-flex wp-container-core-columns-is-layout-9d6595d7 wp-block-columns-is-layout-flex\">\n<div class=\"wp-block-column is-layout-flow wp-block-column-is-layout-flow\" style=\"flex-basis:66.66%\">\n<p style=\"text-align: justify;\">La fiebre amarilla es una infecci\u00f3n general endemoepid\u00e9mica originada por un virus septic\u00e9mico cuyo vector es un mosquito del g\u00e9nero <em>Stegomya<\/em>, el <em>A\u00ebdes aegypti<\/em>, y cuyo foco primitivo radica en el Golfo de M\u00e9xico. El vector se desarrolla en un medio tropical o subtropical, siempre en condiciones de altas temperaturas y contando con un foco acu\u00e1tico. Los puntos l\u00edmites de la difusi\u00f3n de la enfermedad se sit\u00faan, aproximadamente, entre los 44\u00ba de latitud norte y los 35\u00ba de latitud sur en la costa atl\u00e1ntica americana, y entre los 51\u00ba de latitud norte y los 9\u00ba de latitud sur en el Atl\u00e1ntico oriental, aunque en la actualidad la zona de expansi\u00f3n es mucho m\u00e1s reducida.<\/p>\n<p style=\"text-align: justify;\">A fines de la Edad Moderna, la fiebre amarilla se extendi\u00f3, a trav\u00e9s de diversas oleadas, por Andaluc\u00eda y el Levante espa\u00f1ol, teniendo como origen el tr\u00e1fico naval con el Caribe. Los efectos demogr\u00e1ficos de estas epidemias fueron elevados, ya que hasta entonces la fiebre amarilla hab\u00eda tenido en estas \u00e1reas una escasa o nula incidencia y, por tanto, era una enfermedad nueva o relativamente nueva, ante la cual la poblaci\u00f3n carec\u00eda de defensas inmunol\u00f3gicas. Se registraron as\u00ed en los n\u00facleos afectados por el contagio \u00edndices de morbilidad superiores al 90% y tasas de mortalidad que puntualmente superaron hasta el 30% de la poblaci\u00f3n, aunque m\u00e1s frecuentemente fueron inferiores.<\/p>\n<p style=\"text-align: justify;\">La enfermedad afectaba m\u00e1s a los hombres que a las mujeres y a los j\u00f3venes que a los mayores. Su per\u00edodo de desarrollo coincid\u00eda con el final del verano y los meses de oto\u00f1o, desapareciendo con la llegada de los primeros fr\u00edos. Cursaba con fiebre alta, sudores copiosos, lengua seca y \u00e1spera, postraci\u00f3n de fuerzas y v\u00f3mitos de color oscuro, por lo que tambi\u00e9n era conocida como <em>v\u00f3mito negro<\/em> o <em>v\u00f3mito prieto<\/em>. Los enfermos m\u00e1s graves manifestaban un estado de gran inquietud y mor\u00edan, por lo general, entre grandes convulsiones y hemorragias.<\/p>\n<p style=\"text-align: justify;\">La fiebre amarilla hizo acto de aparici\u00f3n en C\u00e1diz y Sevilla en el verano de 1800. Se atribuy\u00f3 su origen a un contagio de procedencia ultramarina importado por la corbeta anglo-americana <em>Delf\u00edn<\/em>, procedente de La Habana y Charlestown, que ancl\u00f3 en C\u00e1diz el 6 de julio de aquel a\u00f1o tras un viaje de veinticinco d\u00edas al mando del capit\u00e1n William Jaskal. Al parecer, tambi\u00e9n se hab\u00edan detectado casos de fiebre amarilla en la polacra <em>J\u00fapiter<\/em>, arribada a C\u00e1diz el 28 de marzo, y en la corbeta <em>\u00c1guila<\/em>, que recal\u00f3 en el puerto de esta ciudad el 30 de junio.<\/p>\n<p style=\"text-align: justify;\">El contagio progres\u00f3 r\u00e1pidamente, afectando a numerosas poblaciones de C\u00e1diz y Sevilla que manten\u00edan frecuente contacto con estas capitales. En esta \u00faltima ciudad tuvo origen en el barrio de los Humeros, a orillas del r\u00edo, desde donde se expandi\u00f3 por toda la ciudad causando una gran mortandad. Las autoridades reaccionaron ordenando un cord\u00f3n sanitario, restringiendo la circulaci\u00f3n de personas y mercanc\u00edas y concentrando enfermos en hospitales y lazaretos. Estas medidas se mostraron inefectivas para detener la extensi\u00f3n del contagio. Hubo que improvisar cementerios extramuros para enterrar los cad\u00e1veres de los fallecidos por la enfermedad, quemar enseres de los contagiados y desinfectar sus casas con muri\u00e1tico (\u00e1cido clorh\u00eddrico). Como sol\u00eda suceder durante las grandes epidemias del Antiguo R\u00e9gimen, se produjo una cierta situaci\u00f3n de desgobierno en los lugares afectados, por muerte o retraimiento de los capitulares de los respectivos ayuntamientos, aunque las juntas locales de sanidad constituidas para enfrentar la enfermedad trabajaron con denuedo, aunque en general con m\u00e1s voluntad que eficacia.<\/p>\n<p style=\"text-align: justify;\">La epidemia de 1800 produjo un elevado n\u00famero de muertes, que el m\u00e9dico Alfonso de Mar\u00eda cifr\u00f3 en 61.362. Las poblaciones con un mayor n\u00famero de fallecimientos fueron Sevilla (14.685), C\u00e1diz (10.986, aunque seg\u00fan Juan Manuel de Ar\u00e9jula fueron 7.387), Jerez de la Frontera (10.192), Isla de Le\u00f3n (5.033), El Puerto de Santa Mar\u00eda (3.693), Sanl\u00facar de Barrameda (2.303) y Lebrija (2.100). Resultaron tambi\u00e9n muy afectados Mor\u00f3n, Utrera, Puerto Real, Chiclana, Rota, Las Cabezas, Alcal\u00e1 de los Gazules, Arcos, Coria, Espera y, en menor medida, Los Palacios y Villafranca, El Arahal, La Carlota, Medina Sidonia, Paterna, Dos Hermanas, Trebujena, Bornos, Mairena, Zahara de la Sierra, Estepa y Villamart\u00edn.<\/p>\n<p style=\"text-align: justify;\">En 1801 y 1803 se registran nuevos brotes de fiebre amarilla en Medina Sidonia y M\u00e1laga, donde la enfermedad produjo en torno a seis mil fallecimientos. En esta \u00faltima ciudad el contagio reapareci\u00f3 con fuerza en 1804, provocando alrededor de once mil muertes y extendi\u00e9ndose a otros lugares de sus alrededores y de las actuales provincias de C\u00e1diz, Sevilla, C\u00f3rdoba, Murcia y Alicante. Asimismo, se propagaron nuevas epidemias de fiebre amarilla en 1810 (C\u00e1diz, Cartagena y Canarias), 1813 (C\u00e1diz) y 1819 (C\u00e1diz, Isla de Le\u00f3n, El Puerto de Santa Mar\u00eda, Jerez y Sevilla).<\/p>\n<p>\u00a0<\/p>\n<p style=\"text-align: right;\">Autor: <a href=\"https:\/\/grupo.us.es\/encrucijada\/tag\/juan-jose-iglesias-rodriguez\/\">Juan Jos\u00e9 Iglesias Rodr\u00edguez<\/a><\/p>\n<hr \/>\n<h4><strong>Documentos<\/strong><\/h4>\n<ul>\n<li>Jos\u00e9 Mar\u00eda Blanco White, <em>Autobiograf\u00eda<\/em>, cap. II. <a href=\"https:\/\/www.cervantesvirtual.com\/obra\/autobiografia-de-blanco-white--0\/\" target=\"_blank\" rel=\"noopener\">Disponible en l\u00ednea en la <em>Biblioteca Virtual de Cervantes<\/em><\/a>.<\/li>\n<\/ul>\n<p style=\"text-align: justify;\">\u00abEn otro lugar he descrito minuciosamente los progresos de la epidemia en Sevilla tal como pod\u00eda enterarme todos los d\u00edas, ya que me encontraba s\u00f3lo a unas cuantas millas de distancia de la ciudad. Los tristes sucesos que llegaban diariamente a mi conocimiento me impresionaron profundamente, deprimido adem\u00e1s como estaba por la obstinada enfermedad que hac\u00eda presa en mi salud y ensombrec\u00eda m\u00e1s mis sentimientos religiosos. Esperando a cada momento que se presentara la fiebre amarilla en Alcal\u00e1 (ya que siendo la proveedora de la mitad del pan que en aquella ciudad se consume, nunca interrumpi\u00f3 su comunicaci\u00f3n con ella), y temiendo adem\u00e1s el desenlace fatal de mi enfermedad, torpemente tratada por el m\u00e9dico rural que me atend\u00eda, perd\u00ed toda esperanza de sobrevivir y me resign\u00e9 a una muerte prematura. Cuando ten\u00eda fuerzas para levantarme del lecho me iba a la iglesia de un convento que estaba cerca de nuestra casa. De acuerdo con la costumbre, el templo permanec\u00eda abierto durante todo el d\u00eda, pero apenas se ve\u00eda un alma en \u00e9l de nueve a diez de la ma\u00f1ana. S\u00f3lo pod\u00edan escucharse a las monjas cantando el oficio detr\u00e1s de la doble reja que separaba el coro del cuerpo de la iglesia, y la monoton\u00eda de sus voces aumentaba la l\u00fagubre solemnidad del lugar. All\u00ed permanec\u00eda horas enteras sentado junto a una tumba intentando hacerme a la idea de la muerte. Pero, aunque mi constituci\u00f3n nunca ha sido robusta, sin embargo creo que el principio de la vida me animaba tan vigorosamente que, a pesar de la ignorancia del m\u00e9dico y de las frecuentes sangr\u00edas a que me somet\u00eda, la fiebre me dej\u00f3 al comienzo del oto\u00f1o y en pocas semanas recobr\u00e9 todas mis fuerzas\u00bb.<\/p>\n<h4><strong>Fuentes<\/strong><\/h4>\n<p>AR\u00c9JULA, Juan Manuel de, <em>Breve descripci\u00f3n de la fiebre amarilla padecida en C\u00e1diz y pueblos comarcanos en 1800, Medina Sidonia en 1801, M\u00e1laga en 1803 y en varios otros del reino en 1804<\/em>, Madrid, Imprenta Real, 1806. <a href=\"http:\/\/www.bibliotecavirtualdeandalucia.es\/catalogo\/es\/consulta\/registro.do?id=3789\" target=\"_blank\" rel=\"noopener\">Disponible en l\u00ednea en la <em>Biblioteca Virtual de Andaluc\u00eda<\/em><\/a>.<\/p>\n<p style=\"text-align: justify;\">DE MAR\u00cdA, Alfonso, <em>Memoria sobre la Epidemia de Andaluc\u00eda el A\u00f1o de 1800 al 1819<\/em>, C\u00e1diz, Imprenta de D. Antonio Murgu\u00eda, 1820. En <em>Royal College of Physicians of London. <\/em><a href=\"https:\/\/archive.org\/details\/b28038721\" target=\"_blank\" rel=\"noopener\">Disponible en l\u00ednea en <em>Internet Archive<\/em><\/a>.<\/p>\n<p style=\"text-align: justify;\">VILLALBA, Juan de, <em>Epidemiolog\u00eda espa\u00f1ola<\/em>, 2 vols., Madrid, Imprenta de Mateo Repull\u00e9s, 1802.<\/p>\n<h4><strong>Bibliograf\u00eda<\/strong><\/h4>\n<p style=\"text-align: justify;\">CARRILLO MARTOS, Juan Luis y GARC\u00cdA BALLESTER, Luis, <em>Enfermedad y sociedad en la M\u00e1laga de los siglos XVIII y XIX. I. La fiebre amarilla (1741-1821)<\/em>, M\u00e1laga, Diputaci\u00f3n Provincial y Universidad de M\u00e1laga, 1980.<\/p>\n<p style=\"text-align: justify;\">HERMOSILLA MOLINA, Antonio, <em>Epidemia de fiebre amarilla en Sevilla<\/em>, Sevilla, 1978.<\/p>\n<p style=\"text-align: justify;\">IGLESIAS RODR\u00cdGUEZ, Juan Jos\u00e9, <em>La epidemia gaditana de fiebre amarilla de 1800<\/em>, C\u00e1diz, Diputaci\u00f3n Provincial, 1987.<\/p>\n<p style=\"text-align: justify;\">JIM\u00c9NEZ ORTIZ, Carlos, \u201cLa epidemia de fiebre amarilla de 1804 en Granada\u201d, en <em>Medicina &amp; Historia: Revista de estudios hist\u00f3ricos de las ciencias m\u00e9dicas<\/em>, 38, 1974, pp. 7-26.<\/p>\n<p style=\"text-align: justify;\">RODR\u00cdGUEZ CARRI\u00d3N, Jos\u00e9, <em>Jerez, 1800: epidemia de fiebre amarilla<\/em>, Jerez de la Frontera, Sexta, 1980.<\/p>\n<p style=\"text-align: justify;\">VACA HERN\u00c1NDEZ, Manuel, \u201cEpidemia de fiebre amarilla de 1819 en El Puerto de Santa Mar\u00eda\u201d, en <em>Revista de Historia de El Puerto<\/em>, 65, 2020, pp. 77-93.<\/p>\n<\/div>\n\n\n\n<div class=\"wp-block-column is-layout-flow wp-block-column-is-layout-flow\" style=\"flex-basis:33.33%\">        <div class=\"wp-block-visual-portfolio\">\n            \n<div class=\"vp-portfolio vp-uid-63ef5364 vp-id-ZqsJXC\"\n    data-vp-layout=\"masonry\" data-vp-items-style=\"emerge\" data-vp-items-click-action=\"popup_gallery\" data-vp-items-gap=\"15\" data-vp-items-gap-vertical=\"\" data-vp-pagination=\"load-more\" data-vp-next-page-url=\"\" data-vp-masonry-columns=\"1\" >\n    <div class=\"vp-portfolio__preloader-wrap\">\n        <div class=\"vp-portfolio__preloader\">\n            <img decoding=\"async\" loading=\"eager\" src=\"https:\/\/grupo.us.es\/encrucijada\/wp-content\/plugins\/visual-portfolio\/assets\/images\/logo-dark.svg\" alt=\"Visual Portfolio, Posts &amp; Image Gallery para WordPress\" width=\"20\" height=\"20\" data-skip-lazy>\n        <\/div>\n    <\/div>\n        <div class=\"vp-portfolio__items-wrap\">\n            \n<div class=\"vp-portfolio__items vp-portfolio__items-style-emerge vp-portfolio__items-show-overlay-hover vp-portfolio__items-show-img-overlay-hover\">\n\n        <div class=\"vp-portfolio__item-wrap vp-portfolio__item-uid-825a5569\" data-vp-filter=\"\">\n                        <div class=\"vp-portfolio__item-popup\"\n                style=\"display: none;\"\n                data-vp-popup-img=\"https:\/\/grupo.us.es\/encrucijada\/wp-content\/uploads\/2022\/06\/fiebreamarila1-e1655911302801.png\"\n                data-vp-popup-img-srcset=\"\"\n                data-vp-popup-img-size=\"678x966\"\n                data-vp-popup-md-img=\"https:\/\/grupo.us.es\/encrucijada\/wp-content\/uploads\/2022\/06\/fiebreamarila1-e1655911302801.png\"\n                data-vp-popup-md-img-size=\"678x966\"\n                data-vp-popup-sm-img=\"https:\/\/grupo.us.es\/encrucijada\/wp-content\/uploads\/2022\/06\/fiebreamarila1-e1655911302801.png\"\n                data-vp-popup-sm-img-size=\"678x966\"\n            >\n                                    <h3 class=\"vp-portfolio__item-popup-title\">Portada de la Breve descripci\u00f3n de la fiebre amarilla de Juan Manuel de Ar\u00e9jula<\/h3>\n                                        <div class=\"vp-portfolio__item-popup-description\">Portada de la Breve descripci\u00f3n de la fiebre amarilla de Juan Manuel de Ar\u00e9jula. Fuente: BNE, 1\/10847. Copia digital de la Biblioteca Virtual de Andaluc\u00eda (http:\/\/www.bibliotecavirtualdeandalucia.es\/catalogo\/es\/consulta\/registro.do?id=3789) <\/div>\n                                <\/div>\n                                    <figure class=\"vp-portfolio__item\">\n                \n<div class=\"vp-portfolio__item-img-wrap\">\n    <div class=\"vp-portfolio__item-img\">\n        <a  href=\"https:\/\/grupo.us.es\/encrucijada\/wp-content\/uploads\/2022\/06\/fiebreamarila1-e1655911302801.png\" >\n        <img loading=\"lazy\" decoding=\"async\" width=\"678\" height=\"966\" src=\"https:\/\/grupo.us.es\/encrucijada\/wp-content\/uploads\/2022\/06\/fiebreamarila1-e1655911302801.png\" class=\"wp-image-1869\" alt=\"\" \/>\n        <div class=\"vp-portfolio__item-img-overlay\"><\/div>\n\n        <\/a>    <\/div>\n<\/div>\n\n<figcaption class=\"vp-portfolio__item-overlay vp-portfolio__item-align-center\">\n            <div class=\"vp-portfolio__item-meta-wrap vp-portfolio__custom-scrollbar\">\n            <div class=\"vp-portfolio__item-meta\">\n                \n<h2 class=\"vp-portfolio__item-meta-title\">\n    <a  href=\"https:\/\/grupo.us.es\/encrucijada\/wp-content\/uploads\/2022\/06\/fiebreamarila1-e1655911302801.png\" >Portada de la Breve descripci\u00f3n de la fiebre amarilla de Juan Manuel de Ar\u00e9jula<\/a><\/h2>\n            <\/div>\n        <\/div>\n    <\/figcaption>\n            <\/figure>\n                    <\/div>\n        \n        <div class=\"vp-portfolio__item-wrap vp-portfolio__item-uid-1601ad2e\" data-vp-filter=\"\">\n                        <div class=\"vp-portfolio__item-popup\"\n                style=\"display: none;\"\n                data-vp-popup-img=\"https:\/\/grupo.us.es\/encrucijada\/wp-content\/uploads\/2022\/06\/fiebreamarilla2.1.jpg\"\n                data-vp-popup-img-srcset=\"\"\n                data-vp-popup-img-size=\"681x968\"\n                data-vp-popup-md-img=\"https:\/\/grupo.us.es\/encrucijada\/wp-content\/uploads\/2022\/06\/fiebreamarilla2.1.jpg\"\n                data-vp-popup-md-img-size=\"681x968\"\n                data-vp-popup-sm-img=\"https:\/\/grupo.us.es\/encrucijada\/wp-content\/uploads\/2022\/06\/fiebreamarilla2.1.jpg\"\n                data-vp-popup-sm-img-size=\"681x968\"\n            >\n                                    <h3 class=\"vp-portfolio__item-popup-title\">Certificado de Jos\u00e9 Le\u00f3n Cobos, cura y colector de la Iglesia Parroquial de Gerena, a petici\u00f3n de Antonio Gayden, de nacionalidad francesa y vecino de dicha localidad, declarando que el t\u00edo carnal de este \u00faltimo, Pedro Amselmi, falleci\u00f3 \u201cpor contagio y pobre de solemnidad\u201d en la epidemia de fiebre amarilla de 1800 y fue enterrado en el osario de dicha iglesia. 17 de junio de 1830, Gerena (Sevilla)<\/h3>\n                                        <div class=\"vp-portfolio__item-popup-description\">Certificado de Jos\u00e9 Le\u00f3n Cobos, cura y colector de la Iglesia Parroquial de Gerena, a petici\u00f3n de Antonio Gayden, de nacionalidad francesa y vecino de dicha localidad, declarando que el t\u00edo carnal de este \u00faltimo, Pedro Amselmi, falleci\u00f3 \u201cpor contagio y pobre de solemnidad\u201d en la epidemia de fiebre amarilla de 1800 y fue enterrado en el osario de dicha iglesia. 17 de junio de 1830, Gerena (Sevilla). Fuente: Archivo Hist\u00f3rico Provincial de Sevilla, ES.41003.AHPSE\/\/1.1.2.1.2.1.8\/\/Escriban\u00eda de Guerra, 26245.3 <\/div>\n                                <\/div>\n                                    <figure class=\"vp-portfolio__item\">\n                \n<div class=\"vp-portfolio__item-img-wrap\">\n    <div class=\"vp-portfolio__item-img\">\n        <a  href=\"https:\/\/grupo.us.es\/encrucijada\/wp-content\/uploads\/2022\/06\/fiebreamarilla2.1.jpg\" >\n        <img loading=\"lazy\" decoding=\"async\" width=\"681\" height=\"968\" src=\"https:\/\/grupo.us.es\/encrucijada\/wp-content\/uploads\/2022\/06\/fiebreamarilla2.1.jpg\" class=\"wp-image-1917\" alt=\"\" \/>\n        <div class=\"vp-portfolio__item-img-overlay\"><\/div>\n\n        <\/a>    <\/div>\n<\/div>\n\n<figcaption class=\"vp-portfolio__item-overlay vp-portfolio__item-align-center\">\n            <div class=\"vp-portfolio__item-meta-wrap vp-portfolio__custom-scrollbar\">\n            <div class=\"vp-portfolio__item-meta\">\n                \n<h2 class=\"vp-portfolio__item-meta-title\">\n    <a  href=\"https:\/\/grupo.us.es\/encrucijada\/wp-content\/uploads\/2022\/06\/fiebreamarilla2.1.jpg\" >Certificado de Jos\u00e9 Le\u00f3n Cobos, cura y colector de la Iglesia Parroquial de Gerena, a petici\u00f3n de Antonio Gayden, de nacionalidad francesa y vecino de dicha localidad, declarando que el t\u00edo carnal de este \u00faltimo, Pedro Amselmi, falleci\u00f3 \u201cpor contagio y pobre de solemnidad\u201d en la epidemia de fiebre amarilla de 1800 y fue enterrado en el osario de dicha iglesia. 17 de junio de 1830, Gerena (Sevilla)<\/a><\/h2>\n            <\/div>\n        <\/div>\n    <\/figcaption>\n            <\/figure>\n                    <\/div>\n        \n<\/div>\n        <\/div>\n        \n<\/div>\n        <\/div>\n        <\/div>\n<\/div>\n","protected":false},"excerpt":{"rendered":"<p>La fiebre amarilla es una infecci\u00f3n general endemoepid\u00e9mica originada por un virus septic\u00e9mico cuyo vector es un mosquito del g\u00e9nero Stegomya, el A\u00ebdes aegypti, y cuyo foco primitivo radica en el Golfo de M\u00e9xico. El vector se desarrolla en un medio tropical o subtropical, siempre en condiciones de altas temperaturas y contando con un foco [&hellip;]<\/p>\n","protected":false},"author":1,"featured_media":1869,"comment_status":"closed","ping_status":"","sticky":false,"template":"","format":"standard","meta":{"_vp_format_video_url":"","_vp_image_focal_point":[],"footnotes":""},"categories":[117,3],"tags":[79],"class_list":["post-1868","post","type-post","status-publish","format-standard","has-post-thumbnail","hentry","category-poblacion-y-demografia","category-sociedad","tag-juan-jose-iglesias-rodriguez","entry","has-media"],"_links":{"self":[{"href":"https:\/\/grupo.us.es\/encrucijada\/wp-json\/wp\/v2\/posts\/1868","targetHints":{"allow":["GET"]}}],"collection":[{"href":"https:\/\/grupo.us.es\/encrucijada\/wp-json\/wp\/v2\/posts"}],"about":[{"href":"https:\/\/grupo.us.es\/encrucijada\/wp-json\/wp\/v2\/types\/post"}],"author":[{"embeddable":true,"href":"https:\/\/grupo.us.es\/encrucijada\/wp-json\/wp\/v2\/users\/1"}],"replies":[{"embeddable":true,"href":"https:\/\/grupo.us.es\/encrucijada\/wp-json\/wp\/v2\/comments?post=1868"}],"version-history":[{"count":3,"href":"https:\/\/grupo.us.es\/encrucijada\/wp-json\/wp\/v2\/posts\/1868\/revisions"}],"predecessor-version":[{"id":1919,"href":"https:\/\/grupo.us.es\/encrucijada\/wp-json\/wp\/v2\/posts\/1868\/revisions\/1919"}],"wp:featuredmedia":[{"embeddable":true,"href":"https:\/\/grupo.us.es\/encrucijada\/wp-json\/wp\/v2\/media\/1869"}],"wp:attachment":[{"href":"https:\/\/grupo.us.es\/encrucijada\/wp-json\/wp\/v2\/media?parent=1868"}],"wp:term":[{"taxonomy":"category","embeddable":true,"href":"https:\/\/grupo.us.es\/encrucijada\/wp-json\/wp\/v2\/categories?post=1868"},{"taxonomy":"post_tag","embeddable":true,"href":"https:\/\/grupo.us.es\/encrucijada\/wp-json\/wp\/v2\/tags?post=1868"}],"curies":[{"name":"wp","href":"https:\/\/api.w.org\/{rel}","templated":true}]}}