{"id":1610,"date":"2022-06-09T09:22:47","date_gmt":"2022-06-09T09:22:47","guid":{"rendered":"https:\/\/grupo.us.es\/encrucijada\/?p=1610"},"modified":"2022-06-09T09:42:46","modified_gmt":"2022-06-09T09:42:46","slug":"la-sociedad-economica-de-amigos-del-pais-de-motril","status":"publish","type":"post","link":"https:\/\/grupo.us.es\/encrucijada\/la-sociedad-economica-de-amigos-del-pais-de-motril\/","title":{"rendered":"La Sociedad Econ\u00f3mica de Amigos del Pa\u00eds de Motril"},"content":{"rendered":"\n<div class=\"wp-block-columns is-layout-flex wp-container-core-columns-is-layout-9d6595d7 wp-block-columns-is-layout-flex\">\n<div class=\"wp-block-column is-layout-flow wp-block-column-is-layout-flow\" style=\"flex-basis:66.66%\">\n<p style=\"text-align: justify;\">Durante la segunda mitad del siglo XVIII, el reformismo borb\u00f3nico instaurado por la nueva dinast\u00eda trajo consigo el surgimiento, entre otros establecimientos de corte intelectual y societario, de las denominadas Sociedades Econ\u00f3micas de Amigos del Pa\u00eds. En el \u00e1mbito andaluz, el movimiento ilustrado vivi\u00f3 uno de los procesos de creaci\u00f3n de sociedades patri\u00f3ticas m\u00e1s activos de todo el territorio de la Monarqu\u00eda. No en vano, desde 1774, a\u00f1o de la aprobaci\u00f3n y fundaci\u00f3n de la Sociedad de Baeza hasta el tard\u00edo 1804, fecha en la que se gestion\u00f3 la solicitud de la Sociedad de Loja, se fundaron treinta y dos Sociedades Econ\u00f3micas. Sin duda, la mayor concentraci\u00f3n de todo el conjunto de la Monarqu\u00eda, significando una tercera parte del total. De modo m\u00e1s espec\u00edfico, un caso particular lo encontramos en el Reino de Granada donde se localizan proyectos societarios en Almu\u00f1\u00e9car, Baza, Granada, Guadix, Motril, Ronda, V\u00e9lez-M\u00e1laga o <a href=\"https:\/\/grupo.us.es\/encrucijada\/la-sociedad-economica-de-amigos-del-pais-de-vera\/\" target=\"_blank\" rel=\"noopener\">Vera<\/a>.<\/p>\n<p style=\"text-align: justify;\">De manera concreta, la Sociedad Econ\u00f3mica de Amigos del Pa\u00eds de Motril, denominada oficialmente como <em>Sociedad Econ\u00f3mica de Amantes de la Patria de la Ciudad de Motril<\/em> fue promovida en el a\u00f1o 1786, fecha se\u00f1alada por los especialistas como el inicio del decaimiento de este tipo de establecimientos. De hecho, fue la \u00faltima Sociedad Econ\u00f3mica impulsada en el Reino de Granada. Con todo, sus prop\u00f3sitos iniciales se centraban en poner t\u00e9rmino a la decadencia econ\u00f3mica, a la miseria y al elevado n\u00famero de mendigos existentes en la poblaci\u00f3n en esos momentos.<\/p>\n<p style=\"text-align: justify;\">La instituci\u00f3n fue impulsada por el monje m\u00ednimo Fray Pedro de Torres, misma persona que diez a\u00f1os antes hab\u00eda promovido la fundaci\u00f3n de la Sociedad de Almu\u00f1\u00e9car, al tiempo que fue considerado como impulsor de algunas iniciativas desarrolladas en la hom\u00f3nima Sociedad de la localidad de Vera, de la cu\u00e1l era socio. El gobierno inicial de la Sociedad se completaba con Francisco Javier D\u00edez, auditor de marina, que ocupaba el empleo de Secretario de la Sociedad Econ\u00f3mica.<\/p>\n<p style=\"text-align: justify;\">Desde un punto de vista social, las Sociedades Econ\u00f3micas andaluzas, pese a estar conformadas por un abanico representativo amplio, sol\u00edan destacar por estar conformadas preferentemente por miembros del clero e individuos de la nobleza. Una iniciativa, la de miembros del clero, que se observa igualmente en otras iniciativas societarias del territorio andaluz, caso de Ja\u00e9n, Jerez de la Frontera, Priego, C\u00e1diz, Puerto Real o Medina Sidonia.<\/p>\n<p style=\"text-align: justify;\">Su establecimiento en la localidad motrile\u00f1a viene apoyado por una delicada situaci\u00f3n, tanto econ\u00f3mica como cultural y social, en el conjunto del entorno. As\u00ed, como indica Fray Pedro de Torres, Director de la Sociedad Econ\u00f3mica, \u201cconsideraban que Motril sin f\u00e1bricas, sin artes, sin industria, sin aplicaci\u00f3n, llena de miseria y s\u00f3lo pendiente de un trozo de Agricultura no pod\u00eda durar mucho\u201d. Por ello, fue deseo de \u00e9sta y del conjunto de Sociedades Econ\u00f3micas impulsar proyectos para el bien p\u00fablico, especialmente en lo referente a la industria popular. As\u00ed lo indicaba Diego Jos\u00e9 C\u00e1diz en su <em>Alocuci\u00f3n<\/em>, quien aseguraba que promover la industria popular \u201cevitar\u00e1 la ociosidad perniciosa, florecer\u00e1n las Artes con el crecido n\u00famero de art\u00edfices, tendr\u00e1 conocido aumento la Agricultura, ser\u00e1n m\u00e1s los verdaderos sabios, menos los delincuentes y viciosos; y notable el provecho que al com\u00fan de este conjunto se le siga\u201d.<\/p>\n<p style=\"text-align: justify;\">En el caso de la Sociedad Econ\u00f3mica de Motril, la instituci\u00f3n contaba con tres clases de socios: \u201cHonorarios\u201d, \u201cNumerarios\u201d y \u201cCorrespondientes\u201d as\u00ed como con las figuras oficiales de: Director, Secretario, Censor, Tesorero y; por \u00faltimo, Contador. Adem\u00e1s, ostentaba nombramientos para sustitutos en caso de que alguno de los oficiales titulares de la Sociedad no pudiese asumir su cargo. Sin embargo, la particularidad de esta Sociedad Econ\u00f3mica resid\u00eda en el poder que ostentaba la junta extraordinaria, siendo \u00e9ste un rasgo particular que en la pr\u00e1ctica supon\u00eda eliminar el poder de decisi\u00f3n de los socios en favor de un grupo restringido de eclesi\u00e1sticos.<\/p>\n<p style=\"text-align: justify;\">A imagen de otras Sociedades del Reino de Granada, caso de Vera o Almu\u00f1\u00e9car, la motrile\u00f1a fundamentaba su organizaci\u00f3n en base a unas comisiones que se encargaban de abordar diferentes \u00e1mbitos, todos ellos relacionados con los objetivos fundacionales de la instituci\u00f3n: a) Educaci\u00f3n, crianza de los ni\u00f1os y \u201cpesquisa de vagos, ociosos y mal-entretenidos\u201d; b) \u201cSobre cu\u00e1nto puede contribuir a la mayor prosperidad del fruto del az\u00facar, s\u00ed en los ingenios o f\u00e1bricas como en el cultivo de las ca\u00f1as\u201d; c) \u201cSobre el fomento y extensi\u00f3n de las sementeras de todo g\u00e9nero de pan y plantas hilables\u201d; d) \u201cDe lo mismo por lo que respecta a plant\u00edo de vi\u00f1as y de \u00e1rboles\u201d; e) \u201cIndagaci\u00f3n de minas\u2026 piedras apreciables\u2026 carb\u00f3n\u2026 y de plantas \u00fatiles en la medicina o para tintes\u201d; f) \u201cSobre el fomento de las artes, oficios y manufacturas\u201d; g) \u201cSobre la pesca y comercio interno y externo\u201d y; por \u00faltimo, h) \u201cSobre el fomento de la cr\u00eda de ganados y colmenas\u201d. Esta divisi\u00f3n de las comisiones gener\u00f3 la oposici\u00f3n de la Real Sociedad Matritense, modelo del resto de Sociedades Econ\u00f3micas desde su fundaci\u00f3n, al observarla como poco met\u00f3dica y demasiado arbitraria.<\/p>\n<p style=\"text-align: justify;\">Desde un punto de vista econ\u00f3mico, la sociedad de Motril se encontraba, durante todo el siglo XVIII, tratando de superar una crisis provocada por la epidemia de peste de 1679. As\u00ed, el siglo XVIII se inici\u00f3 con un repunte en la industria azucarera en el espacio motrile\u00f1o, si bien a lo largo del siglo se produjeron los peores momentos debido a la degeneraci\u00f3n de la planta, la alta presi\u00f3n fiscal que gravaba la producci\u00f3n azucarera, las continuas heladas y la competencia del az\u00facar de las colonias. Unos hechos que desembocar\u00e1n en la pr\u00e1ctica desaparici\u00f3n de la planta de la vega motrile\u00f1a hacia 1800.<\/p>\n<p style=\"text-align: justify;\">Frente a esta situaci\u00f3n, a instancias de la Sociedad Econ\u00f3mica de Amigos del Pa\u00eds de Motril se incentiv\u00f3 el cultivo del arroz, en un primer momento, as\u00ed como del algod\u00f3n, desarroll\u00e1ndose hasta mediados de la centuria siguiente. En este momento, la aparici\u00f3n de la tecnolog\u00eda del vapor aplicada a la fabricaci\u00f3n de az\u00facar hizo renacer una industria azucarera olvidada en la ciudad dando, a su vez, lugar al nacimiento de una nueva burgues\u00eda mercantil.<\/p>\n<p style=\"text-align: justify;\">Los establecimientos societarios surgidos durante la segunda mitad del siglo XVIII desarrollaron, adem\u00e1s de proyectos econ\u00f3micos, iniciativas educativas dirigidas al bien p\u00fablico. En este sentido, cabe se\u00f1alar el intento de la Sociedad de Amantes de la Patria motrile\u00f1a de establecer una Escuela de Agricultura para poder dar respuesta a las necesidades econ\u00f3micas de la localidad. Se pretend\u00eda, mediante esta Escuela, la ense\u00f1anza a labradores y jornaleros de las t\u00e9cnicas agr\u00edcolas m\u00e1s innovadoras para mejorar los cultivos y, en consecuencia, modificar la producci\u00f3n agraria. Sin embargo, pese al apoyo de las instituciones mon\u00e1rquicas, desde el Ayuntamiento motrile\u00f1o no se sustent\u00f3 la propuesta realizada por Pedro Torres cayendo finalmente la propuesta en un oscuro vac\u00edo por el que nunca vio la luz.<\/p>\n<p style=\"text-align: justify;\">En conclusi\u00f3n, como se\u00f1alan algunos autores, la Real Sociedad Econ\u00f3mica de Amigos del Pa\u00eds de Motril supuso un fracaso notable, principalmente debido a que sus proyectos ilustrados no acabaron por consumarse. De hecho, nunca lleg\u00f3 la instituci\u00f3n a implantarse con fuerza en el territorio, probablemente derivado de su tard\u00eda fundaci\u00f3n, llegando incluso a desaparecer antes de reaparecer nuevamente en 1820 para dejar definitivamente de existir despu\u00e9s de 1835.<\/p>\n<p>\u00a0<\/p>\n<p style=\"text-align: right;\">Autor: <a href=\"https:\/\/grupo.us.es\/encrucijada\/tag\/alvaro-chaparro-sainz\/\" target=\"_blank\" rel=\"noopener\">\u00c1lvaro Chaparro Sainz<\/a><\/p>\n<hr \/>\n<h4><strong>Bibliograf\u00eda <\/strong><\/h4>\n<p style=\"text-align: justify;\">AGUILAR PI\u00d1AL, Francisco, <em>La Espa\u00f1a del absolutismo ilustrado<\/em>, Colecci\u00f3n Austral, Espasa, 2005.<\/p>\n<p style=\"text-align: justify;\">ARIAS DE SAAVEDRA AL\u00cdAS, Inmaculada, \u201cLas Sociedades Econ\u00f3micas de Amigos del Pa\u00eds. Proyecto y realidad en la Espa\u00f1a de la Ilustraci\u00f3n\u201d, en <em>Obradoiro de Historia Moderna<\/em>, 21, 2012, pp. 219-245.<\/p>\n<p style=\"text-align: justify;\">ARIAS DE SAAVEDRA AL\u00cdAS, Inmaculada, \u201cLas Sociedades Econ\u00f3micas de Amigos del Pa\u00eds en Andaluc\u00eda\u201d, en <em>Chronica Nova<\/em>, 28, 2001, pp. 9-47.<\/p>\n<p style=\"text-align: justify;\">CASTELLANO CASTELLANO, Juan Luis, <em>Luces y reformismo. Las Sociedades Econ\u00f3micas de Amigos del Pa\u00eds del Reino de Granada en el siglo XVIII<\/em>, Granada, Diputaci\u00f3n Provincial de Granada, 1984.<\/p>\n<p style=\"text-align: justify;\">CASTELLANO CASTELLANO, Juan Luis, <em>El Siglo de las Luces: agricultura y sociedad motrile\u00f1a<\/em>, Biblioteca Motril, 2011.<\/p>\n<p style=\"text-align: justify;\">CHECA GODOY, Antonio, \u201cPol\u00edticos y periodistas: Apuntes sobre el poder en el Motril contempor\u00e1neo\u201d, en <em>Trocadero: Revista de historia moderna y contempor\u00e1nea<\/em>, 5, 1993, pp. 335-352.<\/p>\n<p style=\"text-align: justify;\">DEMERSON, Paula de, DEMERSON, Jorge y AGUILAR PI\u00d1AL, Francisco, <em>Las Sociedades Econ\u00f3micas de Amigos del Pa\u00eds en el siglo XVIII. Gu\u00eda del investigador<\/em>, San Sebasti\u00e1n, Gr\u00e1ficas Izarra, 1974.<\/p>\n<\/div>\n\n\n\n<div class=\"wp-block-column is-layout-flow wp-block-column-is-layout-flow\" style=\"flex-basis:33.33%\">        <div class=\"wp-block-visual-portfolio\">\n            \n<div class=\"vp-portfolio vp-uid-a228301a vp-id-2qk8XM\"\n    data-vp-layout=\"masonry\" data-vp-items-style=\"emerge\" data-vp-items-click-action=\"popup_gallery\" data-vp-items-gap=\"15\" data-vp-items-gap-vertical=\"\" data-vp-pagination=\"load-more\" data-vp-next-page-url=\"\" data-vp-masonry-columns=\"1\" >\n    <div class=\"vp-portfolio__preloader-wrap\">\n        <div class=\"vp-portfolio__preloader\">\n            <img decoding=\"async\" loading=\"eager\" src=\"https:\/\/grupo.us.es\/encrucijada\/wp-content\/plugins\/visual-portfolio\/assets\/images\/logo-dark.svg\" alt=\"Visual Portfolio, Posts &amp; Image Gallery para WordPress\" width=\"20\" height=\"20\" data-skip-lazy>\n        <\/div>\n    <\/div>\n        <div class=\"vp-portfolio__items-wrap\">\n            \n<div class=\"vp-portfolio__items vp-portfolio__items-style-emerge vp-portfolio__items-show-overlay-hover vp-portfolio__items-show-img-overlay-hover\">\n\n        <div class=\"vp-portfolio__item-wrap vp-portfolio__item-uid-c95e6696\" data-vp-filter=\"\">\n                        <div class=\"vp-portfolio__item-popup\"\n                style=\"display: none;\"\n                data-vp-popup-img=\"https:\/\/grupo.us.es\/encrucijada\/wp-content\/uploads\/2022\/06\/motril1.jpg\"\n                data-vp-popup-img-srcset=\"\"\n                data-vp-popup-img-size=\"943x1146\"\n                data-vp-popup-md-img=\"https:\/\/grupo.us.es\/encrucijada\/wp-content\/uploads\/2022\/06\/motril1.jpg\"\n                data-vp-popup-md-img-size=\"943x1146\"\n                data-vp-popup-sm-img=\"https:\/\/grupo.us.es\/encrucijada\/wp-content\/uploads\/2022\/06\/motril1.jpg\"\n                data-vp-popup-sm-img-size=\"943x1146\"\n            >\n                                    <h3 class=\"vp-portfolio__item-popup-title\">Diego Jos\u00e9 de C\u00e1diz, Alocuci\u00f3n o discurso pol\u00edtico moral con que el R.P. Fr. Diego Joseph de C\u00e1diz, misionero apost\u00f3lico del Orden de Menores Capuchinos exhort\u00f3 al m\u00e1s exacto desempe\u00f1o de las obligaciones que por su cargo pertenecen a la Real Sociedad Patri\u00f3tica de Amantes del Pa\u00eds de la ciudad de Motril, M\u00e1laga, 1789<\/h3>\n                                        <div class=\"vp-portfolio__item-popup-description\">Diego Jos\u00e9 de C\u00e1diz, Alocuci\u00f3n o discurso pol\u00edtico moral con que el R.P. Fr. Diego Joseph de C\u00e1diz, misionero apost\u00f3lico del Orden de Menores Capuchinos exhort\u00f3 al m\u00e1s exacto desempe\u00f1o de las obligaciones que por su cargo pertenecen a la Real Sociedad Patri\u00f3tica de Amantes del Pa\u00eds de la ciudad de Motril, M\u00e1laga, 1789. Fuente: BNE, 2\/52005(7) (http:\/\/bdh.bne.es\/bnesearch\/detalle\/bdh0000093729)<\/div>\n                                <\/div>\n                                    <figure class=\"vp-portfolio__item\">\n                \n<div class=\"vp-portfolio__item-img-wrap\">\n    <div class=\"vp-portfolio__item-img\">\n        <a  href=\"https:\/\/grupo.us.es\/encrucijada\/wp-content\/uploads\/2022\/06\/motril1.jpg\" >\n        <img loading=\"lazy\" decoding=\"async\" width=\"943\" height=\"1146\" src=\"https:\/\/grupo.us.es\/encrucijada\/wp-content\/uploads\/2022\/06\/motril1.jpg\" class=\"wp-image-1611\" alt=\"\" \/>\n        <div class=\"vp-portfolio__item-img-overlay\"><\/div>\n\n        <\/a>    <\/div>\n<\/div>\n\n<figcaption class=\"vp-portfolio__item-overlay vp-portfolio__item-align-center\">\n            <div class=\"vp-portfolio__item-meta-wrap vp-portfolio__custom-scrollbar\">\n            <div class=\"vp-portfolio__item-meta\">\n                \n<h2 class=\"vp-portfolio__item-meta-title\">\n    <a  href=\"https:\/\/grupo.us.es\/encrucijada\/wp-content\/uploads\/2022\/06\/motril1.jpg\" >Diego Jos\u00e9 de C\u00e1diz, Alocuci\u00f3n o discurso pol\u00edtico moral con que el R.P. Fr. Diego Joseph de C\u00e1diz, misionero apost\u00f3lico del Orden de Menores Capuchinos exhort\u00f3 al m\u00e1s exacto desempe\u00f1o de las obligaciones que por su cargo pertenecen a la Real Sociedad Patri\u00f3tica de Amantes del Pa\u00eds de la ciudad de Motril, M\u00e1laga, 1789<\/a><\/h2>\n            <\/div>\n        <\/div>\n    <\/figcaption>\n            <\/figure>\n                    <\/div>\n        \n<\/div>\n        <\/div>\n        \n<\/div>\n        <\/div>\n        <\/div>\n<\/div>\n","protected":false},"excerpt":{"rendered":"<p>Durante la segunda mitad del siglo XVIII, el reformismo borb\u00f3nico instaurado por la nueva dinast\u00eda trajo consigo el surgimiento, entre otros establecimientos de corte intelectual y societario, de las denominadas Sociedades Econ\u00f3micas de Amigos del Pa\u00eds. En el \u00e1mbito andaluz, el movimiento ilustrado vivi\u00f3 uno de los procesos de creaci\u00f3n de sociedades patri\u00f3ticas m\u00e1s activos [&hellip;]<\/p>\n","protected":false},"author":1,"featured_media":1611,"comment_status":"closed","ping_status":"","sticky":false,"template":"","format":"standard","meta":{"_vp_format_video_url":"","_vp_image_focal_point":[],"footnotes":""},"categories":[121,5],"tags":[157],"class_list":["post-1610","post","type-post","status-publish","format-standard","has-post-thumbnail","hentry","category-instituciones-ilustradas","category-politica-instituciones","tag-alvaro-chaparro-sainz","entry","has-media"],"_links":{"self":[{"href":"https:\/\/grupo.us.es\/encrucijada\/wp-json\/wp\/v2\/posts\/1610","targetHints":{"allow":["GET"]}}],"collection":[{"href":"https:\/\/grupo.us.es\/encrucijada\/wp-json\/wp\/v2\/posts"}],"about":[{"href":"https:\/\/grupo.us.es\/encrucijada\/wp-json\/wp\/v2\/types\/post"}],"author":[{"embeddable":true,"href":"https:\/\/grupo.us.es\/encrucijada\/wp-json\/wp\/v2\/users\/1"}],"replies":[{"embeddable":true,"href":"https:\/\/grupo.us.es\/encrucijada\/wp-json\/wp\/v2\/comments?post=1610"}],"version-history":[{"count":2,"href":"https:\/\/grupo.us.es\/encrucijada\/wp-json\/wp\/v2\/posts\/1610\/revisions"}],"predecessor-version":[{"id":1616,"href":"https:\/\/grupo.us.es\/encrucijada\/wp-json\/wp\/v2\/posts\/1610\/revisions\/1616"}],"wp:featuredmedia":[{"embeddable":true,"href":"https:\/\/grupo.us.es\/encrucijada\/wp-json\/wp\/v2\/media\/1611"}],"wp:attachment":[{"href":"https:\/\/grupo.us.es\/encrucijada\/wp-json\/wp\/v2\/media?parent=1610"}],"wp:term":[{"taxonomy":"category","embeddable":true,"href":"https:\/\/grupo.us.es\/encrucijada\/wp-json\/wp\/v2\/categories?post=1610"},{"taxonomy":"post_tag","embeddable":true,"href":"https:\/\/grupo.us.es\/encrucijada\/wp-json\/wp\/v2\/tags?post=1610"}],"curies":[{"name":"wp","href":"https:\/\/api.w.org\/{rel}","templated":true}]}}