{"id":1594,"date":"2022-06-08T07:37:01","date_gmt":"2022-06-08T07:37:01","guid":{"rendered":"https:\/\/grupo.us.es\/encrucijada\/?p=1594"},"modified":"2022-06-10T08:39:19","modified_gmt":"2022-06-10T08:39:19","slug":"real-academia-sevillana-de-buenas-letras","status":"publish","type":"post","link":"https:\/\/grupo.us.es\/encrucijada\/real-academia-sevillana-de-buenas-letras\/","title":{"rendered":"Real Academia Sevillana de Buenas Letras"},"content":{"rendered":"\n<div class=\"wp-block-columns is-layout-flex wp-container-core-columns-is-layout-9d6595d7 wp-block-columns-is-layout-flex\">\n<div class=\"wp-block-column is-layout-flow wp-block-column-is-layout-flow\" style=\"flex-basis:66.66%\">\n<p style=\"text-align: justify;\">Al albor de los preceptos ilustrados que se desarrollaron en el conjunto de la Monarqu\u00eda hisp\u00e1nica, durante preferentemente la segunda mitad del siglo XVIII, se fund\u00f3 la Real Academia Sevillana de Buenas Letras. Nacida en 1751, se concibi\u00f3 con el claro prop\u00f3sito de constituirse en un establecimiento del que \u201cirradiase la luz del saber, en honra y provecho de las ciencias y de las letras patrias\u201d, as\u00ed como que contribuyese \u201ca ilustrar la historia de Sevilla y de la regi\u00f3n andaluza\u201d. De esta manera, la Real Academia Sevillana de Buenas Letras fue fundada por el capell\u00e1n real don Luis Germ\u00e1n y Rib\u00f3n, llegando a desarrollarse su acto fundacional en su propia residencia sevillana de la calle Abades.<\/p>\n<p style=\"text-align: justify;\">El primer encuentro tras el cual se instituy\u00f3 la Academia de Buenas Letras, como se menciona en las <em>Memorias Literarias<\/em> publicadas por la instituci\u00f3n en el a\u00f1o 1773, reuni\u00f3 al propio Luis Germ\u00e1n Rib\u00f3n, a Francisco Laso de la Vega, presb\u00edtero y beneficiado de la parroquia de San Pedro; Jos\u00e9 de Narbona, presb\u00edtero; Jos\u00e9 de Cevallos, presb\u00edtero; Diego Alejandro de G\u00e1lvez, presb\u00edtero y bibliotecario de la Catedral; Alonso Carrillo y Aguilar, caballerizo de campo de S. M.; Livino Ignacio Leyrens y Peellart, anticuario, coleccionista y Director de la Real Compa\u00f1\u00eda de San Fernando; Francisco de Paula Baquero, revisor del Santo Oficio de la Inquisici\u00f3n; Felipe Fernando O\u00b4conry y Keating, diplom\u00e1tico, intendente y Secretario del Rey y a Fernando Salvador de Narbona, presb\u00edtero y abogado de los reales consejos.<\/p>\n<p style=\"text-align: justify;\">Adem\u00e1s de estos individuos, formaron parte del cuerpo de fundadores de la Academia agentes como Diego Alejandro de G\u00e1lvez Calzado, bibliotecario mayor de la Santa Iglesia Catedral Metropolitana de Sevilla; Francisco de Paula Baquero, sacerdote y compa\u00f1ero de estudios de Luis Germ\u00e1n y Rib\u00f3n; Lorenzo del R\u00edo Estrada, capell\u00e1n mayor de los Reales Alc\u00e1zares; Miguel S\u00e1nchez L\u00f3pez, sacerdote de la localidad de Chucena; Francisco Buend\u00eda Ponce, m\u00e9dico de C\u00e1mara de S. M.; Sebasti\u00e1n Antonio de Cort\u00e9s, abogado de los Reales Consejos; Gaspar Rivero de Torres, contador de Superintendencia General y de la Real Audiencia y, finalmente, Juan S\u00e1nchez Reciente, matem\u00e1tico y sacerdote, siendo adem\u00e1s titular de la C\u00e1tedra de Navegaci\u00f3n y Artiller\u00eda en el Real Colegio Seminario de San Telmo.<\/p>\n<p style=\"text-align: justify;\">Al a\u00f1o de su fundaci\u00f3n, Fernando VI concedi\u00f3 a la instituci\u00f3n la protecci\u00f3n real, as\u00ed como su emblema, un olivo cargado de frutos, que ir\u00eda acompa\u00f1ado del lema <em>Minervae Baeticae<\/em>. Tradicionalmente, los miembros de esta Academia de Buenas Letras se reun\u00edan semanalmente, siendo la mayor parte de sus miembros acad\u00e9micos ilustrados e innovadores, respetuosos de las tradiciones y los sentimientos religiosos que buscaban la precisi\u00f3n hist\u00f3rica. No en vano, reconoc\u00edan, entre sus principales objetivos, que \u201cno pretenden destruir nada, sino construir la aut\u00e9ntica historia de Espa\u00f1a\u201d.<\/p>\n<p style=\"text-align: justify;\">En este sentido, las personas que se congregaron, durante las primeras d\u00e9cadas, en torno a la Real Academia de Buenas Letras de Sevilla lo hicieron posteriormente en la Real Sociedad Econ\u00f3mica de Amigos del Pa\u00eds de la ciudad, fundada en 1775, reafirmando de este modo su inter\u00e9s por los espacios de sociabilidad ilustrados. As\u00ed, desde la Sociedad Econ\u00f3mica de Sevilla se emiti\u00f3 un manifiesto en el que se incitaba a \u201cque se le d\u00e9 cuenta a la Real Academia de Bellas Letras de esta ciudad de la aprobaci\u00f3n de los estatutos, y se le manifieste, que cualquier individuo suyo, que quiera serlo de este Cuerpo, ser\u00e1 admitido en \u00e9l\u201d. De este modo, la Academia de Buenas Letras se insertaba en un contexto intelectual sevillano en el que emerger\u00edan m\u00e1s instituciones durante la segunda mitad del siglo XVIII, siendo el caso de la Real Escuela de las Tres Nobles Artes (1775), la Academia de los Horacianos (1788-1791) o la Academia de las Letras Humanas (1793-1801).<\/p>\n<p style=\"text-align: justify;\">En este contexto intelectual, apenas dos a\u00f1os m\u00e1s tarde de la fundaci\u00f3n de la Real Academia de Buenas Letras se produjo el solemne acto de presentaci\u00f3n de la instituci\u00f3n en los Reales Alc\u00e1zares sevillanos mediante la celebraci\u00f3n de una disertaci\u00f3n del Director, el mencionado Luis Germ\u00e1n y Rib\u00f3n, titulada: \u201cLas utilidades que resultan de los cuerpos acad\u00e9micos\u201d, en clara alocuci\u00f3n a una realidad latente en el seno de la sociedad sevillana.<\/p>\n<p style=\"text-align: justify;\">En relaci\u00f3n con la composici\u00f3n social de la instituci\u00f3n, los <em>Estatutos<\/em> recog\u00edan que la Real Academia Sevillana de Buenas Letras pod\u00eda contar con treinta acad\u00e9micos de N\u00famero, una figura en el cuerpo de miembros que recog\u00edan igualmente otras instituciones societarias creadas en la \u00e9poca. Asimismo, exist\u00edan otras posibles figuras para completar el cuerpo de socios, caso de los acad\u00e9micos de Honor, vinculados con relevantes m\u00e9ritos, o Correspondientes, figura destinada a quienes resid\u00edan fuera de Sevilla pero que realizaban labores cient\u00edficas y culturales para la instituci\u00f3n.<\/p>\n<p style=\"text-align: justify;\">En este contexto, algunas de las personalidades que formaron, durante los primeros a\u00f1os de existencia, la Real Academia fueron cl\u00e9rigos como Jos\u00e9 Cevallos, Domingo Morico, C\u00e1ndido Mar\u00eda Trigueros o el mencionado Luis Germ\u00e1n y Rib\u00f3n; juristas como Bartolom\u00e9 Romero Gonz\u00e1lez o Sebasti\u00e1n Antonio de Cortes, m\u00e9dicos como Crist\u00f3bal Nieto de Pi\u00f1a o Bonifacio Xim\u00e9nez de Lorite, literatos como C\u00e1ndido Mar\u00eda Trigueros, Jos\u00e9 Blanco White, Pablo Forner, Manuel Mar\u00eda del M\u00e1rmol o eruditos de otras disciplinas como Alberto Lista, Jos\u00e9 de Cevallos, Tom\u00e1s Antonio de G\u00faseme, Antonio Jacobo del Barco y Juan Antonio Lorente.<\/p>\n<p style=\"text-align: justify;\">En el primer art\u00edculo de los <em>Estatutos<\/em> fundacionales de la instituci\u00f3n se estableci\u00f3 c\u00f3mo el objetivo preferente de la Academia sevillana ser\u00eda el de \u201cfacilitar los medios de una instrucci\u00f3n general\u201d que, a su vez, se concretar\u00eda en habilitar \u201ca sus individuos para que adquieran las correspondientes luces, comunic\u00e1ndola tambi\u00e9n a otros a su tiempo y aspirando a una Enciclopedia universal\u201d. Destacaron, entre sus principales publicaciones, la edici\u00f3n en 1773, por Jos\u00e9 Padrino, de las <em>Memorias de la Real Academia Sevillana de Buenas Letra<\/em>s. Sin embargo, como consecuencia de problemas econ\u00f3micos de la instituci\u00f3n, \u00e9sta no pudo hacer frente a nuevas publicaciones durante las primeras d\u00e9cadas de vida.<\/p>\n<p style=\"text-align: justify;\">Los ejes centrales que estructuraron la producci\u00f3n de la Academia Sevillana de Buenas Letras fueron, preferentemente, la historia, derivada probablemente por su excelente relaci\u00f3n con la Real Academia de la Historia. Especialmente en sus or\u00edgenes, la instituci\u00f3n estuvo destinada particularmente al conocimiento del pasado de la ciudad de Sevilla y del territorio andaluz, as\u00ed como de la historia eclesi\u00e1stica, habida cuenta del notable n\u00famero de miembros del clero que compon\u00edan la Academia. Con todo, progresivamente se fueron abordando otras tem\u00e1ticas m\u00e1s amplias, vinculadas a la filolog\u00eda, la literatura, el arte, la antropolog\u00eda o las ciencias.<\/p>\n<p style=\"text-align: justify;\">Los inicios del siglo XIX dentro de la Academia est\u00e1n jalonados por los intentos de reactivaci\u00f3n de las actividades literarias a trav\u00e9s de \u201cconferencias\u201d, as\u00ed como de premios destinados a j\u00f3venes escritores. Pese a los esfuerzos, la propia Academia reconoci\u00f3 el 18 de enero de 1805 que no hubo respuesta al llamamiento de la convocatoria. Unas actividades, con escaso resultado en opini\u00f3n de la propia Academia, que cierran un periodo de la instituci\u00f3n que estuvo, adem\u00e1s, determinado por varios acontecimientos traum\u00e1ticos, caso del incendio acaecido en 1807 en la sede de la misma y, m\u00e1s particularmente, por las consecuencias de la invasi\u00f3n francesa de 1808 de las cuales la instituci\u00f3n no estuvo ajena.<\/p>\n<p style=\"text-align: justify;\">Unos acontecimientos b\u00e9licos que, definitivamente, provocaron, entre otros efectos, la dispersi\u00f3n de sus miembros en otros espacios geogr\u00e1ficos lo que, a su vez, traer\u00eda consigo un debilitamiento de la actividad cultural de la Real Academia Sevillana de Buenas Letras que no reanudar\u00eda sus actos con cierta normalidad hasta 1820.<\/p>\n<p>\u00a0<\/p>\n<p style=\"text-align: right;\">Autor: <a href=\"https:\/\/grupo.us.es\/encrucijada\/tag\/alvaro-chaparro-sainz\/\" target=\"_blank\" rel=\"noopener\">\u00c1lvaro Chaparro Sainz<\/a><\/p>\n<hr \/>\n<h4><strong>Bibliograf\u00eda<br \/><\/strong><\/h4>\n<p style=\"text-align: justify;\">AGUILAR PI\u00d1AL, Francisco,\u00a0<em>Don Manuel Mar\u00eda del M\u00e1rmol y la restauraci\u00f3n de la Real Academia Sevillana de Buenas Letras<\/em>, Sevilla, 1965.<\/p>\n<p style=\"text-align: justify;\">AGUILAR PI\u00d1AL, Francisco,\u00a0<em>La Real Academia\u00a0Sevillana de Buenas Letras en el siglo XVIII<\/em>, Madrid, Consejo Superior de Investigaciones Cient\u00edficas, 1966.<\/p>\n<p style=\"text-align: justify;\">FOMBUENA FILPO, Vicente, \u201cLa Real Academia Sevillana de Buenas Letras en el siglo XVIII: inter\u00e9s por las humanidades y su ense\u00f1anza\u201d, en <em>Cuestiones pedag\u00f3gicas: Revista de ciencias de la educaci\u00f3n<\/em>, 13, 1997, pp. 175-184.<\/p>\n<p style=\"text-align: justify;\">GONZ\u00c1LEZ JIM\u00c9NEZ, Manuel,\u00a0<em>La Real Academia\u00a0Sevillana de Buenas Letras<\/em>, Instituto de Espa\u00f1a, Madrid , 2009.<\/p>\n<p style=\"text-align: justify;\">PADRINO, Jos\u00e9, (ed.),<em> Memorias de la Real Academia Sevillana de Buenas Letra<\/em>s, Real Academia Sevillana de Buenas Letras, 1773.<\/p>\n<p style=\"text-align: justify;\">VEGA VIGUERA, Enrique de la,\u00a0<em>Historia resumida de la Real Academia Sevillana de Buenas Letras<\/em>, Sevilla, Real Academia Sevillana de Buenas Letras y Fundaci\u00f3n El Monte, 1998.<\/p>\n<\/div>\n\n\n\n<div class=\"wp-block-column is-layout-flow wp-block-column-is-layout-flow\" style=\"flex-basis:33.33%\">        <div class=\"wp-block-visual-portfolio\">\n            \n<div class=\"vp-portfolio vp-uid-eb2271d5 vp-id-1Qbggl\"\n    data-vp-layout=\"masonry\" data-vp-items-style=\"emerge\" data-vp-items-click-action=\"popup_gallery\" data-vp-items-gap=\"15\" data-vp-items-gap-vertical=\"\" data-vp-pagination=\"load-more\" data-vp-next-page-url=\"\" data-vp-masonry-columns=\"1\" >\n    <div class=\"vp-portfolio__preloader-wrap\">\n        <div class=\"vp-portfolio__preloader\">\n            <img decoding=\"async\" loading=\"eager\" src=\"https:\/\/grupo.us.es\/encrucijada\/wp-content\/plugins\/visual-portfolio\/assets\/images\/logo-dark.svg\" alt=\"Visual Portfolio, Posts &amp; Image Gallery para WordPress\" width=\"20\" height=\"20\" data-skip-lazy>\n        <\/div>\n    <\/div>\n        <div class=\"vp-portfolio__items-wrap\">\n            \n<div class=\"vp-portfolio__items vp-portfolio__items-style-emerge vp-portfolio__items-show-overlay-hover vp-portfolio__items-show-img-overlay-hover\">\n\n        <div class=\"vp-portfolio__item-wrap vp-portfolio__item-uid-04ac96de\" data-vp-filter=\"\">\n                        <div class=\"vp-portfolio__item-popup\"\n                style=\"display: none;\"\n                data-vp-popup-img=\"https:\/\/grupo.us.es\/encrucijada\/wp-content\/uploads\/2022\/06\/academiasevilla1.jpeg\"\n                data-vp-popup-img-srcset=\"\"\n                data-vp-popup-img-size=\"1000x1255\"\n                data-vp-popup-md-img=\"https:\/\/grupo.us.es\/encrucijada\/wp-content\/uploads\/2022\/06\/academiasevilla1.jpeg\"\n                data-vp-popup-md-img-size=\"1000x1255\"\n                data-vp-popup-sm-img=\"https:\/\/grupo.us.es\/encrucijada\/wp-content\/uploads\/2022\/06\/academiasevilla1.jpeg\"\n                data-vp-popup-sm-img-size=\"1000x1255\"\n            >\n                                    <h3 class=\"vp-portfolio__item-popup-title\">D. Tom\u00e1s Andr\u00e9s de Gusseme<\/h3>\n                                        <div class=\"vp-portfolio__item-popup-description\">D. Tom\u00e1s Andr\u00e9s de Gusseme. Fuente: Biblioteca Digital de la Real Academia de la Historia, Dominio p\u00fablico (https:\/\/www.europeana.eu\/es\/item\/344\/https___bibliotecadigital_rah_es_es_consulta_registro_do_id_61775)<\/div>\n                                <\/div>\n                                    <figure class=\"vp-portfolio__item\">\n                \n<div class=\"vp-portfolio__item-img-wrap\">\n    <div class=\"vp-portfolio__item-img\">\n        <a  href=\"https:\/\/grupo.us.es\/encrucijada\/wp-content\/uploads\/2022\/06\/academiasevilla1.jpeg\" >\n        <img loading=\"lazy\" decoding=\"async\" width=\"1000\" height=\"1255\" src=\"https:\/\/grupo.us.es\/encrucijada\/wp-content\/uploads\/2022\/06\/academiasevilla1.jpeg\" class=\"wp-image-1595\" alt=\"\" \/>\n        <div class=\"vp-portfolio__item-img-overlay\"><\/div>\n\n        <\/a>    <\/div>\n<\/div>\n\n<figcaption class=\"vp-portfolio__item-overlay vp-portfolio__item-align-center\">\n            <div class=\"vp-portfolio__item-meta-wrap vp-portfolio__custom-scrollbar\">\n            <div class=\"vp-portfolio__item-meta\">\n                \n<h2 class=\"vp-portfolio__item-meta-title\">\n    <a  href=\"https:\/\/grupo.us.es\/encrucijada\/wp-content\/uploads\/2022\/06\/academiasevilla1.jpeg\" >D. Tom\u00e1s Andr\u00e9s de Gusseme<\/a><\/h2>\n            <\/div>\n        <\/div>\n    <\/figcaption>\n            <\/figure>\n                    <\/div>\n        \n<\/div>\n        <\/div>\n        \n<\/div>\n        <\/div>\n        <\/div>\n<\/div>\n","protected":false},"excerpt":{"rendered":"<p>Al albor de los preceptos ilustrados que se desarrollaron en el conjunto de la Monarqu\u00eda hisp\u00e1nica, durante preferentemente la segunda mitad del siglo XVIII, se fund\u00f3 la Real Academia Sevillana de Buenas Letras. Nacida en 1751, se concibi\u00f3 con el claro prop\u00f3sito de constituirse en un establecimiento del que \u201cirradiase la luz del saber, en [&hellip;]<\/p>\n","protected":false},"author":1,"featured_media":1595,"comment_status":"closed","ping_status":"","sticky":false,"template":"","format":"standard","meta":{"_vp_format_video_url":"","_vp_image_focal_point":{"x":"0.52","y":"0.53"},"footnotes":""},"categories":[121,5],"tags":[157],"class_list":["post-1594","post","type-post","status-publish","format-standard","has-post-thumbnail","hentry","category-instituciones-ilustradas","category-politica-instituciones","tag-alvaro-chaparro-sainz","entry","has-media"],"_links":{"self":[{"href":"https:\/\/grupo.us.es\/encrucijada\/wp-json\/wp\/v2\/posts\/1594","targetHints":{"allow":["GET"]}}],"collection":[{"href":"https:\/\/grupo.us.es\/encrucijada\/wp-json\/wp\/v2\/posts"}],"about":[{"href":"https:\/\/grupo.us.es\/encrucijada\/wp-json\/wp\/v2\/types\/post"}],"author":[{"embeddable":true,"href":"https:\/\/grupo.us.es\/encrucijada\/wp-json\/wp\/v2\/users\/1"}],"replies":[{"embeddable":true,"href":"https:\/\/grupo.us.es\/encrucijada\/wp-json\/wp\/v2\/comments?post=1594"}],"version-history":[{"count":3,"href":"https:\/\/grupo.us.es\/encrucijada\/wp-json\/wp\/v2\/posts\/1594\/revisions"}],"predecessor-version":[{"id":1650,"href":"https:\/\/grupo.us.es\/encrucijada\/wp-json\/wp\/v2\/posts\/1594\/revisions\/1650"}],"wp:featuredmedia":[{"embeddable":true,"href":"https:\/\/grupo.us.es\/encrucijada\/wp-json\/wp\/v2\/media\/1595"}],"wp:attachment":[{"href":"https:\/\/grupo.us.es\/encrucijada\/wp-json\/wp\/v2\/media?parent=1594"}],"wp:term":[{"taxonomy":"category","embeddable":true,"href":"https:\/\/grupo.us.es\/encrucijada\/wp-json\/wp\/v2\/categories?post=1594"},{"taxonomy":"post_tag","embeddable":true,"href":"https:\/\/grupo.us.es\/encrucijada\/wp-json\/wp\/v2\/tags?post=1594"}],"curies":[{"name":"wp","href":"https:\/\/api.w.org\/{rel}","templated":true}]}}