{"id":1396,"date":"2022-05-23T16:35:07","date_gmt":"2022-05-23T16:35:07","guid":{"rendered":"https:\/\/grupo.us.es\/encrucijada\/?p=1396"},"modified":"2022-06-15T16:43:08","modified_gmt":"2022-06-15T16:43:08","slug":"las-milicias-concejiles-en-la-andalucia-moderna","status":"publish","type":"post","link":"https:\/\/grupo.us.es\/encrucijada\/las-milicias-concejiles-en-la-andalucia-moderna\/","title":{"rendered":"Las milicias concejiles en la Andaluc\u00eda moderna"},"content":{"rendered":"\n<div class=\"wp-block-columns is-layout-flex wp-container-core-columns-is-layout-9d6595d7 wp-block-columns-is-layout-flex\">\n<div class=\"wp-block-column is-layout-flow wp-block-column-is-layout-flow\" style=\"flex-basis:66.66%\">\n<p style=\"text-align: justify;\">Por milicia concejil o local entendemos a aquella fuerza que, sin ser profesional y con un mayor o menor grado de adiestramiento, es llevada a participar en acciones militares tanto ofensivas como defensivas. Proven\u00edan de una misma jurisdicci\u00f3n y, sin ser esa su ocupaci\u00f3n principal, tomaban las armas por un tiempo determinado, volviendo a sus labores habituales cuando finalizase el servicio. Si bien sus caracter\u00edsticas m\u00e1s elementales quedaron ya estipuladas desde las Siete Partidas, encontramos distintas especificidades en estas formaciones en funci\u00f3n de su lugar de origen. El motivo de lo anterior radica en dos aspectos: la desigualdad entre ciudades en el Antiguo R\u00e9gimen en funci\u00f3n de sus privilegios y la capacidad de negociaci\u00f3n de su cabildo con la Corona u otras instituciones a las que quedase supeditado en materia militar. Adem\u00e1s, en Andaluc\u00eda podemos distinguir entre dos modelos de milicias locales: las del litoral y las del interior.<\/p>\n<p style=\"text-align: justify;\">Las milicias costeras ten\u00edan su raz\u00f3n de ser en las necesidades defensivas frente a los asaltos de peque\u00f1as flotas o de ataques m\u00e1s contundentes, como los de C\u00e1diz en 1596 o 1625. Con una finalidad exclusivamente defensiva, part\u00edan de la idea de que los naturales ten\u00edan que ocuparse de la defensa de su propio territorio. Repartidas por todo el limes mar\u00edtimo, eran movilizadas ante peligro de rebato costero y, aunque gozaban de cierta autonom\u00eda, lo habitual era que fueran coordinadas por el capit\u00e1n general del reino de Granada o el capit\u00e1n general de Costas de Andaluc\u00eda. Por otro lado, las milicias del interior se ubicaban en ciudades alejadas de la costa. Algunas, como las de Granada o Sevilla, deb\u00edan su existencia tanto a su potencial demogr\u00e1fico como al hecho de ser ciudades cabeza de partido y su relativa proximidad a la costa. En el caso de los reinos de Ja\u00e9n y de C\u00f3rdoba, prestaban servicio en condiciones muy concretas por su tradici\u00f3n militar y la debida obediencia al capit\u00e1n general \u2013que a menudo se reiteraba en sendas c\u00e9dulas reales enviadas a sus concejos\u2013. En estos casos, sus milicias no solo participaron en acciones defensivas, sino que en episodios como la Revuelta Mud\u00e9jar, la Jornada de Mazalquivir o la Guerra de la Alpujarra fueron movilizadas para presentar batalla o cerrar el cerco de una plaza. No obstante, lo m\u00e1s frecuente era que fuesen enviadas como socorro por peligro de rebato costero.<\/p>\n<p style=\"text-align: justify;\">A diferencia de lo que ocurri\u00f3 con la milicia general o las milicias provinciales, no tendremos un cuerpo legislativo que d\u00e9 uniformidad a las distintas compa\u00f1\u00edas que se formaron a lo largo de toda la Edad Moderna. Su tama\u00f1o era desigual y el n\u00famero de vecinos no siempre fue un factor determinante para estipular con cu\u00e1ntos milicianos ten\u00eda una ciudad la obligaci\u00f3n de servir. En este sentido, mientras que en la costa todos los naturales h\u00e1biles ten\u00edan la obligaci\u00f3n de tomar las armas, para las milicias del interior podemos hablar de servicios en funci\u00f3n de la costumbre, y es que, a pesar del crecimiento demogr\u00e1fico que buena parte de las ciudades andaluzas experimentaron en el Quinientos, sus milicias locales siguieron aportando un n\u00famero similar de soldados a los que enviaban a principios de siglo (salvo excepciones como la Guerra de la Alpujarra). Mientras ciudades como Sevilla o Granada pod\u00edan aportar varias compa\u00f1\u00edas de soldados, otras m\u00e1s peque\u00f1as fijaron su contribuci\u00f3n en una sola compa\u00f1\u00eda de 50 o 100 milicianos. Aunque pueda parecernos una cifra peque\u00f1a, supon\u00edan un importante a\u00f1adido a la guarnici\u00f3n de un punto estrat\u00e9gico que estuviese en peligro para colaborar en su defensa.<\/p>\n<p style=\"text-align: justify;\">Cuando sal\u00edan fuera de su ciudad de origen percib\u00edan un socorro, que les era entregado de manera irregular, para sustentarse mientras durase el servicio; un tiempo en el que desatend\u00edan sus labores en el campo, negocios, etc. Adem\u00e1s, dado que la mayor\u00eda de acciones eran defensivas, tampoco exist\u00eda el incentivo del bot\u00edn de guerra para alistar aventureros.<\/p>\n<p style=\"text-align: justify;\">En cuanto a los dirigentes de estas milicias, los regidores no sol\u00edan perder la oportunidad de ponerse al frente de sus compa\u00f1\u00edas como capitanes. M\u00e1s all\u00e1 del pago econ\u00f3mico que recibiesen, persegu\u00edan el prestigio que otorgaba el cargo y aprovechaban la oportunidad de marcar la diferencia no solo frente al com\u00fan de los vecinos, sino ante otros hidalgos que pod\u00edan ser llamados a combatir como un caballero m\u00e1s junto al resto de los pecheros.<\/p>\n<p style=\"text-align: justify;\">La formaci\u00f3n y el reclutamiento de la milicia concejil comenzaba desde que se recib\u00eda la alerta de peligro. No podemos hablar de un \u00fanico modelo dada la espontaneidad de su formaci\u00f3n y el funcionamiento heterog\u00e9neo a lo largo de las villas y ciudades. Ni el grado de control que ejerc\u00edan las autoridades locales sobre su milicia era igual ni lo eran aspectos como la voluntariedad u obligatoriedad del mismo. Tanto para las milicias del interior como para las del litoral el aviso sol\u00eda provenir de la autoridad militar competente (capit\u00e1n general). Una vez recibido, en cabildo se designaban algunos regidores y jurados como comisarios encargados de constituir la milicia de la ciudad y gestionarla. Era habitual que el alguacil y un escribano asistiesen a estos comisarios en sus tareas, que iban desde la organizaci\u00f3n de un alarde, si el tiempo de respuesta lo permit\u00eda, hasta su disoluci\u00f3n.<\/p>\n<p style=\"text-align: justify;\">El alarde permit\u00eda evaluar el estado en el que se encontraban los milicianos, entregar armas y comprobar su estado. En las milicias del interior, si no se eleg\u00eda a los vecinos mejor preparados en funci\u00f3n del alarde, lo frecuente era reclutarlos por parroquias o sortear el servicio. En todos estos casos encontraremos resistencias a formar parte de la milicia. Si bien en la costa el objetivo de defender sus hogares influ\u00eda en la disposici\u00f3n de los vecinos para tomar las armas, en el interior se percib\u00eda como un aut\u00e9ntico impuesto de sangre el tener que dejar las labores habituales, armarse y recorrer largas distancias. Algunas formas de resistencia eran no presentarse a los alardes, esconderse, la deserci\u00f3n \u2013el d\u00eda de salida de la compa\u00f1\u00eda, por el camino o en su destino\u2013 o el intento de quedar eximidos por haber servido recientemente, privilegio, pobreza, enfermedad, etc. En casos en los que la milicia se enfrentaba a un verdadero peligro, como la Guerra de la Alpujarra, incluso dentro de la regidur\u00eda hallamos casos manifiestos de resistencia para no servir como capitanes de la milicia local.<\/p>\n<p style=\"text-align: justify;\">La financiaci\u00f3n de la milicia, desde los socorros para la manutenci\u00f3n de la compa\u00f1\u00eda hasta la compra de armas y su mantenimiento, corr\u00edan a cargo de la poblaci\u00f3n de origen. A lo largo de la Edad Moderna hubo varios mecanismos para afrontar estos gastos, devenidos de negociaciones de la elite local con los capitanes generales o el propio monarca, que intentaban mantener el equilibrio entre minimizar los gastos y la prestaci\u00f3n de un servicio eficaz. Algunas de estas negociaciones se materializaron en la concesi\u00f3n de nuevos impuestos, la reducci\u00f3n de hombres con los que se deb\u00eda servir o del tiempo de servicio e incluso el pago a las milicias del interior. Ante casos apremiantes, se buscaba que la milicia saliese socorrida de la ciudad de origen y no era extra\u00f1o recurrir a prestamistas.<\/p>\n<p style=\"text-align: justify;\">Tanto los socorros como las pagas mencionadas se recib\u00edan de manera irregular y la dotaci\u00f3n te\u00f3rica casi siempre sobrepasaba el numerario real que recib\u00edan los milicianos. Lo anterior se deb\u00eda tanto a las deserciones acaecidas durante el servicio como a que se incumpl\u00eda el plazo de los pagos y no se pon\u00edan al d\u00eda m\u00e1s adelante. Ello redundaba en que algunos milicianos llegaban a endeudarse para poder mantenerse.<\/p>\n<p style=\"text-align: justify;\">La milicia concejil estuvo activa en Andaluc\u00eda durante los siglos XVI, XVII y buena parte del XVIII. Su papel en la defensa de la costa, salvo en asaltos de gran envergadura como los de 1596, 1625 o 1704, en plena Guerra de Sucesi\u00f3n, radic\u00f3 sobre todo en una labor disuasoria de las peque\u00f1as escuadras del corso.\u00a0 A lo largo de su existencia rodearon a la instituci\u00f3n distintos debates sobre la idoneidad de su existencia. Desde luego, el aspecto que sal\u00eda a colaci\u00f3n con m\u00e1s frecuencia era el temor por el peligro que pod\u00eda suponer armar al pueblo, algo que siempre arg\u00fc\u00edan los detractores de la milicia. Quienes confiaban en su valor como un recurso eficaz, o al menos econ\u00f3mico, intentaron paliar esta cr\u00edtica mediante medidas de mayor control sobre las armas que se entregaban o la proposici\u00f3n de nuevos proyectos que diesen una vuelta de tuerca al modelo.<\/p>\n<p style=\"text-align: justify;\">Tras la Guerra de Sucesi\u00f3n y el descenso de la actividad b\u00e9lica solo quedaron activas las milicias locales de C\u00e1diz y de la costa del reino de Granada. Estas milicias pervivieron incluso tras la creaci\u00f3n de las milicias provinciales de 1734, pero vieron su fin con la creaci\u00f3n de las milicias urbanas en el reinado de Carlos III, cuando qued\u00f3 desmantelado el sistema defensivo tradicional de la red de vig\u00edas, atajadores, etc. La milicia urbana ten\u00eda como objetivo reforzar la defensa de la costa y de las fronteras peninsulares, se constitu\u00eda con voluntarios y, desde 1767, sus milicianos quedaban exentos del sorteo de las milicias provinciales.<\/p>\n<p>\u00a0<\/p>\n<p style=\"text-align: right;\">Autor: <a href=\"https:\/\/grupo.us.es\/encrucijada\/tag\/jose-antonio-cano-arjona\/\" target=\"_blank\" rel=\"noopener\">Jos\u00e9 Antonio Cano Arjona<\/a><\/p>\n<hr \/>\n<h4><strong>B<\/strong><strong>ibliograf\u00eda<\/strong><\/h4>\n<p style=\"text-align: justify;\">CANO ARJONA, Jos\u00e9 Antonio, <em>Las milicias locales del reino de Ja\u00e9n en el siglo XVI: \u00dabeda, Baeza, Ja\u00e9n y Alcal\u00e1 la Real<\/em>, Granada, Trabajo de Fin de M\u00e1ster in\u00e9dito, 2020.<\/p>\n<p style=\"text-align: justify;\">CONTRERAS GAY, Jos\u00e9, <em>Las milicias provinciales en el Siglo XVIII. Estudio sobre los regimientos de Andaluc\u00eda<\/em>, Granada, Instituto de Estudios Almerienses, 1993.<\/p>\n<p style=\"text-align: justify;\">JIM\u00c9NEZ ESTRELLA, Antonio, \u201cLas milicias en Castilla: evoluci\u00f3n y proyecci\u00f3n social de un modelo de defensa alternativo al ej\u00e9rcito de los Austrias\u201d, en RUIZ IB\u00c1\u00d1EZ (coord.), <em>Las milicias del rey de Espa\u00f1a. Pol\u00edtica, sociedad e identidad en las Monarqu\u00edas Ib\u00e9ricas<\/em>, Madrid, Fondo de Cultura Econ\u00f3mica, 2009, pp. 72-103<\/p>\n<p style=\"text-align: justify;\">JIM\u00c9NEZ ESTRELLA, Antonio, <em>Poder, ej\u00e9rcito y gobierno en el siglo XVI. La Capitan\u00eda General del Reino de Granada y sus agentes<\/em>, Granada, Universidad de Granada, 2004.<\/p>\n<p style=\"text-align: justify;\">TEJADO BORJA, Rafael, \u201cGuerra y milicias en el Siglo de las Luces\u201d, en <em>Cuadernos dieciochistas<\/em>, 21, 2020, pp. 197-233<\/p>\n<\/div>\n\n\n\n<div class=\"wp-block-column is-layout-flow wp-block-column-is-layout-flow\" style=\"flex-basis:33.33%\">        <div class=\"wp-block-visual-portfolio\">\n            \n<div class=\"vp-portfolio vp-uid-85ed8133 vp-id-19sKjC\"\n    data-vp-layout=\"masonry\" data-vp-items-style=\"emerge\" data-vp-items-click-action=\"popup_gallery\" data-vp-items-gap=\"15\" data-vp-items-gap-vertical=\"\" data-vp-pagination=\"load-more\" data-vp-next-page-url=\"\" data-vp-masonry-columns=\"2\" >\n    <div class=\"vp-portfolio__preloader-wrap\">\n        <div class=\"vp-portfolio__preloader\">\n            <img decoding=\"async\" loading=\"eager\" src=\"https:\/\/grupo.us.es\/encrucijada\/wp-content\/plugins\/visual-portfolio\/assets\/images\/logo-dark.svg\" alt=\"Visual Portfolio, Posts &amp; Image Gallery para WordPress\" width=\"20\" height=\"20\" data-skip-lazy>\n        <\/div>\n    <\/div>\n        <div class=\"vp-portfolio__items-wrap\">\n            \n<div class=\"vp-portfolio__items vp-portfolio__items-style-emerge vp-portfolio__items-show-overlay-hover vp-portfolio__items-show-img-overlay-hover\">\n\n        <div class=\"vp-portfolio__item-wrap vp-portfolio__item-uid-ee2f8b40\" data-vp-filter=\"\">\n                        <div class=\"vp-portfolio__item-popup\"\n                style=\"display: none;\"\n                data-vp-popup-img=\"https:\/\/grupo.us.es\/encrucijada\/wp-content\/uploads\/2022\/05\/miliciasc2.jpg\"\n                data-vp-popup-img-srcset=\"\"\n                data-vp-popup-img-size=\"1181x1080\"\n                data-vp-popup-md-img=\"https:\/\/grupo.us.es\/encrucijada\/wp-content\/uploads\/2022\/05\/miliciasc2.jpg\"\n                data-vp-popup-md-img-size=\"1181x1080\"\n                data-vp-popup-sm-img=\"https:\/\/grupo.us.es\/encrucijada\/wp-content\/uploads\/2022\/05\/miliciasc2.jpg\"\n                data-vp-popup-sm-img-size=\"1181x1080\"\n            >\n                                    <h3 class=\"vp-portfolio__item-popup-title\">Itinerario seguido por la milicia de Alcal\u00e1 la Real, en 1573-1574, para la defensa de la costa del reino de Granada<\/h3>\n                                        <div class=\"vp-portfolio__item-popup-description\">Itinerario seguido por la milicia de Alcal\u00e1 la Real, en 1573-1574, para la defensa de la costa del reino de Granada. Fuente: Elaborado por Jos\u00e9 Antonio Cano Arjona.<\/div>\n                                <\/div>\n                                    <figure class=\"vp-portfolio__item\">\n                \n<div class=\"vp-portfolio__item-img-wrap\">\n    <div class=\"vp-portfolio__item-img\">\n        <a  href=\"https:\/\/grupo.us.es\/encrucijada\/wp-content\/uploads\/2022\/05\/miliciasc2.jpg\" >\n        <img loading=\"lazy\" decoding=\"async\" width=\"1181\" height=\"1080\" src=\"https:\/\/grupo.us.es\/encrucijada\/wp-content\/uploads\/2022\/05\/miliciasc2.jpg\" class=\"wp-image-1397\" alt=\"\" \/>\n        <div class=\"vp-portfolio__item-img-overlay\"><\/div>\n\n        <\/a>    <\/div>\n<\/div>\n\n<figcaption class=\"vp-portfolio__item-overlay vp-portfolio__item-align-center\">\n            <div class=\"vp-portfolio__item-meta-wrap vp-portfolio__custom-scrollbar\">\n            <div class=\"vp-portfolio__item-meta\">\n                \n<h2 class=\"vp-portfolio__item-meta-title\">\n    <a  href=\"https:\/\/grupo.us.es\/encrucijada\/wp-content\/uploads\/2022\/05\/miliciasc2.jpg\" >Itinerario seguido por la milicia de Alcal\u00e1 la Real, en 1573-1574, para la defensa de la costa del reino de Granada<\/a><\/h2>\n            <\/div>\n        <\/div>\n    <\/figcaption>\n            <\/figure>\n                    <\/div>\n        \n        <div class=\"vp-portfolio__item-wrap vp-portfolio__item-uid-ed257e67\" data-vp-filter=\"\">\n                        <div class=\"vp-portfolio__item-popup\"\n                style=\"display: none;\"\n                data-vp-popup-img=\"https:\/\/grupo.us.es\/encrucijada\/wp-content\/uploads\/2022\/06\/miliciasc1.jpg\"\n                data-vp-popup-img-srcset=\"\"\n                data-vp-popup-img-size=\"3000x4000\"\n                data-vp-popup-md-img=\"https:\/\/grupo.us.es\/encrucijada\/wp-content\/uploads\/2022\/06\/miliciasc1.jpg\"\n                data-vp-popup-md-img-size=\"3000x4000\"\n                data-vp-popup-sm-img=\"https:\/\/grupo.us.es\/encrucijada\/wp-content\/uploads\/2022\/06\/miliciasc1.jpg\"\n                data-vp-popup-sm-img-size=\"3000x4000\"\n            >\n                                    <h3 class=\"vp-portfolio__item-popup-title\">Muestra de un alarde en Alcal\u00e1 la Real (Ja\u00e9n), en 1597. Aparecen el nombre del vecino, la profesi\u00f3n y su armamento<\/h3>\n                                        <div class=\"vp-portfolio__item-popup-description\">Muestra de un alarde en Alcal\u00e1 la Real (Ja\u00e9n), en 1597. Aparecen el nombre del vecino, la profesi\u00f3n y su armamento. Fuente: Archivo Municipal de Alcal\u00e1 la Real, leg. 146, pieza 3<\/div>\n                                <\/div>\n                                    <figure class=\"vp-portfolio__item\">\n                \n<div class=\"vp-portfolio__item-img-wrap\">\n    <div class=\"vp-portfolio__item-img\">\n        <a  href=\"https:\/\/grupo.us.es\/encrucijada\/wp-content\/uploads\/2022\/06\/miliciasc1.jpg\" >\n        <img loading=\"lazy\" decoding=\"async\" width=\"3000\" height=\"4000\" src=\"https:\/\/grupo.us.es\/encrucijada\/wp-content\/uploads\/2022\/06\/miliciasc1.jpg\" class=\"wp-image-1601\" alt=\"\" \/>\n        <div class=\"vp-portfolio__item-img-overlay\"><\/div>\n\n        <\/a>    <\/div>\n<\/div>\n\n<figcaption class=\"vp-portfolio__item-overlay vp-portfolio__item-align-center\">\n            <div class=\"vp-portfolio__item-meta-wrap vp-portfolio__custom-scrollbar\">\n            <div class=\"vp-portfolio__item-meta\">\n                \n<h2 class=\"vp-portfolio__item-meta-title\">\n    <a  href=\"https:\/\/grupo.us.es\/encrucijada\/wp-content\/uploads\/2022\/06\/miliciasc1.jpg\" >Muestra de un alarde en Alcal\u00e1 la Real (Ja\u00e9n), en 1597. Aparecen el nombre del vecino, la profesi\u00f3n y su armamento<\/a><\/h2>\n            <\/div>\n        <\/div>\n    <\/figcaption>\n            <\/figure>\n                    <\/div>\n        \n        <div class=\"vp-portfolio__item-wrap vp-portfolio__item-uid-0450c5b1\" data-vp-filter=\"\">\n                        <div class=\"vp-portfolio__item-popup\"\n                style=\"display: none;\"\n                data-vp-popup-img=\"https:\/\/grupo.us.es\/encrucijada\/wp-content\/uploads\/2022\/05\/miliciasc4.jpg\"\n                data-vp-popup-img-srcset=\"\"\n                data-vp-popup-img-size=\"4000x3000\"\n                data-vp-popup-md-img=\"https:\/\/grupo.us.es\/encrucijada\/wp-content\/uploads\/2022\/05\/miliciasc4.jpg\"\n                data-vp-popup-md-img-size=\"4000x3000\"\n                data-vp-popup-sm-img=\"https:\/\/grupo.us.es\/encrucijada\/wp-content\/uploads\/2022\/05\/miliciasc4.jpg\"\n                data-vp-popup-sm-img-size=\"4000x3000\"\n            >\n                                    <h3 class=\"vp-portfolio__item-popup-title\">Torre de la Vela, en la Iglesia de la Encarnaci\u00f3n de Motril. Baluarte que da cuenta del uso defensivo que dio a la iglesia la poblaci\u00f3n local<\/h3>\n                                        <div class=\"vp-portfolio__item-popup-description\">Torre de la Vela, en la Iglesia de la Encarnaci\u00f3n de Motril. Baluarte que da cuenta del uso defensivo que dio a la iglesia la poblaci\u00f3n local. Fuente: Fotograf\u00eda de Jos\u00e9 Antonio Cano Arjona.<\/div>\n                                <\/div>\n                                    <figure class=\"vp-portfolio__item\">\n                \n<div class=\"vp-portfolio__item-img-wrap\">\n    <div class=\"vp-portfolio__item-img\">\n        <a  href=\"https:\/\/grupo.us.es\/encrucijada\/wp-content\/uploads\/2022\/05\/miliciasc4.jpg\" >\n        <img loading=\"lazy\" decoding=\"async\" width=\"4000\" height=\"3000\" src=\"https:\/\/grupo.us.es\/encrucijada\/wp-content\/uploads\/2022\/05\/miliciasc4.jpg\" class=\"wp-image-1398\" alt=\"\" \/>\n        <div class=\"vp-portfolio__item-img-overlay\"><\/div>\n\n        <\/a>    <\/div>\n<\/div>\n\n<figcaption class=\"vp-portfolio__item-overlay vp-portfolio__item-align-center\">\n            <div class=\"vp-portfolio__item-meta-wrap vp-portfolio__custom-scrollbar\">\n            <div class=\"vp-portfolio__item-meta\">\n                \n<h2 class=\"vp-portfolio__item-meta-title\">\n    <a  href=\"https:\/\/grupo.us.es\/encrucijada\/wp-content\/uploads\/2022\/05\/miliciasc4.jpg\" >Torre de la Vela, en la Iglesia de la Encarnaci\u00f3n de Motril. Baluarte que da cuenta del uso defensivo que dio a la iglesia la poblaci\u00f3n local<\/a><\/h2>\n            <\/div>\n        <\/div>\n    <\/figcaption>\n            <\/figure>\n                    <\/div>\n        \n        <div class=\"vp-portfolio__item-wrap vp-portfolio__item-uid-0eec7cbd\" data-vp-filter=\"\">\n                        <div class=\"vp-portfolio__item-popup\"\n                style=\"display: none;\"\n                data-vp-popup-img=\"https:\/\/grupo.us.es\/encrucijada\/wp-content\/uploads\/2022\/06\/miliciasc5.jpg\"\n                data-vp-popup-img-srcset=\"\"\n                data-vp-popup-img-size=\"2328x3643\"\n                data-vp-popup-md-img=\"https:\/\/grupo.us.es\/encrucijada\/wp-content\/uploads\/2022\/06\/miliciasc5.jpg\"\n                data-vp-popup-md-img-size=\"2328x3643\"\n                data-vp-popup-sm-img=\"https:\/\/grupo.us.es\/encrucijada\/wp-content\/uploads\/2022\/06\/miliciasc5.jpg\"\n                data-vp-popup-sm-img-size=\"2328x3643\"\n            >\n                                    <h3 class=\"vp-portfolio__item-popup-title\">Lista y socorro de 40 milicianos de Alcal\u00e1 la Real (Ja\u00e9n) en el Castillo de la R\u00e1bita (La R\u00e1bita, Albu\u00f1ol, Granada).<\/h3>\n                                        <div class=\"vp-portfolio__item-popup-description\">Lista y socorro de 40 milicianos de Alcal\u00e1 la Real (Ja\u00e9n) en el Castillo de la R\u00e1bita (La R\u00e1bita, Albu\u00f1ol, Granada). Fuente: Archivo Municipal de Alcal\u00e1 la Real, leg. 145, pieza 11. <\/div>\n                                <\/div>\n                                    <figure class=\"vp-portfolio__item\">\n                \n<div class=\"vp-portfolio__item-img-wrap\">\n    <div class=\"vp-portfolio__item-img\">\n        <a  href=\"https:\/\/grupo.us.es\/encrucijada\/wp-content\/uploads\/2022\/06\/miliciasc5.jpg\" >\n        <img loading=\"lazy\" decoding=\"async\" width=\"2328\" height=\"3643\" src=\"https:\/\/grupo.us.es\/encrucijada\/wp-content\/uploads\/2022\/06\/miliciasc5.jpg\" class=\"wp-image-1602\" alt=\"\" \/>\n        <div class=\"vp-portfolio__item-img-overlay\"><\/div>\n\n        <\/a>    <\/div>\n<\/div>\n\n<figcaption class=\"vp-portfolio__item-overlay vp-portfolio__item-align-center\">\n            <div class=\"vp-portfolio__item-meta-wrap vp-portfolio__custom-scrollbar\">\n            <div class=\"vp-portfolio__item-meta\">\n                \n<h2 class=\"vp-portfolio__item-meta-title\">\n    <a  href=\"https:\/\/grupo.us.es\/encrucijada\/wp-content\/uploads\/2022\/06\/miliciasc5.jpg\" >Lista y socorro de 40 milicianos de Alcal\u00e1 la Real (Ja\u00e9n) en el Castillo de la R\u00e1bita (La R\u00e1bita, Albu\u00f1ol, Granada).<\/a><\/h2>\n            <\/div>\n        <\/div>\n    <\/figcaption>\n            <\/figure>\n                    <\/div>\n        \n        <div class=\"vp-portfolio__item-wrap vp-portfolio__item-uid-75d74092\" data-vp-filter=\"\">\n                        <div class=\"vp-portfolio__item-popup\"\n                style=\"display: none;\"\n                data-vp-popup-img=\"https:\/\/grupo.us.es\/encrucijada\/wp-content\/uploads\/2022\/06\/miliciasc3.jpg\"\n                data-vp-popup-img-srcset=\"\"\n                data-vp-popup-img-size=\"2548x4000\"\n                data-vp-popup-md-img=\"https:\/\/grupo.us.es\/encrucijada\/wp-content\/uploads\/2022\/06\/miliciasc3.jpg\"\n                data-vp-popup-md-img-size=\"2548x4000\"\n                data-vp-popup-sm-img=\"https:\/\/grupo.us.es\/encrucijada\/wp-content\/uploads\/2022\/06\/miliciasc3.jpg\"\n                data-vp-popup-sm-img-size=\"2548x4000\"\n            >\n                                    <h3 class=\"vp-portfolio__item-popup-title\">Padr\u00f3n parroquial de hidalgos, en el marco de la formaci\u00f3n de una compa\u00f1\u00eda en \u00dabeda (Ja\u00e9n), 1542<\/h3>\n                                        <div class=\"vp-portfolio__item-popup-description\">Padr\u00f3n parroquial de hidalgos, en el marco de la formaci\u00f3n de una compa\u00f1\u00eda en \u00dabeda (Ja\u00e9n), 1542. Fuente: Elaborado por Jos\u00e9 Antonio Cano Arjona a partir de Archivo Hist\u00f3rico Municipal de \u00dabeda, ref. 54026, leg. 363, pieza 19.<\/div>\n                                <\/div>\n                                    <figure class=\"vp-portfolio__item\">\n                \n<div class=\"vp-portfolio__item-img-wrap\">\n    <div class=\"vp-portfolio__item-img\">\n        <a  href=\"https:\/\/grupo.us.es\/encrucijada\/wp-content\/uploads\/2022\/06\/miliciasc3.jpg\" >\n        <img loading=\"lazy\" decoding=\"async\" width=\"2548\" height=\"4000\" src=\"https:\/\/grupo.us.es\/encrucijada\/wp-content\/uploads\/2022\/06\/miliciasc3.jpg\" class=\"wp-image-1782\" alt=\"\" \/>\n        <div class=\"vp-portfolio__item-img-overlay\"><\/div>\n\n        <\/a>    <\/div>\n<\/div>\n\n<figcaption class=\"vp-portfolio__item-overlay vp-portfolio__item-align-center\">\n            <div class=\"vp-portfolio__item-meta-wrap vp-portfolio__custom-scrollbar\">\n            <div class=\"vp-portfolio__item-meta\">\n                \n<h2 class=\"vp-portfolio__item-meta-title\">\n    <a  href=\"https:\/\/grupo.us.es\/encrucijada\/wp-content\/uploads\/2022\/06\/miliciasc3.jpg\" >Padr\u00f3n parroquial de hidalgos, en el marco de la formaci\u00f3n de una compa\u00f1\u00eda en \u00dabeda (Ja\u00e9n), 1542<\/a><\/h2>\n            <\/div>\n        <\/div>\n    <\/figcaption>\n            <\/figure>\n                    <\/div>\n        \n<\/div>\n        <\/div>\n        \n<\/div>\n        <\/div>\n        <\/div>\n<\/div>\n","protected":false},"excerpt":{"rendered":"<p>Por milicia concejil o local entendemos a aquella fuerza que, sin ser profesional y con un mayor o menor grado de adiestramiento, es llevada a participar en acciones militares tanto ofensivas como defensivas. Proven\u00edan de una misma jurisdicci\u00f3n y, sin ser esa su ocupaci\u00f3n principal, tomaban las armas por un tiempo determinado, volviendo a sus [&hellip;]<\/p>\n","protected":false},"author":1,"featured_media":1398,"comment_status":"closed","ping_status":"","sticky":false,"template":"","format":"standard","meta":{"_vp_format_video_url":"","_vp_image_focal_point":[],"footnotes":""},"categories":[112,3],"tags":[148],"class_list":["post-1396","post","type-post","status-publish","format-standard","has-post-thumbnail","hentry","category-militares-y-ejercito","category-sociedad","tag-jose-antonio-cano-arjona","entry","has-media"],"_links":{"self":[{"href":"https:\/\/grupo.us.es\/encrucijada\/wp-json\/wp\/v2\/posts\/1396","targetHints":{"allow":["GET"]}}],"collection":[{"href":"https:\/\/grupo.us.es\/encrucijada\/wp-json\/wp\/v2\/posts"}],"about":[{"href":"https:\/\/grupo.us.es\/encrucijada\/wp-json\/wp\/v2\/types\/post"}],"author":[{"embeddable":true,"href":"https:\/\/grupo.us.es\/encrucijada\/wp-json\/wp\/v2\/users\/1"}],"replies":[{"embeddable":true,"href":"https:\/\/grupo.us.es\/encrucijada\/wp-json\/wp\/v2\/comments?post=1396"}],"version-history":[{"count":5,"href":"https:\/\/grupo.us.es\/encrucijada\/wp-json\/wp\/v2\/posts\/1396\/revisions"}],"predecessor-version":[{"id":1784,"href":"https:\/\/grupo.us.es\/encrucijada\/wp-json\/wp\/v2\/posts\/1396\/revisions\/1784"}],"wp:featuredmedia":[{"embeddable":true,"href":"https:\/\/grupo.us.es\/encrucijada\/wp-json\/wp\/v2\/media\/1398"}],"wp:attachment":[{"href":"https:\/\/grupo.us.es\/encrucijada\/wp-json\/wp\/v2\/media?parent=1396"}],"wp:term":[{"taxonomy":"category","embeddable":true,"href":"https:\/\/grupo.us.es\/encrucijada\/wp-json\/wp\/v2\/categories?post=1396"},{"taxonomy":"post_tag","embeddable":true,"href":"https:\/\/grupo.us.es\/encrucijada\/wp-json\/wp\/v2\/tags?post=1396"}],"curies":[{"name":"wp","href":"https:\/\/api.w.org\/{rel}","templated":true}]}}