{"id":821,"date":"2019-10-30T08:33:23","date_gmt":"2019-10-30T08:33:23","guid":{"rendered":"http:\/\/grupo.us.es\/derematerialia\/?p=821"},"modified":"2020-01-13T08:47:00","modified_gmt":"2020-01-13T08:47:00","slug":"el-libro-ciencia-de-los-materiales-fantasticos","status":"publish","type":"post","link":"https:\/\/grupo.us.es\/derematerialia\/blog\/2019\/10\/30\/el-libro-ciencia-de-los-materiales-fantasticos\/","title":{"rendered":"El libro &#8220;Ciencia de los materiales fant\u00e1sticos&#8221;"},"content":{"rendered":"\n<p class=\"x_MsoNormal\">El libro &#8220;Ciencia de los materiales fant\u00e1sticos&#8221; ha sido incluido como libro de apoyo en el Trabajo Fin de M\u00e1ster:<\/p>\n<p class=\"x_MsoNormal\">LOS NUEVOS MATERIALES EN EL CURR\u00cdCULO DE ESO Y BACHILLERATO. PROPUESTA DE UNIDAD DID\u00c1CTICA<\/p>\n<p class=\"x_MsoNormal\">realizado por Ver\u00f3nica D\u00edaz del Campo y dirigido por Mar\u00eda Jes\u00fas Baena Alonso, de la Universidad de Valladolid. El trabajo, de inter\u00e9s para profesores de ESO y Bachillerato, puede descargarse desde la direcci\u00f3n web: <a href=\"https:\/\/uvadoc.uva.es\/handle\/10324\/38527\" target=\"_blank\" rel=\"noopener noreferrer\" data-auth=\"NotApplicable\" data-ogsc=\"\">https:\/\/uvadoc.uva.es\/handle\/10324\/38527<\/a><\/p>\n","protected":false},"excerpt":{"rendered":"<p>El libro &#8220;Ciencia de los materiales fant\u00e1sticos&#8221; ha sido incluido como libro de apoyo en el Trabajo Fin de M\u00e1ster: LOS NUEVOS MATERIALES EN EL CURR\u00cdCULO DE ESO Y BACHILLERATO. PROPUESTA DE UNIDAD DID\u00c1CTICA realizado por Ver\u00f3nica D\u00edaz del Campo y dirigido por Mar\u00eda Jes\u00fas Baena Alonso, de la Universidad de Valladolid. El trabajo, de [&hellip;]<\/p>\n","protected":false},"author":4,"featured_media":0,"comment_status":"closed","ping_status":"open","sticky":false,"template":"","format":"standard","meta":{"ngg_post_thumbnail":0,"footnotes":""},"categories":[9],"tags":[75,76],"_links":{"self":[{"href":"https:\/\/grupo.us.es\/derematerialia\/wp-json\/wp\/v2\/posts\/821"}],"collection":[{"href":"https:\/\/grupo.us.es\/derematerialia\/wp-json\/wp\/v2\/posts"}],"about":[{"href":"https:\/\/grupo.us.es\/derematerialia\/wp-json\/wp\/v2\/types\/post"}],"author":[{"embeddable":true,"href":"https:\/\/grupo.us.es\/derematerialia\/wp-json\/wp\/v2\/users\/4"}],"replies":[{"embeddable":true,"href":"https:\/\/grupo.us.es\/derematerialia\/wp-json\/wp\/v2\/comments?post=821"}],"version-history":[{"count":1,"href":"https:\/\/grupo.us.es\/derematerialia\/wp-json\/wp\/v2\/posts\/821\/revisions"}],"predecessor-version":[{"id":822,"href":"https:\/\/grupo.us.es\/derematerialia\/wp-json\/wp\/v2\/posts\/821\/revisions\/822"}],"wp:attachment":[{"href":"https:\/\/grupo.us.es\/derematerialia\/wp-json\/wp\/v2\/media?parent=821"}],"wp:term":[{"taxonomy":"category","embeddable":true,"href":"https:\/\/grupo.us.es\/derematerialia\/wp-json\/wp\/v2\/categories?post=821"},{"taxonomy":"post_tag","embeddable":true,"href":"https:\/\/grupo.us.es\/derematerialia\/wp-json\/wp\/v2\/tags?post=821"}],"curies":[{"name":"wp","href":"https:\/\/api.w.org\/{rel}","templated":true}]}}