{"id":3564,"date":"2022-04-07T12:56:10","date_gmt":"2022-04-07T11:56:10","guid":{"rendered":"https:\/\/grupo.us.es\/conditiofeminae\/index.php\/2022\/04\/07\/matrona-copy\/"},"modified":"2023-02-13T19:16:48","modified_gmt":"2023-02-13T18:16:48","slug":"242-elia-verina","status":"publish","type":"post","link":"https:\/\/grupo.us.es\/conditiofeminae\/index.php\/2022\/04\/07\/242-elia-verina\/","title":{"rendered":"242. ELIA VERINA"},"content":{"rendered":"\t\t<div data-elementor-type=\"wp-post\" data-elementor-id=\"3564\" class=\"elementor elementor-3564\" data-elementor-settings=\"[]\">\n\t\t\t\t\t\t\t<div class=\"elementor-section-wrap\">\n\t\t\t\t\t\t\t<section class=\"elementor-section elementor-top-section elementor-element elementor-element-085289a elementor-section-boxed elementor-section-height-default elementor-section-height-default\" data-id=\"085289a\" data-element_type=\"section\">\n\t\t\t\t\t\t<div class=\"elementor-container elementor-column-gap-default\">\n\t\t\t\t\t<div class=\"elementor-column elementor-col-100 elementor-top-column elementor-element elementor-element-dfc3797\" data-id=\"dfc3797\" data-element_type=\"column\">\n\t\t\t<div class=\"elementor-widget-wrap elementor-element-populated\">\n\t\t\t\t\t\t\t\t<div class=\"elementor-element elementor-element-f49cdf0 elementor-position-right elementor-vertical-align-middle elementor-view-default elementor-invisible elementor-widget elementor-widget-icon-box\" data-id=\"f49cdf0\" data-element_type=\"widget\" data-settings=\"{&quot;_animation&quot;:&quot;fadeInLeft&quot;}\" data-widget_type=\"icon-box.default\">\n\t\t\t\t<div class=\"elementor-widget-container\">\n\t\t\t\t\t<div class=\"elementor-icon-box-wrapper\">\n\t\t\t\t\t\t<div class=\"elementor-icon-box-icon\">\n\t\t\t\t<a class=\"elementor-icon elementor-animation-\" href=\"https:\/\/grupo.us.es\/conditiofeminae\/index.php\/250-mujeres-de-la-antigua-roma\/\">\n\t\t\t\t<i aria-hidden=\"true\" class=\"fas fa-arrow-right\"><\/i>\t\t\t\t<\/a>\n\t\t\t<\/div>\n\t\t\t\t\t\t<div class=\"elementor-icon-box-content\">\n\t\t\t\t<p class=\"elementor-icon-box-title\">\n\t\t\t\t\t<a href=\"https:\/\/grupo.us.es\/conditiofeminae\/index.php\/250-mujeres-de-la-antigua-roma\/\" >\n\t\t\t\t\t\t<span>Exposici\u00f3n Virtual: 250 mujeres de la antigua Roma<\/span>\t\t\t\t\t<\/a>\n\t\t\t\t<\/p>\n\t\t\t\t\t\t\t<\/div>\n\t\t<\/div>\n\t\t\t\t<\/div>\n\t\t\t\t<\/div>\n\t\t\t\t\t<\/div>\n\t\t<\/div>\n\t\t\t\t\t\t\t<\/div>\n\t\t<\/section>\n\t\t\t\t<section class=\"elementor-section elementor-top-section elementor-element elementor-element-9c17472 elementor-section-stretched elementor-section-boxed elementor-section-height-default elementor-section-height-default\" data-id=\"9c17472\" data-element_type=\"section\" id=\"2010\" data-settings=\"{&quot;stretch_section&quot;:&quot;section-stretched&quot;,&quot;background_background&quot;:&quot;classic&quot;,&quot;shape_divider_top&quot;:&quot;opacity-fan&quot;,&quot;shape_divider_bottom&quot;:&quot;opacity-fan&quot;}\">\n\t\t\t\t\t<div class=\"elementor-shape elementor-shape-top\" data-negative=\"false\">\n\t\t\t<svg xmlns=\"http:\/\/www.w3.org\/2000\/svg\" viewBox=\"0 0 283.5 19.6\" preserveAspectRatio=\"none\">\n\t<path class=\"elementor-shape-fill\" style=\"opacity:0.33\" d=\"M0 0L0 18.8 141.8 4.1 283.5 18.8 283.5 0z\"\/>\n\t<path class=\"elementor-shape-fill\" style=\"opacity:0.33\" d=\"M0 0L0 12.6 141.8 4 283.5 12.6 283.5 0z\"\/>\n\t<path class=\"elementor-shape-fill\" style=\"opacity:0.33\" d=\"M0 0L0 6.4 141.8 4 283.5 6.4 283.5 0z\"\/>\n\t<path class=\"elementor-shape-fill\" d=\"M0 0L0 1.2 141.8 4 283.5 1.2 283.5 0z\"\/>\n<\/svg>\t\t<\/div>\n\t\t\t\t<div class=\"elementor-shape elementor-shape-bottom\" data-negative=\"false\">\n\t\t\t<svg xmlns=\"http:\/\/www.w3.org\/2000\/svg\" viewBox=\"0 0 283.5 19.6\" preserveAspectRatio=\"none\">\n\t<path class=\"elementor-shape-fill\" style=\"opacity:0.33\" d=\"M0 0L0 18.8 141.8 4.1 283.5 18.8 283.5 0z\"\/>\n\t<path class=\"elementor-shape-fill\" style=\"opacity:0.33\" d=\"M0 0L0 12.6 141.8 4 283.5 12.6 283.5 0z\"\/>\n\t<path class=\"elementor-shape-fill\" style=\"opacity:0.33\" d=\"M0 0L0 6.4 141.8 4 283.5 6.4 283.5 0z\"\/>\n\t<path class=\"elementor-shape-fill\" d=\"M0 0L0 1.2 141.8 4 283.5 1.2 283.5 0z\"\/>\n<\/svg>\t\t<\/div>\n\t\t\t\t\t<div class=\"elementor-container elementor-column-gap-default\">\n\t\t\t\t\t<div class=\"elementor-column elementor-col-50 elementor-top-column elementor-element elementor-element-226e72a\" data-id=\"226e72a\" data-element_type=\"column\">\n\t\t\t<div class=\"elementor-widget-wrap elementor-element-populated\">\n\t\t\t\t\t\t\t\t<div class=\"elementor-element elementor-element-ff89d35 elementor-invisible elementor-widget elementor-widget-image\" data-id=\"ff89d35\" data-element_type=\"widget\" data-settings=\"{&quot;_animation&quot;:&quot;rollIn&quot;}\" data-widget_type=\"image.default\">\n\t\t\t\t<div class=\"elementor-widget-container\">\n\t\t\t\t\t\t\t\t\t\t\t\t\t\t\t<img width=\"152\" height=\"147\" src=\"https:\/\/grupo.us.es\/conditiofeminae\/wp-content\/uploads\/2021\/05\/Moneda-CF-mediana.png\" class=\"attachment-large size-large\" alt=\"\" loading=\"lazy\" srcset=\"https:\/\/grupo.us.es\/conditiofeminae\/wp-content\/uploads\/2021\/05\/Moneda-CF-mediana.png 152w, https:\/\/grupo.us.es\/conditiofeminae\/wp-content\/uploads\/2021\/05\/Moneda-CF-mediana-150x145.png 150w\" sizes=\"(max-width: 152px) 100vw, 152px\" \/>\t\t\t\t\t\t\t\t\t\t\t\t\t\t\t<\/div>\n\t\t\t\t<\/div>\n\t\t\t\t\t<\/div>\n\t\t<\/div>\n\t\t\t\t<div class=\"elementor-column elementor-col-50 elementor-top-column elementor-element elementor-element-f60c356\" data-id=\"f60c356\" data-element_type=\"column\">\n\t\t\t<div class=\"elementor-widget-wrap elementor-element-populated\">\n\t\t\t\t\t\t\t\t<div class=\"elementor-element elementor-element-20529d3 elementor-invisible elementor-widget elementor-widget-heading\" data-id=\"20529d3\" data-element_type=\"widget\" data-settings=\"{&quot;_animation&quot;:&quot;fadeInLeft&quot;}\" data-widget_type=\"heading.default\">\n\t\t\t\t<div class=\"elementor-widget-container\">\n\t\t\t<h3 class=\"elementor-heading-title elementor-size-xl\">242. ELIA VERINA<\/h3>\t\t<\/div>\n\t\t\t\t<\/div>\n\t\t\t\t\t<\/div>\n\t\t<\/div>\n\t\t\t\t\t\t\t<\/div>\n\t\t<\/section>\n\t\t\t\t<section class=\"elementor-section elementor-top-section elementor-element elementor-element-39813ee elementor-section-boxed elementor-section-height-default elementor-section-height-default\" data-id=\"39813ee\" data-element_type=\"section\" id=\"1500\" data-settings=\"{&quot;background_background&quot;:&quot;classic&quot;}\">\n\t\t\t\t\t\t<div class=\"elementor-container elementor-column-gap-default\">\n\t\t\t\t\t<div class=\"elementor-column elementor-col-100 elementor-top-column elementor-element elementor-element-71f1386\" data-id=\"71f1386\" data-element_type=\"column\">\n\t\t\t<div class=\"elementor-widget-wrap elementor-element-populated\">\n\t\t\t\t\t\t\t\t<section class=\"elementor-section elementor-inner-section elementor-element elementor-element-fa617e3 elementor-section-boxed elementor-section-height-default elementor-section-height-default\" data-id=\"fa617e3\" data-element_type=\"section\">\n\t\t\t\t\t\t<div class=\"elementor-container elementor-column-gap-default\">\n\t\t\t\t\t<div class=\"elementor-column elementor-col-50 elementor-inner-column elementor-element elementor-element-052f95e\" data-id=\"052f95e\" data-element_type=\"column\">\n\t\t\t<div class=\"elementor-widget-wrap elementor-element-populated\">\n\t\t\t\t\t\t\t\t<div class=\"elementor-element elementor-element-77d5a25 elementor-widget elementor-widget-text-editor\" data-id=\"77d5a25\" data-element_type=\"widget\" data-widget_type=\"text-editor.default\">\n\t\t\t\t<div class=\"elementor-widget-container\">\n\t\t\t\t\t\t\t<p class=\"sangriaPrimeraLinea\">Elia Verina fue esposa del emperador Le\u00f3n I. Sin embargo, su actividad pol\u00edtica se extiende m\u00e1s all\u00e1 del reinado de su esposo. Nada conocemos a ciencia cierta de los or\u00edgenes de Verina; s\u00ed sabemos, sin embargo, que ya estaba casada con Le\u00f3n I cuando ocuparon el trono del Imperio romano de Oriente. Ambos fueron padres de tres hijos: Ariadne, Leoncia, y un hijo var\u00f3n, de nombre desconocido, que falleci\u00f3 prematuramente. Verina ten\u00eda una amplia familia, cuyos integrantes varones ocuparon altos cargos en la administraci\u00f3n del reinado de Le\u00f3n I; ello fue debido, sin duda, a la influencia que \u00e9sta ten\u00eda sobre su esposo.\u00a0<\/p>\t\t\t\t\t\t<\/div>\n\t\t\t\t<\/div>\n\t\t\t\t\t<\/div>\n\t\t<\/div>\n\t\t\t\t<div class=\"elementor-column elementor-col-50 elementor-inner-column elementor-element elementor-element-4fc5076\" data-id=\"4fc5076\" data-element_type=\"column\">\n\t\t\t<div class=\"elementor-widget-wrap elementor-element-populated\">\n\t\t\t\t\t\t\t\t<div class=\"elementor-element elementor-element-9067e68 elementor-widget elementor-widget-hotspot\" data-id=\"9067e68\" data-element_type=\"widget\" data-settings=\"{&quot;hotspot&quot;:[{&quot;_id&quot;:&quot;fe4c32b&quot;,&quot;hotspot_tooltip_content&quot;:&quot;&lt;p&gt;Constantinopolis&lt;\\\/p&gt;&quot;,&quot;hotspot_offset_x&quot;:{&quot;unit&quot;:&quot;%&quot;,&quot;size&quot;:76,&quot;sizes&quot;:[]},&quot;hotspot_offset_y&quot;:{&quot;unit&quot;:&quot;%&quot;,&quot;size&quot;:44,&quot;sizes&quot;:[]},&quot;hotspot_label&quot;:&quot;&quot;,&quot;hotspot_link&quot;:{&quot;url&quot;:&quot;&quot;,&quot;is_external&quot;:&quot;&quot;,&quot;nofollow&quot;:&quot;&quot;,&quot;custom_attributes&quot;:&quot;&quot;},&quot;hotspot_icon&quot;:{&quot;value&quot;:&quot;&quot;,&quot;library&quot;:&quot;&quot;},&quot;hotspot_icon_position&quot;:null,&quot;hotspot_icon_spacing&quot;:null,&quot;hotspot_custom_size&quot;:&quot;no&quot;,&quot;hotspot_width&quot;:null,&quot;hotspot_height&quot;:null,&quot;hotspot_horizontal&quot;:&quot;left&quot;,&quot;hotspot_offset_x_tablet&quot;:{&quot;unit&quot;:&quot;px&quot;,&quot;size&quot;:&quot;&quot;,&quot;sizes&quot;:[]},&quot;hotspot_offset_x_mobile&quot;:{&quot;unit&quot;:&quot;px&quot;,&quot;size&quot;:&quot;&quot;,&quot;sizes&quot;:[]},&quot;hotspot_vertical&quot;:&quot;top&quot;,&quot;hotspot_offset_y_tablet&quot;:{&quot;unit&quot;:&quot;px&quot;,&quot;size&quot;:&quot;&quot;,&quot;sizes&quot;:[]},&quot;hotspot_offset_y_mobile&quot;:{&quot;unit&quot;:&quot;px&quot;,&quot;size&quot;:&quot;&quot;,&quot;sizes&quot;:[]},&quot;hotspot_tooltip_position&quot;:&quot;no&quot;,&quot;hotspot_position&quot;:null,&quot;hotspot_position_tablet&quot;:null,&quot;hotspot_position_mobile&quot;:null,&quot;hotspot_tooltip_width&quot;:null,&quot;hotspot_tooltip_width_tablet&quot;:null,&quot;hotspot_tooltip_width_mobile&quot;:null,&quot;hotspot_tooltip_text_wrap&quot;:null}],&quot;tooltip_position&quot;:&quot;bottom&quot;,&quot;tooltip_trigger&quot;:&quot;none&quot;,&quot;hotspot_sequenced_animation&quot;:&quot;no&quot;}\" data-widget_type=\"hotspot.default\">\n\t\t\t\t<div class=\"elementor-widget-container\">\n\t\t\t<img width=\"745\" height=\"534\" src=\"https:\/\/grupo.us.es\/conditiofeminae\/wp-content\/uploads\/2022\/02\/mapa_ficha.jpg\" class=\"attachment-full size-full\" alt=\"\" loading=\"lazy\" srcset=\"https:\/\/grupo.us.es\/conditiofeminae\/wp-content\/uploads\/2022\/02\/mapa_ficha.jpg 745w, https:\/\/grupo.us.es\/conditiofeminae\/wp-content\/uploads\/2022\/02\/mapa_ficha-300x215.jpg 300w, https:\/\/grupo.us.es\/conditiofeminae\/wp-content\/uploads\/2022\/02\/mapa_ficha-150x108.jpg 150w\" sizes=\"(max-width: 745px) 100vw, 745px\" \/>\n\t\t\t\t\t\t<div class=\"e-hotspot elementor-repeater-item-fe4c32b  e-hotspot--position-left e-hotspot--position-top   e-hotspot--circle\">\n\n\t\t\t\t\t\t\t\t<div class=\"e-hotspot__button e-hotspot--expand\">\n\t\t\t\t\t\t\t\t\t\t\t<div class=\"e-hotspot__outer-circle\"><\/div>\n\t\t\t\t\t\t<div class=\"e-hotspot__inner-circle\"><\/div>\n\t\t\t\t\t\t\t\t\t<\/div>\n\n\t\t\t\t\t\t\t\t\t\t\t\t\t\t\t\t\t\t<div class=\"e-hotspot__tooltip e-hotspot--show-tooltip e-hotspot--tooltip-position  \" >\n\t\t\t\t\t\t<p>Constantinopolis<\/p>\t\t\t\t\t<\/div>\n\t\t\t\t\t\t\t\t\t\n\t\t\t<\/div>\n\n\t\n\t\t\t\t<\/div>\n\t\t\t\t<\/div>\n\t\t\t\t\t<\/div>\n\t\t<\/div>\n\t\t\t\t\t\t\t<\/div>\n\t\t<\/section>\n\t\t\t\t<div class=\"elementor-element elementor-element-adc823c elementor-widget elementor-widget-text-editor\" data-id=\"adc823c\" data-element_type=\"widget\" data-widget_type=\"text-editor.default\">\n\t\t\t\t<div class=\"elementor-widget-container\">\n\t\t\t\t\t\t\t\t\t\t\t\t\t<\/div>\n\t\t\t\t<\/div>\n\t\t\t\t<div class=\"elementor-element elementor-element-ae76889 elementor-widget elementor-widget-text-editor\" data-id=\"ae76889\" data-element_type=\"widget\" data-widget_type=\"text-editor.default\">\n\t\t\t\t<div class=\"elementor-widget-container\">\n\t\t\t\t\t\t\t<p class=\"sangriaPrimeraLinea\">Fue proclamada Augusta, posiblemente en el momento en el que dio a luz al hijo, finalmente malogrado. Fue una de las primeras emperatrices consortes en cuyas monedas se la represent\u00f3 portando el cetro, s\u00edmbolo del poder y ascendencia del que disfrutaba. Elia Verina realiz\u00f3 actividades everg\u00e9ticas, como la construcci\u00f3n de iglesias. Tras el fallecimiento de su esposo, quien hab\u00eda nombrado sucesor a su nieto Le\u00f3n II de cuatro a\u00f1os, hijo de Ariadne y de Zen\u00f3n, Verina desarroll\u00f3 una gran actividad pol\u00edtica. As\u00ed, particip\u00f3 en la coronaci\u00f3n de su nieto, pero tras el fallecimiento de este, y la proclamaci\u00f3n de Zen\u00f3n como emperador, algunas fuentes literarias mencionan que Verina, posiblemente queriendo que su hermano, Basilisco, fuera emperador, organiz\u00f3 un complot para derrocar a su yerno; otras fuentes, sin embargo, mencionan que se vio obligada a participar en \u00e9l. En cualquier caso, despu\u00e9s del \u00e9xito de la rebeli\u00f3n, las tensiones entre los dos hermanos llegaron a tal extremo que Verina se vio obligada a refugiarse en el monasterio de las Blaquernas en Constantinopla, pues tem\u00eda por su vida.\u00a0<\/p><p>\u00a0\u00a0\u00a0\u00a0\u00a0\u00a0\u00a0\u00a0\u00a0\u00a0 Qued\u00f3 liberada una vez que Zen\u00f3n y Ariadne recuperaron el trono imperial y quiso mantener su influencia en el gobierno. Esto le report\u00f3 la enemistad de su hija Ariadne, por lo que, Zen\u00f3n la entreg\u00f3 al general Ilo en calidad de reh\u00e9n, quien la retuvo hasta el 484 en una fortaleza.\u00a0 Ilo, conocer de la utilidad de la Augusta y emperatriz viuda, hizo que Verina coronase a Leoncio, hombre t\u00edtere de Ilo. La usurpaci\u00f3n de Leoncio dur\u00f3 escasos meses; el grupo rebelde, en el que estaba Verina, se refugi\u00f3 en una fortaleza de Isauria. La emperatriz viuda falleci\u00f3 poco tiempo despu\u00e9s. Cuando Zen\u00f3n acab\u00f3 con la rebeli\u00f3n de Ilo y Leoncio, en 488, Ariadne consigui\u00f3 que el cuerpo de su madre regresara a Constantinopla. All\u00ed recibida con todos los honores, enterrada en la Iglesia de los Santos Ap\u00f3stoles, en el mismo sarc\u00f3fago que Le\u00f3n I, y se le devolvi\u00f3, <em>post mortem<\/em>, el t\u00edtulo de Augusta que hab\u00eda llevado durante largos decenios y que le debi\u00f3 ser revocado cuando proclam\u00f3 a Leoncio.<\/p><p class=\"sangriaPrimeraLinea\">\u00a0<\/p>\t\t\t\t\t\t<\/div>\n\t\t\t\t<\/div>\n\t\t\t\t<div class=\"elementor-element elementor-element-4010c2c elementor-widget elementor-widget-image\" data-id=\"4010c2c\" data-element_type=\"widget\" data-widget_type=\"image.default\">\n\t\t\t\t<div class=\"elementor-widget-container\">\n\t\t\t\t\t\t\t\t\t\t\t\t\t\t\t<img width=\"152\" height=\"147\" src=\"https:\/\/grupo.us.es\/conditiofeminae\/wp-content\/uploads\/2021\/05\/Moneda-CF-mediana.png\" class=\"attachment-full size-full\" alt=\"\" loading=\"lazy\" srcset=\"https:\/\/grupo.us.es\/conditiofeminae\/wp-content\/uploads\/2021\/05\/Moneda-CF-mediana.png 152w, https:\/\/grupo.us.es\/conditiofeminae\/wp-content\/uploads\/2021\/05\/Moneda-CF-mediana-150x145.png 150w\" sizes=\"(max-width: 152px) 100vw, 152px\" \/>\t\t\t\t\t\t\t\t\t\t\t\t\t\t\t<\/div>\n\t\t\t\t<\/div>\n\t\t\t\t<div class=\"elementor-element elementor-element-392935b elementor-widget elementor-widget-heading\" data-id=\"392935b\" data-element_type=\"widget\" data-widget_type=\"heading.default\">\n\t\t\t\t<div class=\"elementor-widget-container\">\n\t\t\t<p class=\"elementor-heading-title elementor-size-default\">Margarita Vallejo Girv\u00e9s<\/p>\t\t<\/div>\n\t\t\t\t<\/div>\n\t\t\t\t<div class=\"elementor-element elementor-element-c33c9e4 elementor-widget elementor-widget-heading\" data-id=\"c33c9e4\" data-element_type=\"widget\" data-widget_type=\"heading.default\">\n\t\t\t\t<div class=\"elementor-widget-container\">\n\t\t\t<p class=\"elementor-heading-title elementor-size-default\">Universidad de Alcal\u00e1 de Henares<\/p>\t\t<\/div>\n\t\t\t\t<\/div>\n\t\t\t\t\t<\/div>\n\t\t<\/div>\n\t\t\t\t\t\t\t<\/div>\n\t\t<\/section>\n\t\t\t\t<section class=\"elementor-section elementor-top-section elementor-element elementor-element-0e63e03 elementor-section-stretched elementor-section-boxed elementor-section-height-default elementor-section-height-default\" data-id=\"0e63e03\" data-element_type=\"section\" data-settings=\"{&quot;stretch_section&quot;:&quot;section-stretched&quot;,&quot;background_background&quot;:&quot;classic&quot;,&quot;shape_divider_top&quot;:&quot;opacity-fan&quot;,&quot;shape_divider_bottom&quot;:&quot;opacity-fan&quot;}\">\n\t\t\t\t\t<div class=\"elementor-shape elementor-shape-top\" data-negative=\"false\">\n\t\t\t<svg xmlns=\"http:\/\/www.w3.org\/2000\/svg\" viewBox=\"0 0 283.5 19.6\" preserveAspectRatio=\"none\">\n\t<path class=\"elementor-shape-fill\" style=\"opacity:0.33\" d=\"M0 0L0 18.8 141.8 4.1 283.5 18.8 283.5 0z\"\/>\n\t<path class=\"elementor-shape-fill\" style=\"opacity:0.33\" d=\"M0 0L0 12.6 141.8 4 283.5 12.6 283.5 0z\"\/>\n\t<path class=\"elementor-shape-fill\" style=\"opacity:0.33\" d=\"M0 0L0 6.4 141.8 4 283.5 6.4 283.5 0z\"\/>\n\t<path class=\"elementor-shape-fill\" d=\"M0 0L0 1.2 141.8 4 283.5 1.2 283.5 0z\"\/>\n<\/svg>\t\t<\/div>\n\t\t\t\t<div class=\"elementor-shape elementor-shape-bottom\" data-negative=\"false\">\n\t\t\t<svg xmlns=\"http:\/\/www.w3.org\/2000\/svg\" viewBox=\"0 0 283.5 19.6\" preserveAspectRatio=\"none\">\n\t<path class=\"elementor-shape-fill\" style=\"opacity:0.33\" d=\"M0 0L0 18.8 141.8 4.1 283.5 18.8 283.5 0z\"\/>\n\t<path class=\"elementor-shape-fill\" style=\"opacity:0.33\" d=\"M0 0L0 12.6 141.8 4 283.5 12.6 283.5 0z\"\/>\n\t<path class=\"elementor-shape-fill\" style=\"opacity:0.33\" d=\"M0 0L0 6.4 141.8 4 283.5 6.4 283.5 0z\"\/>\n\t<path class=\"elementor-shape-fill\" d=\"M0 0L0 1.2 141.8 4 283.5 1.2 283.5 0z\"\/>\n<\/svg>\t\t<\/div>\n\t\t\t\t\t<div class=\"elementor-container elementor-column-gap-default\">\n\t\t\t\t\t<div class=\"elementor-column elementor-col-50 elementor-top-column elementor-element elementor-element-12a4ba3\" data-id=\"12a4ba3\" data-element_type=\"column\">\n\t\t\t<div class=\"elementor-widget-wrap elementor-element-populated\">\n\t\t\t\t\t\t\t\t<div class=\"elementor-element elementor-element-ca3c4ef elementor-widget elementor-widget-image\" data-id=\"ca3c4ef\" data-element_type=\"widget\" data-widget_type=\"image.default\">\n\t\t\t\t<div class=\"elementor-widget-container\">\n\t\t\t\t\t\t\t\t\t\t\t\t\t\t\t\t<a href=\"https:\/\/grupo.us.es\/conditiofeminae\/wp-content\/uploads\/2022\/04\/RIC614.jpg\" data-elementor-open-lightbox=\"yes\" data-elementor-lightbox-title=\"RIC614\">\n\t\t\t\t\t\t\t<img width=\"325\" height=\"159\" src=\"https:\/\/grupo.us.es\/conditiofeminae\/wp-content\/uploads\/2022\/04\/RIC614.jpg\" class=\"attachment-large size-large\" alt=\"\" loading=\"lazy\" srcset=\"https:\/\/grupo.us.es\/conditiofeminae\/wp-content\/uploads\/2022\/04\/RIC614.jpg 325w, https:\/\/grupo.us.es\/conditiofeminae\/wp-content\/uploads\/2022\/04\/RIC614-300x147.jpg 300w, https:\/\/grupo.us.es\/conditiofeminae\/wp-content\/uploads\/2022\/04\/RIC614-150x73.jpg 150w\" sizes=\"(max-width: 325px) 100vw, 325px\" \/>\t\t\t\t\t\t\t\t<\/a>\n\t\t\t\t\t\t\t\t\t\t\t\t\t\t\t<\/div>\n\t\t\t\t<\/div>\n\t\t\t\t<div class=\"elementor-element elementor-element-293c65f elementor-widget elementor-widget-heading\" data-id=\"293c65f\" data-element_type=\"widget\" data-widget_type=\"heading.default\">\n\t\t\t\t<div class=\"elementor-widget-container\">\n\t\t\t<p class=\"elementor-heading-title elementor-size-small\">Tremis de Elia Verina. Anverso: busto diademado de Elia Verina. Leyenda: AEL. VERINA AUG. Reverso: cruz dentro de corona de laurel. Leyenda: CONOB. Siglo V. Constantinopla.<\/p>\t\t<\/div>\n\t\t\t\t<\/div>\n\t\t\t\t<div class=\"elementor-element elementor-element-e249b6b elementor-widget elementor-widget-heading\" data-id=\"e249b6b\" data-element_type=\"widget\" data-widget_type=\"heading.default\">\n\t\t\t\t<div class=\"elementor-widget-container\">\n\t\t\t<p class=\"elementor-heading-title elementor-size-small\"><a href=\"http:\/\/www.ancientcoins.ca\/RIC\/index.htm\" target=\"_blank\">Ancient Coins. Romain Imperial Coinage.<\/a><\/p>\t\t<\/div>\n\t\t\t\t<\/div>\n\t\t\t\t\t<\/div>\n\t\t<\/div>\n\t\t\t\t<div class=\"elementor-column elementor-col-50 elementor-top-column elementor-element elementor-element-6c03f0e\" data-id=\"6c03f0e\" data-element_type=\"column\">\n\t\t\t<div class=\"elementor-widget-wrap elementor-element-populated\">\n\t\t\t\t\t\t\t\t<div class=\"elementor-element elementor-element-d70e942 elementor-widget elementor-widget-text-editor\" data-id=\"d70e942\" data-element_type=\"widget\" data-widget_type=\"text-editor.default\">\n\t\t\t\t<div class=\"elementor-widget-container\">\n\t\t\t\t\t\t\t<p><strong>Fuentes principales<\/strong><\/p><p style=\"text-align: justify;\"><span style=\"font-family: 'times new roman', times, serif;\">C\u00e1ndido Is\u00e1urico, <em>Fragmentos<\/em>, 1.<\/span><\/p><p style=\"text-align: justify;\"><span style=\"font-family: 'times new roman', times, serif;\">Juan de Antioqu\u00eda, <em>Historia. Fragmentos<\/em>, 303; 306.<\/span><\/p><p style=\"text-align: justify;\"><span style=\"font-family: 'times new roman', times, serif;\">Juan Malalas, <em>Cr\u00f3nica<\/em>, 372; 387-388.<\/span><\/p><p style=\"text-align: justify;\"><span style=\"font-family: 'times new roman', times, serif;\">Teodoro Lector, <em>Ep\u00edtome de su Historia eclesi\u00e1stica<\/em>, 96.<\/span><\/p><p><strong>Selecci\u00f3n bibliogr\u00e1fica<\/strong><\/p><p class=\"sangriaFrancesa\" style=\"text-align: justify;\"><span style=\"font-family: 'times new roman', times, serif;\">Leszka, M., \u201cThe role of Empress Verina in the events of 475\/476 &#8211; revisited\u201d, <em>ByzSlav<\/em> 75, 1-2 (2017) 30-42.<\/span><\/p><p class=\"sangriaFrancesa\" style=\"text-align: justify;\"><span style=\"font-family: 'times new roman', times, serif;\">Twardowska, K., \u201cEmpress Verina and the Events of 475-476\u201d, <em>ByzSlav<\/em> 72 (2014) 9-22.<\/span><\/p><p class=\"sangriaFrancesa\" style=\"text-align: justify;\"><span style=\"font-family: 'times new roman', times, serif;\">Vallejo Girv\u00e9s, M., \u201cEmpress Verina among the Pagans\u201d, en S\u00e1ghy, M. <em>et alii<\/em> (eds.), <em>Pagans and Christians in the Late Roman Empire. New Evidence, New Approaches (4th-8th. Centuries)<\/em> (Budapest 2017) 43-58.<\/span><\/p><p class=\"sangriaFrancesa\" style=\"text-align: justify;\"><span style=\"font-family: 'times new roman', times, serif;\">Vallejo Girv\u00e9s, M., \u201cPortraits of a Dynasty: Graphic Representations of the Families of the Empresses Verina and Ariadne (457-491)\u201d, en Chiriatti, M.C. <em>et alii<\/em> (eds.), <em>Mujeres imperiales, mujeres reales. <\/em><em>Representaciones p\u00fablicas y representaciones de poder en la Antig\u00fcedad Tard\u00eda y Bizancio<\/em> (Paderborn 2021) 132-154.<\/span><\/p>\t\t\t\t\t\t<\/div>\n\t\t\t\t<\/div>\n\t\t\t\t\t<\/div>\n\t\t<\/div>\n\t\t\t\t\t\t\t<\/div>\n\t\t<\/section>\n\t\t\t\t<section class=\"elementor-section elementor-top-section elementor-element elementor-element-3cb127e elementor-section-full_width elementor-section-stretched elementor-section-height-default elementor-section-height-default\" data-id=\"3cb127e\" data-element_type=\"section\" data-settings=\"{&quot;stretch_section&quot;:&quot;section-stretched&quot;,&quot;background_background&quot;:&quot;gradient&quot;}\">\n\t\t\t\t\t\t<div class=\"elementor-container elementor-column-gap-default\">\n\t\t\t\t\t<div class=\"elementor-column elementor-col-100 elementor-top-column elementor-element elementor-element-c0cb2c4\" data-id=\"c0cb2c4\" data-element_type=\"column\">\n\t\t\t<div class=\"elementor-widget-wrap elementor-element-populated\">\n\t\t\t\t\t\t\t\t<div class=\"elementor-element elementor-element-0c7c9d3 elementor-widget elementor-widget-spacer\" data-id=\"0c7c9d3\" data-element_type=\"widget\" data-widget_type=\"spacer.default\">\n\t\t\t\t<div class=\"elementor-widget-container\">\n\t\t\t\t\t<div class=\"elementor-spacer\">\n\t\t\t<div class=\"elementor-spacer-inner\"><\/div>\n\t\t<\/div>\n\t\t\t\t<\/div>\n\t\t\t\t<\/div>\n\t\t\t\t\t<\/div>\n\t\t<\/div>\n\t\t\t\t\t\t\t<\/div>\n\t\t<\/section>\n\t\t\t\t<section class=\"elementor-section elementor-top-section elementor-element elementor-element-8cd11d6 elementor-section-boxed elementor-section-height-default elementor-section-height-default\" data-id=\"8cd11d6\" data-element_type=\"section\">\n\t\t\t\t\t\t<div class=\"elementor-container elementor-column-gap-default\">\n\t\t\t\t\t<div class=\"elementor-column elementor-col-100 elementor-top-column elementor-element elementor-element-4d9cbb8\" data-id=\"4d9cbb8\" data-element_type=\"column\">\n\t\t\t<div class=\"elementor-widget-wrap elementor-element-populated\">\n\t\t\t\t\t\t\t\t<div class=\"elementor-element elementor-element-b3f3a70 elementor-position-right elementor-vertical-align-middle elementor-view-default elementor-invisible elementor-widget elementor-widget-icon-box\" data-id=\"b3f3a70\" data-element_type=\"widget\" data-settings=\"{&quot;_animation&quot;:&quot;fadeInLeft&quot;}\" data-widget_type=\"icon-box.default\">\n\t\t\t\t<div class=\"elementor-widget-container\">\n\t\t\t\t\t<div class=\"elementor-icon-box-wrapper\">\n\t\t\t\t\t\t<div class=\"elementor-icon-box-icon\">\n\t\t\t\t<a class=\"elementor-icon elementor-animation-\" href=\"https:\/\/grupo.us.es\/conditiofeminae\/index.php\/250-mujeres-de-la-antigua-roma\/\">\n\t\t\t\t<i aria-hidden=\"true\" class=\"fas fa-arrow-right\"><\/i>\t\t\t\t<\/a>\n\t\t\t<\/div>\n\t\t\t\t\t\t<div class=\"elementor-icon-box-content\">\n\t\t\t\t<p class=\"elementor-icon-box-title\">\n\t\t\t\t\t<a href=\"https:\/\/grupo.us.es\/conditiofeminae\/index.php\/250-mujeres-de-la-antigua-roma\/\" >\n\t\t\t\t\t\t<span>Exposici\u00f3n Virtual: 250 mujeres de la antigua Roma<\/span>\t\t\t\t\t<\/a>\n\t\t\t\t<\/p>\n\t\t\t\t\t\t\t<\/div>\n\t\t<\/div>\n\t\t\t\t<\/div>\n\t\t\t\t<\/div>\n\t\t\t\t\t<\/div>\n\t\t<\/div>\n\t\t\t\t\t\t\t<\/div>\n\t\t<\/section>\n\t\t\t\t\t\t<\/div>\n\t\t\t\t\t<\/div>\n\t\t ","protected":false},"excerpt":{"rendered":"<p> <a class=\"continue-reading-link\" href=\"https:\/\/grupo.us.es\/conditiofeminae\/index.php\/2022\/04\/07\/242-elia-verina\/\"><span>Continuar leyendo<\/span><i class=\"crycon-right-dir\"><\/i><\/a> <\/p>\n","protected":false},"author":9,"featured_media":0,"comment_status":"closed","ping_status":"open","sticky":false,"template":"","format":"standard","meta":[],"categories":[13,12,17],"tags":[31],"yoast_head":"<!-- This site is optimized with the Yoast SEO plugin v17.6 - https:\/\/yoast.com\/wordpress\/plugins\/seo\/ -->\n<title>242. ELIA VERINA - CONDITIO FEMINAE I: Marginaci\u00f3n y visibilidad de la mujer en el Imperio Romano<\/title>\n<meta name=\"description\" content=\"PROYECTO CONDITIO FEMINAE \u2013 MARGINACION POLITICA, JURIDICA Y RELIGIOSA DE LA MUJER DURANTE EL ALTO IMPERIO ROMANO (SIGLOS I-III)Programa Estatal de Fomento de la Investigaci\u00f3n Cient\u00edfica y T\u00e9cnica de Excelencia, Subprograma Estatal de Generaci\u00f3n de Conocimiento.\" \/>\n<meta name=\"robots\" content=\"index, follow, max-snippet:-1, max-image-preview:large, max-video-preview:-1\" \/>\n<link rel=\"canonical\" href=\"https:\/\/grupo.us.es\/conditiofeminae\/index.php\/2022\/04\/07\/242-elia-verina\/\" \/>\n<meta property=\"og:locale\" content=\"es_ES\" \/>\n<meta property=\"og:type\" content=\"article\" \/>\n<meta property=\"og:title\" content=\"242. ELIA VERINA - CONDITIO FEMINAE I: Marginaci\u00f3n y visibilidad de la mujer en el Imperio Romano\" \/>\n<meta property=\"og:description\" content=\"PROYECTO CONDITIO FEMINAE \u2013 MARGINACION POLITICA, JURIDICA Y RELIGIOSA DE LA MUJER DURANTE EL ALTO IMPERIO ROMANO (SIGLOS I-III)Programa Estatal de Fomento de la Investigaci\u00f3n Cient\u00edfica y T\u00e9cnica de Excelencia, Subprograma Estatal de Generaci\u00f3n de Conocimiento.\" \/>\n<meta property=\"og:url\" content=\"https:\/\/grupo.us.es\/conditiofeminae\/index.php\/2022\/04\/07\/242-elia-verina\/\" \/>\n<meta property=\"og:site_name\" content=\"CONDITIO FEMINAE I: Marginaci\u00f3n y visibilidad de la mujer en el Imperio Romano\" \/>\n<meta property=\"article:published_time\" content=\"2022-04-07T11:56:10+00:00\" \/>\n<meta property=\"article:modified_time\" content=\"2023-02-13T18:16:48+00:00\" \/>\n<meta property=\"og:image\" content=\"https:\/\/grupo.us.es\/conditiofeminae\/wp-content\/uploads\/2021\/05\/Moneda-CF-mediana.png\" \/>\n<meta name=\"twitter:card\" content=\"summary_large_image\" \/>\n<meta name=\"twitter:label1\" content=\"Escrito por\" \/>\n\t<meta name=\"twitter:data1\" content=\"Patricia T\u00e9llez\" \/>\n\t<meta name=\"twitter:label2\" content=\"Tiempo de lectura\" \/>\n\t<meta name=\"twitter:data2\" content=\"4 minutos\" \/>\n<script type=\"application\/ld+json\" class=\"yoast-schema-graph\">{\"@context\":\"https:\/\/schema.org\",\"@graph\":[{\"@type\":\"Organization\",\"@id\":\"https:\/\/grupo.us.es\/conditiofeminae\/#organization\",\"name\":\"Departamento de Historia Antigua de la Universidad de Sevilla\",\"url\":\"https:\/\/grupo.us.es\/conditiofeminae\/\",\"sameAs\":[],\"logo\":{\"@type\":\"ImageObject\",\"@id\":\"https:\/\/grupo.us.es\/conditiofeminae\/#logo\",\"inLanguage\":\"es\",\"url\":\"https:\/\/grupo.us.es\/conditiofeminae\/wp-content\/uploads\/2020\/03\/dpto-historia-antigua-us.jpg\",\"contentUrl\":\"https:\/\/grupo.us.es\/conditiofeminae\/wp-content\/uploads\/2020\/03\/dpto-historia-antigua-us.jpg\",\"width\":104,\"height\":133,\"caption\":\"Departamento de Historia Antigua de la Universidad de Sevilla\"},\"image\":{\"@id\":\"https:\/\/grupo.us.es\/conditiofeminae\/#logo\"}},{\"@type\":\"WebSite\",\"@id\":\"https:\/\/grupo.us.es\/conditiofeminae\/#website\",\"url\":\"https:\/\/grupo.us.es\/conditiofeminae\/\",\"name\":\"CONDITIO FEMINAE I: Marginaci\\u00f3n y visibilidad de la mujer en el Imperio Romano\",\"description\":\"\",\"publisher\":{\"@id\":\"https:\/\/grupo.us.es\/conditiofeminae\/#organization\"},\"potentialAction\":[{\"@type\":\"SearchAction\",\"target\":{\"@type\":\"EntryPoint\",\"urlTemplate\":\"https:\/\/grupo.us.es\/conditiofeminae\/?s={search_term_string}\"},\"query-input\":\"required name=search_term_string\"}],\"inLanguage\":\"es\"},{\"@type\":\"ImageObject\",\"@id\":\"https:\/\/grupo.us.es\/conditiofeminae\/index.php\/2022\/04\/07\/242-elia-verina\/#primaryimage\",\"inLanguage\":\"es\",\"url\":\"https:\/\/grupo.us.es\/conditiofeminae\/wp-content\/uploads\/2021\/05\/Moneda-CF-mediana.png\",\"contentUrl\":\"https:\/\/grupo.us.es\/conditiofeminae\/wp-content\/uploads\/2021\/05\/Moneda-CF-mediana.png\",\"width\":152,\"height\":147},{\"@type\":\"WebPage\",\"@id\":\"https:\/\/grupo.us.es\/conditiofeminae\/index.php\/2022\/04\/07\/242-elia-verina\/#webpage\",\"url\":\"https:\/\/grupo.us.es\/conditiofeminae\/index.php\/2022\/04\/07\/242-elia-verina\/\",\"name\":\"242. ELIA VERINA - CONDITIO FEMINAE I: Marginaci\\u00f3n y visibilidad de la mujer en el Imperio Romano\",\"isPartOf\":{\"@id\":\"https:\/\/grupo.us.es\/conditiofeminae\/#website\"},\"primaryImageOfPage\":{\"@id\":\"https:\/\/grupo.us.es\/conditiofeminae\/index.php\/2022\/04\/07\/242-elia-verina\/#primaryimage\"},\"datePublished\":\"2022-04-07T11:56:10+00:00\",\"dateModified\":\"2023-02-13T18:16:48+00:00\",\"description\":\"PROYECTO CONDITIO FEMINAE \\u2013 MARGINACION POLITICA, JURIDICA Y RELIGIOSA DE LA MUJER DURANTE EL ALTO IMPERIO ROMANO (SIGLOS I-III)Programa Estatal de Fomento de la Investigaci\\u00f3n Cient\\u00edfica y T\\u00e9cnica de Excelencia, Subprograma Estatal de Generaci\\u00f3n de Conocimiento.\",\"breadcrumb\":{\"@id\":\"https:\/\/grupo.us.es\/conditiofeminae\/index.php\/2022\/04\/07\/242-elia-verina\/#breadcrumb\"},\"inLanguage\":\"es\",\"potentialAction\":[{\"@type\":\"ReadAction\",\"target\":[\"https:\/\/grupo.us.es\/conditiofeminae\/index.php\/2022\/04\/07\/242-elia-verina\/\"]}]},{\"@type\":\"BreadcrumbList\",\"@id\":\"https:\/\/grupo.us.es\/conditiofeminae\/index.php\/2022\/04\/07\/242-elia-verina\/#breadcrumb\",\"itemListElement\":[{\"@type\":\"ListItem\",\"position\":1,\"name\":\"Portada\",\"item\":\"https:\/\/grupo.us.es\/conditiofeminae\/\"},{\"@type\":\"ListItem\",\"position\":2,\"name\":\"242. ELIA VERINA\"}]},{\"@type\":\"Article\",\"@id\":\"https:\/\/grupo.us.es\/conditiofeminae\/index.php\/2022\/04\/07\/242-elia-verina\/#article\",\"isPartOf\":{\"@id\":\"https:\/\/grupo.us.es\/conditiofeminae\/index.php\/2022\/04\/07\/242-elia-verina\/#webpage\"},\"author\":{\"@id\":\"https:\/\/grupo.us.es\/conditiofeminae\/#\/schema\/person\/8d5a2ef8795f2543311dfdb46b134483\"},\"headline\":\"242. ELIA VERINA\",\"datePublished\":\"2022-04-07T11:56:10+00:00\",\"dateModified\":\"2023-02-13T18:16:48+00:00\",\"mainEntityOfPage\":{\"@id\":\"https:\/\/grupo.us.es\/conditiofeminae\/index.php\/2022\/04\/07\/242-elia-verina\/#webpage\"},\"wordCount\":667,\"publisher\":{\"@id\":\"https:\/\/grupo.us.es\/conditiofeminae\/#organization\"},\"image\":{\"@id\":\"https:\/\/grupo.us.es\/conditiofeminae\/index.php\/2022\/04\/07\/242-elia-verina\/#primaryimage\"},\"thumbnailUrl\":\"https:\/\/grupo.us.es\/conditiofeminae\/wp-content\/uploads\/2021\/05\/Moneda-CF-mediana.png\",\"keywords\":[\"Exposici\\u00f3n Virtual: 250 mujeres de la antigua Roma\"],\"articleSection\":[\"250 mujeres de la antigua Roma\",\"Exposici\\u00f3n Virtual\",\"Per\\u00edodo IV: Antig\\u00fcedad tard\\u00eda (284 d. C. \\u2013 565 d. C.)\"],\"inLanguage\":\"es\"},{\"@type\":\"Person\",\"@id\":\"https:\/\/grupo.us.es\/conditiofeminae\/#\/schema\/person\/8d5a2ef8795f2543311dfdb46b134483\",\"name\":\"Patricia T\\u00e9llez\",\"image\":{\"@type\":\"ImageObject\",\"@id\":\"https:\/\/grupo.us.es\/conditiofeminae\/#personlogo\",\"inLanguage\":\"es\",\"url\":\"https:\/\/secure.gravatar.com\/avatar\/1cbcdd2aa637a1716a59c719467029e1?s=96&d=mm&r=g\",\"contentUrl\":\"https:\/\/secure.gravatar.com\/avatar\/1cbcdd2aa637a1716a59c719467029e1?s=96&d=mm&r=g\",\"caption\":\"Patricia T\\u00e9llez\"},\"url\":\"https:\/\/grupo.us.es\/conditiofeminae\/index.php\/author\/patriciatellez\/\"}]}<\/script>\n<!-- \/ Yoast SEO plugin. -->","yoast_head_json":{"title":"242. ELIA VERINA - CONDITIO FEMINAE I: Marginaci\u00f3n y visibilidad de la mujer en el Imperio Romano","description":"PROYECTO CONDITIO FEMINAE \u2013 MARGINACION POLITICA, JURIDICA Y RELIGIOSA DE LA MUJER DURANTE EL ALTO IMPERIO ROMANO (SIGLOS I-III)Programa Estatal de Fomento de la Investigaci\u00f3n Cient\u00edfica y T\u00e9cnica de Excelencia, Subprograma Estatal de Generaci\u00f3n de Conocimiento.","robots":{"index":"index","follow":"follow","max-snippet":"max-snippet:-1","max-image-preview":"max-image-preview:large","max-video-preview":"max-video-preview:-1"},"canonical":"https:\/\/grupo.us.es\/conditiofeminae\/index.php\/2022\/04\/07\/242-elia-verina\/","og_locale":"es_ES","og_type":"article","og_title":"242. ELIA VERINA - CONDITIO FEMINAE I: Marginaci\u00f3n y visibilidad de la mujer en el Imperio Romano","og_description":"PROYECTO CONDITIO FEMINAE \u2013 MARGINACION POLITICA, JURIDICA Y RELIGIOSA DE LA MUJER DURANTE EL ALTO IMPERIO ROMANO (SIGLOS I-III)Programa Estatal de Fomento de la Investigaci\u00f3n Cient\u00edfica y T\u00e9cnica de Excelencia, Subprograma Estatal de Generaci\u00f3n de Conocimiento.","og_url":"https:\/\/grupo.us.es\/conditiofeminae\/index.php\/2022\/04\/07\/242-elia-verina\/","og_site_name":"CONDITIO FEMINAE I: Marginaci\u00f3n y visibilidad de la mujer en el Imperio Romano","article_published_time":"2022-04-07T11:56:10+00:00","article_modified_time":"2023-02-13T18:16:48+00:00","og_image":[{"url":"https:\/\/grupo.us.es\/conditiofeminae\/wp-content\/uploads\/2021\/05\/Moneda-CF-mediana.png"}],"twitter_card":"summary_large_image","twitter_misc":{"Escrito por":"Patricia T\u00e9llez","Tiempo de lectura":"4 minutos"},"schema":{"@context":"https:\/\/schema.org","@graph":[{"@type":"Organization","@id":"https:\/\/grupo.us.es\/conditiofeminae\/#organization","name":"Departamento de Historia Antigua de la Universidad de Sevilla","url":"https:\/\/grupo.us.es\/conditiofeminae\/","sameAs":[],"logo":{"@type":"ImageObject","@id":"https:\/\/grupo.us.es\/conditiofeminae\/#logo","inLanguage":"es","url":"https:\/\/grupo.us.es\/conditiofeminae\/wp-content\/uploads\/2020\/03\/dpto-historia-antigua-us.jpg","contentUrl":"https:\/\/grupo.us.es\/conditiofeminae\/wp-content\/uploads\/2020\/03\/dpto-historia-antigua-us.jpg","width":104,"height":133,"caption":"Departamento de Historia Antigua de la Universidad de Sevilla"},"image":{"@id":"https:\/\/grupo.us.es\/conditiofeminae\/#logo"}},{"@type":"WebSite","@id":"https:\/\/grupo.us.es\/conditiofeminae\/#website","url":"https:\/\/grupo.us.es\/conditiofeminae\/","name":"CONDITIO FEMINAE I: Marginaci\u00f3n y visibilidad de la mujer en el Imperio Romano","description":"","publisher":{"@id":"https:\/\/grupo.us.es\/conditiofeminae\/#organization"},"potentialAction":[{"@type":"SearchAction","target":{"@type":"EntryPoint","urlTemplate":"https:\/\/grupo.us.es\/conditiofeminae\/?s={search_term_string}"},"query-input":"required name=search_term_string"}],"inLanguage":"es"},{"@type":"ImageObject","@id":"https:\/\/grupo.us.es\/conditiofeminae\/index.php\/2022\/04\/07\/242-elia-verina\/#primaryimage","inLanguage":"es","url":"https:\/\/grupo.us.es\/conditiofeminae\/wp-content\/uploads\/2021\/05\/Moneda-CF-mediana.png","contentUrl":"https:\/\/grupo.us.es\/conditiofeminae\/wp-content\/uploads\/2021\/05\/Moneda-CF-mediana.png","width":152,"height":147},{"@type":"WebPage","@id":"https:\/\/grupo.us.es\/conditiofeminae\/index.php\/2022\/04\/07\/242-elia-verina\/#webpage","url":"https:\/\/grupo.us.es\/conditiofeminae\/index.php\/2022\/04\/07\/242-elia-verina\/","name":"242. ELIA VERINA - CONDITIO FEMINAE I: Marginaci\u00f3n y visibilidad de la mujer en el Imperio Romano","isPartOf":{"@id":"https:\/\/grupo.us.es\/conditiofeminae\/#website"},"primaryImageOfPage":{"@id":"https:\/\/grupo.us.es\/conditiofeminae\/index.php\/2022\/04\/07\/242-elia-verina\/#primaryimage"},"datePublished":"2022-04-07T11:56:10+00:00","dateModified":"2023-02-13T18:16:48+00:00","description":"PROYECTO CONDITIO FEMINAE \u2013 MARGINACION POLITICA, JURIDICA Y RELIGIOSA DE LA MUJER DURANTE EL ALTO IMPERIO ROMANO (SIGLOS I-III)Programa Estatal de Fomento de la Investigaci\u00f3n Cient\u00edfica y T\u00e9cnica de Excelencia, Subprograma Estatal de Generaci\u00f3n de Conocimiento.","breadcrumb":{"@id":"https:\/\/grupo.us.es\/conditiofeminae\/index.php\/2022\/04\/07\/242-elia-verina\/#breadcrumb"},"inLanguage":"es","potentialAction":[{"@type":"ReadAction","target":["https:\/\/grupo.us.es\/conditiofeminae\/index.php\/2022\/04\/07\/242-elia-verina\/"]}]},{"@type":"BreadcrumbList","@id":"https:\/\/grupo.us.es\/conditiofeminae\/index.php\/2022\/04\/07\/242-elia-verina\/#breadcrumb","itemListElement":[{"@type":"ListItem","position":1,"name":"Portada","item":"https:\/\/grupo.us.es\/conditiofeminae\/"},{"@type":"ListItem","position":2,"name":"242. ELIA VERINA"}]},{"@type":"Article","@id":"https:\/\/grupo.us.es\/conditiofeminae\/index.php\/2022\/04\/07\/242-elia-verina\/#article","isPartOf":{"@id":"https:\/\/grupo.us.es\/conditiofeminae\/index.php\/2022\/04\/07\/242-elia-verina\/#webpage"},"author":{"@id":"https:\/\/grupo.us.es\/conditiofeminae\/#\/schema\/person\/8d5a2ef8795f2543311dfdb46b134483"},"headline":"242. ELIA VERINA","datePublished":"2022-04-07T11:56:10+00:00","dateModified":"2023-02-13T18:16:48+00:00","mainEntityOfPage":{"@id":"https:\/\/grupo.us.es\/conditiofeminae\/index.php\/2022\/04\/07\/242-elia-verina\/#webpage"},"wordCount":667,"publisher":{"@id":"https:\/\/grupo.us.es\/conditiofeminae\/#organization"},"image":{"@id":"https:\/\/grupo.us.es\/conditiofeminae\/index.php\/2022\/04\/07\/242-elia-verina\/#primaryimage"},"thumbnailUrl":"https:\/\/grupo.us.es\/conditiofeminae\/wp-content\/uploads\/2021\/05\/Moneda-CF-mediana.png","keywords":["Exposici\u00f3n Virtual: 250 mujeres de la antigua Roma"],"articleSection":["250 mujeres de la antigua Roma","Exposici\u00f3n Virtual","Per\u00edodo IV: Antig\u00fcedad tard\u00eda (284 d. C. \u2013 565 d. C.)"],"inLanguage":"es"},{"@type":"Person","@id":"https:\/\/grupo.us.es\/conditiofeminae\/#\/schema\/person\/8d5a2ef8795f2543311dfdb46b134483","name":"Patricia T\u00e9llez","image":{"@type":"ImageObject","@id":"https:\/\/grupo.us.es\/conditiofeminae\/#personlogo","inLanguage":"es","url":"https:\/\/secure.gravatar.com\/avatar\/1cbcdd2aa637a1716a59c719467029e1?s=96&d=mm&r=g","contentUrl":"https:\/\/secure.gravatar.com\/avatar\/1cbcdd2aa637a1716a59c719467029e1?s=96&d=mm&r=g","caption":"Patricia T\u00e9llez"},"url":"https:\/\/grupo.us.es\/conditiofeminae\/index.php\/author\/patriciatellez\/"}]}},"_links":{"self":[{"href":"https:\/\/grupo.us.es\/conditiofeminae\/index.php\/wp-json\/wp\/v2\/posts\/3564"}],"collection":[{"href":"https:\/\/grupo.us.es\/conditiofeminae\/index.php\/wp-json\/wp\/v2\/posts"}],"about":[{"href":"https:\/\/grupo.us.es\/conditiofeminae\/index.php\/wp-json\/wp\/v2\/types\/post"}],"author":[{"embeddable":true,"href":"https:\/\/grupo.us.es\/conditiofeminae\/index.php\/wp-json\/wp\/v2\/users\/9"}],"replies":[{"embeddable":true,"href":"https:\/\/grupo.us.es\/conditiofeminae\/index.php\/wp-json\/wp\/v2\/comments?post=3564"}],"version-history":[{"count":19,"href":"https:\/\/grupo.us.es\/conditiofeminae\/index.php\/wp-json\/wp\/v2\/posts\/3564\/revisions"}],"predecessor-version":[{"id":8058,"href":"https:\/\/grupo.us.es\/conditiofeminae\/index.php\/wp-json\/wp\/v2\/posts\/3564\/revisions\/8058"}],"wp:attachment":[{"href":"https:\/\/grupo.us.es\/conditiofeminae\/index.php\/wp-json\/wp\/v2\/media?parent=3564"}],"wp:term":[{"taxonomy":"category","embeddable":true,"href":"https:\/\/grupo.us.es\/conditiofeminae\/index.php\/wp-json\/wp\/v2\/categories?post=3564"},{"taxonomy":"post_tag","embeddable":true,"href":"https:\/\/grupo.us.es\/conditiofeminae\/index.php\/wp-json\/wp\/v2\/tags?post=3564"}],"curies":[{"name":"wp","href":"https:\/\/api.w.org\/{rel}","templated":true}]}}