{"id":3517,"date":"2022-04-07T12:03:50","date_gmt":"2022-04-07T11:03:50","guid":{"rendered":"https:\/\/grupo.us.es\/conditiofeminae\/index.php\/2022\/04\/07\/pulqueria-copy\/"},"modified":"2023-02-13T18:53:36","modified_gmt":"2023-02-13T17:53:36","slug":"235-elia-eudocia","status":"publish","type":"post","link":"https:\/\/grupo.us.es\/conditiofeminae\/index.php\/2022\/04\/07\/235-elia-eudocia\/","title":{"rendered":"235. ELIA EUDOCIA"},"content":{"rendered":"\t\t<div data-elementor-type=\"wp-post\" data-elementor-id=\"3517\" class=\"elementor elementor-3517\" data-elementor-settings=\"[]\">\n\t\t\t\t\t\t\t<div class=\"elementor-section-wrap\">\n\t\t\t\t\t\t\t<section class=\"elementor-section elementor-top-section elementor-element elementor-element-085289a elementor-section-boxed elementor-section-height-default elementor-section-height-default\" data-id=\"085289a\" data-element_type=\"section\">\n\t\t\t\t\t\t<div class=\"elementor-container elementor-column-gap-default\">\n\t\t\t\t\t<div class=\"elementor-column elementor-col-100 elementor-top-column elementor-element elementor-element-dfc3797\" data-id=\"dfc3797\" data-element_type=\"column\">\n\t\t\t<div class=\"elementor-widget-wrap elementor-element-populated\">\n\t\t\t\t\t\t\t\t<div class=\"elementor-element elementor-element-b5cc15e elementor-position-right elementor-vertical-align-middle elementor-view-default elementor-invisible elementor-widget elementor-widget-icon-box\" data-id=\"b5cc15e\" data-element_type=\"widget\" data-settings=\"{&quot;_animation&quot;:&quot;fadeInLeft&quot;}\" data-widget_type=\"icon-box.default\">\n\t\t\t\t<div class=\"elementor-widget-container\">\n\t\t\t\t\t<div class=\"elementor-icon-box-wrapper\">\n\t\t\t\t\t\t<div class=\"elementor-icon-box-icon\">\n\t\t\t\t<a class=\"elementor-icon elementor-animation-\" href=\"https:\/\/grupo.us.es\/conditiofeminae\/index.php\/250-mujeres-de-la-antigua-roma\/\">\n\t\t\t\t<i aria-hidden=\"true\" class=\"fas fa-arrow-right\"><\/i>\t\t\t\t<\/a>\n\t\t\t<\/div>\n\t\t\t\t\t\t<div class=\"elementor-icon-box-content\">\n\t\t\t\t<p class=\"elementor-icon-box-title\">\n\t\t\t\t\t<a href=\"https:\/\/grupo.us.es\/conditiofeminae\/index.php\/250-mujeres-de-la-antigua-roma\/\" >\n\t\t\t\t\t\t<span>Exposici\u00f3n Virtual: 250 mujeres de la antigua Roma<\/span>\t\t\t\t\t<\/a>\n\t\t\t\t<\/p>\n\t\t\t\t\t\t\t<\/div>\n\t\t<\/div>\n\t\t\t\t<\/div>\n\t\t\t\t<\/div>\n\t\t\t\t\t<\/div>\n\t\t<\/div>\n\t\t\t\t\t\t\t<\/div>\n\t\t<\/section>\n\t\t\t\t<section class=\"elementor-section elementor-top-section elementor-element elementor-element-9c17472 elementor-section-stretched elementor-section-boxed elementor-section-height-default elementor-section-height-default\" data-id=\"9c17472\" data-element_type=\"section\" id=\"2010\" data-settings=\"{&quot;stretch_section&quot;:&quot;section-stretched&quot;,&quot;background_background&quot;:&quot;classic&quot;,&quot;shape_divider_top&quot;:&quot;opacity-fan&quot;,&quot;shape_divider_bottom&quot;:&quot;opacity-fan&quot;}\">\n\t\t\t\t\t<div class=\"elementor-shape elementor-shape-top\" data-negative=\"false\">\n\t\t\t<svg xmlns=\"http:\/\/www.w3.org\/2000\/svg\" viewBox=\"0 0 283.5 19.6\" preserveAspectRatio=\"none\">\n\t<path class=\"elementor-shape-fill\" style=\"opacity:0.33\" d=\"M0 0L0 18.8 141.8 4.1 283.5 18.8 283.5 0z\"\/>\n\t<path class=\"elementor-shape-fill\" style=\"opacity:0.33\" d=\"M0 0L0 12.6 141.8 4 283.5 12.6 283.5 0z\"\/>\n\t<path class=\"elementor-shape-fill\" style=\"opacity:0.33\" d=\"M0 0L0 6.4 141.8 4 283.5 6.4 283.5 0z\"\/>\n\t<path class=\"elementor-shape-fill\" d=\"M0 0L0 1.2 141.8 4 283.5 1.2 283.5 0z\"\/>\n<\/svg>\t\t<\/div>\n\t\t\t\t<div class=\"elementor-shape elementor-shape-bottom\" data-negative=\"false\">\n\t\t\t<svg xmlns=\"http:\/\/www.w3.org\/2000\/svg\" viewBox=\"0 0 283.5 19.6\" preserveAspectRatio=\"none\">\n\t<path class=\"elementor-shape-fill\" style=\"opacity:0.33\" d=\"M0 0L0 18.8 141.8 4.1 283.5 18.8 283.5 0z\"\/>\n\t<path class=\"elementor-shape-fill\" style=\"opacity:0.33\" d=\"M0 0L0 12.6 141.8 4 283.5 12.6 283.5 0z\"\/>\n\t<path class=\"elementor-shape-fill\" style=\"opacity:0.33\" d=\"M0 0L0 6.4 141.8 4 283.5 6.4 283.5 0z\"\/>\n\t<path class=\"elementor-shape-fill\" d=\"M0 0L0 1.2 141.8 4 283.5 1.2 283.5 0z\"\/>\n<\/svg>\t\t<\/div>\n\t\t\t\t\t<div class=\"elementor-container elementor-column-gap-default\">\n\t\t\t\t\t<div class=\"elementor-column elementor-col-50 elementor-top-column elementor-element elementor-element-226e72a\" data-id=\"226e72a\" data-element_type=\"column\">\n\t\t\t<div class=\"elementor-widget-wrap elementor-element-populated\">\n\t\t\t\t\t\t\t\t<div class=\"elementor-element elementor-element-ff89d35 elementor-invisible elementor-widget elementor-widget-image\" data-id=\"ff89d35\" data-element_type=\"widget\" data-settings=\"{&quot;_animation&quot;:&quot;rollIn&quot;}\" data-widget_type=\"image.default\">\n\t\t\t\t<div class=\"elementor-widget-container\">\n\t\t\t\t\t\t\t\t\t\t\t\t\t\t\t<img width=\"152\" height=\"147\" src=\"https:\/\/grupo.us.es\/conditiofeminae\/wp-content\/uploads\/2021\/05\/Moneda-CF-mediana.png\" class=\"attachment-large size-large\" alt=\"\" loading=\"lazy\" srcset=\"https:\/\/grupo.us.es\/conditiofeminae\/wp-content\/uploads\/2021\/05\/Moneda-CF-mediana.png 152w, https:\/\/grupo.us.es\/conditiofeminae\/wp-content\/uploads\/2021\/05\/Moneda-CF-mediana-150x145.png 150w\" sizes=\"(max-width: 152px) 100vw, 152px\" \/>\t\t\t\t\t\t\t\t\t\t\t\t\t\t\t<\/div>\n\t\t\t\t<\/div>\n\t\t\t\t\t<\/div>\n\t\t<\/div>\n\t\t\t\t<div class=\"elementor-column elementor-col-50 elementor-top-column elementor-element elementor-element-f60c356\" data-id=\"f60c356\" data-element_type=\"column\">\n\t\t\t<div class=\"elementor-widget-wrap elementor-element-populated\">\n\t\t\t\t\t\t\t\t<div class=\"elementor-element elementor-element-20529d3 elementor-invisible elementor-widget elementor-widget-heading\" data-id=\"20529d3\" data-element_type=\"widget\" data-settings=\"{&quot;_animation&quot;:&quot;fadeInLeft&quot;}\" data-widget_type=\"heading.default\">\n\t\t\t\t<div class=\"elementor-widget-container\">\n\t\t\t<h3 class=\"elementor-heading-title elementor-size-xl\">235. ELIA EUDOCIA<\/h3>\t\t<\/div>\n\t\t\t\t<\/div>\n\t\t\t\t\t<\/div>\n\t\t<\/div>\n\t\t\t\t\t\t\t<\/div>\n\t\t<\/section>\n\t\t\t\t<section class=\"elementor-section elementor-top-section elementor-element elementor-element-39813ee elementor-section-boxed elementor-section-height-default elementor-section-height-default\" data-id=\"39813ee\" data-element_type=\"section\" id=\"1500\" data-settings=\"{&quot;background_background&quot;:&quot;classic&quot;}\">\n\t\t\t\t\t\t<div class=\"elementor-container elementor-column-gap-default\">\n\t\t\t\t\t<div class=\"elementor-column elementor-col-100 elementor-top-column elementor-element elementor-element-71f1386\" data-id=\"71f1386\" data-element_type=\"column\">\n\t\t\t<div class=\"elementor-widget-wrap elementor-element-populated\">\n\t\t\t\t\t\t\t\t<section class=\"elementor-section elementor-inner-section elementor-element elementor-element-fa617e3 elementor-section-boxed elementor-section-height-default elementor-section-height-default\" data-id=\"fa617e3\" data-element_type=\"section\">\n\t\t\t\t\t\t<div class=\"elementor-container elementor-column-gap-default\">\n\t\t\t\t\t<div class=\"elementor-column elementor-col-50 elementor-inner-column elementor-element elementor-element-052f95e\" data-id=\"052f95e\" data-element_type=\"column\">\n\t\t\t<div class=\"elementor-widget-wrap elementor-element-populated\">\n\t\t\t\t\t\t\t\t<div class=\"elementor-element elementor-element-77d5a25 elementor-widget elementor-widget-text-editor\" data-id=\"77d5a25\" data-element_type=\"widget\" data-widget_type=\"text-editor.default\">\n\t\t\t\t<div class=\"elementor-widget-container\">\n\t\t\t\t\t\t\t<p class=\"sangriaPrimeraLinea\">Nacida con el nombre de Atenais en el 401, era hija del fil\u00f3sofo sofista ateniense Leoncio, quien le hab\u00eda proporcionado una docta instrucci\u00f3n. Ten\u00eda dos hermanos mayores, Valerio y Gersio, quienes, a la muerte de su padre y en contra de la voluntad de este \u00faltimo, la repudiaron. Sola y sin tener a d\u00f3nde ir, acudi\u00f3 a casa de unos familiares en Constantinopla. En ese momento, Pulqueria, hermana del emperador Teodosio II, buscaba una \u00f3ptima candidata para casarlo. Esta deb\u00eda cumplir con los deberes del matrimonio y, adem\u00e1s, ten\u00eda que ser totalmente ajena al c\u00edrculo de la corte para evitar posibles intereses pol\u00edticos y religiosos.\u00a0<\/p>\t\t\t\t\t\t<\/div>\n\t\t\t\t<\/div>\n\t\t\t\t\t<\/div>\n\t\t<\/div>\n\t\t\t\t<div class=\"elementor-column elementor-col-50 elementor-inner-column elementor-element elementor-element-4fc5076\" data-id=\"4fc5076\" data-element_type=\"column\">\n\t\t\t<div class=\"elementor-widget-wrap elementor-element-populated\">\n\t\t\t\t\t\t\t\t<div class=\"elementor-element elementor-element-9067e68 elementor-widget elementor-widget-hotspot\" data-id=\"9067e68\" data-element_type=\"widget\" data-settings=\"{&quot;hotspot&quot;:[{&quot;_id&quot;:&quot;fe4c32b&quot;,&quot;hotspot_tooltip_content&quot;:&quot;&lt;p&gt;Constantinopolis&lt;\\\/p&gt;&quot;,&quot;hotspot_offset_x&quot;:{&quot;unit&quot;:&quot;%&quot;,&quot;size&quot;:75,&quot;sizes&quot;:[]},&quot;hotspot_offset_y&quot;:{&quot;unit&quot;:&quot;%&quot;,&quot;size&quot;:44,&quot;sizes&quot;:[]},&quot;hotspot_label&quot;:&quot;&quot;,&quot;hotspot_link&quot;:{&quot;url&quot;:&quot;&quot;,&quot;is_external&quot;:&quot;&quot;,&quot;nofollow&quot;:&quot;&quot;,&quot;custom_attributes&quot;:&quot;&quot;},&quot;hotspot_icon&quot;:{&quot;value&quot;:&quot;&quot;,&quot;library&quot;:&quot;&quot;},&quot;hotspot_icon_position&quot;:null,&quot;hotspot_icon_spacing&quot;:null,&quot;hotspot_custom_size&quot;:&quot;no&quot;,&quot;hotspot_width&quot;:null,&quot;hotspot_height&quot;:null,&quot;hotspot_horizontal&quot;:&quot;left&quot;,&quot;hotspot_offset_x_tablet&quot;:{&quot;unit&quot;:&quot;px&quot;,&quot;size&quot;:&quot;&quot;,&quot;sizes&quot;:[]},&quot;hotspot_offset_x_mobile&quot;:{&quot;unit&quot;:&quot;px&quot;,&quot;size&quot;:&quot;&quot;,&quot;sizes&quot;:[]},&quot;hotspot_vertical&quot;:&quot;top&quot;,&quot;hotspot_offset_y_tablet&quot;:{&quot;unit&quot;:&quot;px&quot;,&quot;size&quot;:&quot;&quot;,&quot;sizes&quot;:[]},&quot;hotspot_offset_y_mobile&quot;:{&quot;unit&quot;:&quot;px&quot;,&quot;size&quot;:&quot;&quot;,&quot;sizes&quot;:[]},&quot;hotspot_tooltip_position&quot;:&quot;no&quot;,&quot;hotspot_position&quot;:null,&quot;hotspot_position_tablet&quot;:null,&quot;hotspot_position_mobile&quot;:null,&quot;hotspot_tooltip_width&quot;:null,&quot;hotspot_tooltip_width_tablet&quot;:null,&quot;hotspot_tooltip_width_mobile&quot;:null,&quot;hotspot_tooltip_text_wrap&quot;:null}],&quot;tooltip_position&quot;:&quot;bottom&quot;,&quot;tooltip_trigger&quot;:&quot;none&quot;,&quot;hotspot_sequenced_animation&quot;:&quot;no&quot;}\" data-widget_type=\"hotspot.default\">\n\t\t\t\t<div class=\"elementor-widget-container\">\n\t\t\t<img width=\"745\" height=\"534\" src=\"https:\/\/grupo.us.es\/conditiofeminae\/wp-content\/uploads\/2022\/02\/mapa_ficha.jpg\" class=\"attachment-full size-full\" alt=\"\" loading=\"lazy\" srcset=\"https:\/\/grupo.us.es\/conditiofeminae\/wp-content\/uploads\/2022\/02\/mapa_ficha.jpg 745w, https:\/\/grupo.us.es\/conditiofeminae\/wp-content\/uploads\/2022\/02\/mapa_ficha-300x215.jpg 300w, https:\/\/grupo.us.es\/conditiofeminae\/wp-content\/uploads\/2022\/02\/mapa_ficha-150x108.jpg 150w\" sizes=\"(max-width: 745px) 100vw, 745px\" \/>\n\t\t\t\t\t\t<div class=\"e-hotspot elementor-repeater-item-fe4c32b  e-hotspot--position-left e-hotspot--position-top   e-hotspot--circle\">\n\n\t\t\t\t\t\t\t\t<div class=\"e-hotspot__button e-hotspot--expand\">\n\t\t\t\t\t\t\t\t\t\t\t<div class=\"e-hotspot__outer-circle\"><\/div>\n\t\t\t\t\t\t<div class=\"e-hotspot__inner-circle\"><\/div>\n\t\t\t\t\t\t\t\t\t<\/div>\n\n\t\t\t\t\t\t\t\t\t\t\t\t\t\t\t\t\t\t<div class=\"e-hotspot__tooltip e-hotspot--show-tooltip e-hotspot--tooltip-position  \" >\n\t\t\t\t\t\t<p>Constantinopolis<\/p>\t\t\t\t\t<\/div>\n\t\t\t\t\t\t\t\t\t\n\t\t\t<\/div>\n\n\t\n\t\t\t\t<\/div>\n\t\t\t\t<\/div>\n\t\t\t\t\t<\/div>\n\t\t<\/div>\n\t\t\t\t\t\t\t<\/div>\n\t\t<\/section>\n\t\t\t\t<div class=\"elementor-element elementor-element-adc823c elementor-widget elementor-widget-text-editor\" data-id=\"adc823c\" data-element_type=\"widget\" data-widget_type=\"text-editor.default\">\n\t\t\t\t<div class=\"elementor-widget-container\">\n\t\t\t\t\t\t\t\t\t\t\t\t\t<\/div>\n\t\t\t\t<\/div>\n\t\t\t\t<div class=\"elementor-element elementor-element-ae76889 elementor-widget elementor-widget-text-editor\" data-id=\"ae76889\" data-element_type=\"widget\" data-widget_type=\"text-editor.default\">\n\t\t\t\t<div class=\"elementor-widget-container\">\n\t\t\t\t\t\t\t<p class=\"sangriaPrimeraLinea\">As\u00ed, supo que una joven educada y de belleza extraordinaria hab\u00eda llegado a la ciudad, por lo que decidi\u00f3 concederle una audiencia. Atenais sorprendi\u00f3 a Pulqueria por su apariencia, inteligencia y sofisticaci\u00f3n. Teodosio qued\u00f3 prendado y poco tiempo despu\u00e9s se llev\u00f3 a cabo el enlace. Atenais se convirti\u00f3 al cristianismo y cambi\u00f3 su nombre a Elia Licinia Eudocia. De esta uni\u00f3n nacieron tres hijos: Licinia Eudoxia, Arcadio y Flacila. Al nacer su primog\u00e9nita, fue proclamada Augusta y mand\u00f3 llamar a sus hermanos a Constantinopla. Convenci\u00f3 a su esposo para que nombrara a Gersio prefecto del pretorio de la provincia de <em>Illyricum<\/em> y a Valerio <em>magister oficiorum<\/em>.\u00a0<\/p><p class=\"sangriaPrimeraLinea\">Con la boda de su primog\u00e9nita todo cambi\u00f3. Prometida con el futuro Valentiniano III, desde el Imperio de Occidente enviaron al pagano Rufio Antonio Agripnio Volusiano para que organizara los preparativos de la boda en Constantinopla. Este era t\u00edo de la famosa cristiana asc\u00e9tica Melania la Menor, quien, ante la noticia, no dud\u00f3 en viajar a Constantinopla para reencontrarse con \u00e9l. De esta forma, Eudocia conoci\u00f3 a la joven Melania que le mostr\u00f3 los preceptos del ascetismo. Tras la boda de Licinia Eudoxia, sobre el a\u00f1o 438, Eudocia peregrin\u00f3 hacia Jerusal\u00e9n para ver a Melania, en su monasterio sobre el Monte de los Olivos y su comunidad de v\u00edrgenes. En dicho peregrinaje, tambi\u00e9n acudi\u00f3 a la iglesia de la Resurrecci\u00f3n, or\u00f3 en Antioqu\u00eda haciendo gala de una incre\u00edble ret\u00f3rica y contribuy\u00f3 al traslado de las reliquias de Juan Cris\u00f3stomo. Todo ello la confirm\u00f3 como una piadosa mujer imperial que segu\u00eda la estela de Elena de Constantinopla.<\/p><p class=\"sangriaPrimeraLinea\">Pese a sus esfuerzos, no consegu\u00eda igualar el poder y la popularidad de Pulqueria. Este hecho fue utilizado por Crisafio, eunuco de la corte que quer\u00eda aprovechar la debilidad de Teodosio II para ostentar el poder. Utiliz\u00f3 a Eudocia para que alejara a aquella del emperador. Sin embargo, fue descubierto posteriormente. Eudocia cay\u00f3 en desgracia poco despu\u00e9s al ser acusada de adulterio con Paulino, <em>magister oficiorum<\/em> y amigo \u00edntimo de Teodosio II. Si bien es verdad que les un\u00eda un gran afecto, no pudieron demostrar su inocencia. Paulino fue ejecutado y Eudocia se retir\u00f3 en el a\u00f1o 440 a Jerusal\u00e9n. Se reconcili\u00f3 con Pulqueria no sin antes haber participado en la rebeli\u00f3n de los monofisitas de Siria y haber sido acusada de asesinato. Consagr\u00f3 sus \u00faltimos d\u00edas al estudio y la literatura. Muri\u00f3 en el a\u00f1o 460 dejando un legado en la historia como emperatriz consorte cristiana de origen pagano y autora de numerosas obras, entre las que destacan las par\u00e1frasis de los libros de Daniel y Zacar\u00edas o un poema sobre las victorias en Siria de su esposo.\u00a0<\/p>\t\t\t\t\t\t<\/div>\n\t\t\t\t<\/div>\n\t\t\t\t<div class=\"elementor-element elementor-element-4010c2c elementor-widget elementor-widget-image\" data-id=\"4010c2c\" data-element_type=\"widget\" data-widget_type=\"image.default\">\n\t\t\t\t<div class=\"elementor-widget-container\">\n\t\t\t\t\t\t\t\t\t\t\t\t\t\t\t<img width=\"152\" height=\"147\" src=\"https:\/\/grupo.us.es\/conditiofeminae\/wp-content\/uploads\/2021\/05\/Moneda-CF-mediana.png\" class=\"attachment-full size-full\" alt=\"\" loading=\"lazy\" srcset=\"https:\/\/grupo.us.es\/conditiofeminae\/wp-content\/uploads\/2021\/05\/Moneda-CF-mediana.png 152w, https:\/\/grupo.us.es\/conditiofeminae\/wp-content\/uploads\/2021\/05\/Moneda-CF-mediana-150x145.png 150w\" sizes=\"(max-width: 152px) 100vw, 152px\" \/>\t\t\t\t\t\t\t\t\t\t\t\t\t\t\t<\/div>\n\t\t\t\t<\/div>\n\t\t\t\t<div class=\"elementor-element elementor-element-392935b elementor-widget elementor-widget-heading\" data-id=\"392935b\" data-element_type=\"widget\" data-widget_type=\"heading.default\">\n\t\t\t\t<div class=\"elementor-widget-container\">\n\t\t\t<p class=\"elementor-heading-title elementor-size-default\">Patricia T\u00e9llez Francisco<\/p>\t\t<\/div>\n\t\t\t\t<\/div>\n\t\t\t\t<div class=\"elementor-element elementor-element-c33c9e4 elementor-widget elementor-widget-heading\" data-id=\"c33c9e4\" data-element_type=\"widget\" data-widget_type=\"heading.default\">\n\t\t\t\t<div class=\"elementor-widget-container\">\n\t\t\t<p class=\"elementor-heading-title elementor-size-default\">Universidad de Sevilla<\/p>\t\t<\/div>\n\t\t\t\t<\/div>\n\t\t\t\t\t<\/div>\n\t\t<\/div>\n\t\t\t\t\t\t\t<\/div>\n\t\t<\/section>\n\t\t\t\t<section class=\"elementor-section elementor-top-section elementor-element elementor-element-0e63e03 elementor-section-stretched elementor-section-boxed elementor-section-height-default elementor-section-height-default\" data-id=\"0e63e03\" data-element_type=\"section\" data-settings=\"{&quot;stretch_section&quot;:&quot;section-stretched&quot;,&quot;background_background&quot;:&quot;classic&quot;,&quot;shape_divider_top&quot;:&quot;opacity-fan&quot;,&quot;shape_divider_bottom&quot;:&quot;opacity-fan&quot;}\">\n\t\t\t\t\t<div class=\"elementor-shape elementor-shape-top\" data-negative=\"false\">\n\t\t\t<svg xmlns=\"http:\/\/www.w3.org\/2000\/svg\" viewBox=\"0 0 283.5 19.6\" preserveAspectRatio=\"none\">\n\t<path class=\"elementor-shape-fill\" style=\"opacity:0.33\" d=\"M0 0L0 18.8 141.8 4.1 283.5 18.8 283.5 0z\"\/>\n\t<path class=\"elementor-shape-fill\" style=\"opacity:0.33\" d=\"M0 0L0 12.6 141.8 4 283.5 12.6 283.5 0z\"\/>\n\t<path class=\"elementor-shape-fill\" style=\"opacity:0.33\" d=\"M0 0L0 6.4 141.8 4 283.5 6.4 283.5 0z\"\/>\n\t<path class=\"elementor-shape-fill\" d=\"M0 0L0 1.2 141.8 4 283.5 1.2 283.5 0z\"\/>\n<\/svg>\t\t<\/div>\n\t\t\t\t<div class=\"elementor-shape elementor-shape-bottom\" data-negative=\"false\">\n\t\t\t<svg xmlns=\"http:\/\/www.w3.org\/2000\/svg\" viewBox=\"0 0 283.5 19.6\" preserveAspectRatio=\"none\">\n\t<path class=\"elementor-shape-fill\" style=\"opacity:0.33\" d=\"M0 0L0 18.8 141.8 4.1 283.5 18.8 283.5 0z\"\/>\n\t<path class=\"elementor-shape-fill\" style=\"opacity:0.33\" d=\"M0 0L0 12.6 141.8 4 283.5 12.6 283.5 0z\"\/>\n\t<path class=\"elementor-shape-fill\" style=\"opacity:0.33\" d=\"M0 0L0 6.4 141.8 4 283.5 6.4 283.5 0z\"\/>\n\t<path class=\"elementor-shape-fill\" d=\"M0 0L0 1.2 141.8 4 283.5 1.2 283.5 0z\"\/>\n<\/svg>\t\t<\/div>\n\t\t\t\t\t<div class=\"elementor-container elementor-column-gap-default\">\n\t\t\t\t\t<div class=\"elementor-column elementor-col-50 elementor-top-column elementor-element elementor-element-12a4ba3\" data-id=\"12a4ba3\" data-element_type=\"column\">\n\t\t\t<div class=\"elementor-widget-wrap elementor-element-populated\">\n\t\t\t\t\t\t\t\t<div class=\"elementor-element elementor-element-ca3c4ef elementor-widget elementor-widget-image\" data-id=\"ca3c4ef\" data-element_type=\"widget\" data-widget_type=\"image.default\">\n\t\t\t\t<div class=\"elementor-widget-container\">\n\t\t\t\t\t\t\t\t\t\t\t\t\t\t\t\t<a href=\"https:\/\/grupo.us.es\/conditiofeminae\/wp-content\/uploads\/2022\/04\/RIC229.jpg\" data-elementor-open-lightbox=\"yes\" data-elementor-lightbox-title=\"RIC229\">\n\t\t\t\t\t\t\t<img width=\"325\" height=\"159\" src=\"https:\/\/grupo.us.es\/conditiofeminae\/wp-content\/uploads\/2022\/04\/RIC229.jpg\" class=\"attachment-large size-large\" alt=\"\" loading=\"lazy\" srcset=\"https:\/\/grupo.us.es\/conditiofeminae\/wp-content\/uploads\/2022\/04\/RIC229.jpg 325w, https:\/\/grupo.us.es\/conditiofeminae\/wp-content\/uploads\/2022\/04\/RIC229-300x147.jpg 300w, https:\/\/grupo.us.es\/conditiofeminae\/wp-content\/uploads\/2022\/04\/RIC229-150x73.jpg 150w\" sizes=\"(max-width: 325px) 100vw, 325px\" \/>\t\t\t\t\t\t\t\t<\/a>\n\t\t\t\t\t\t\t\t\t\t\t\t\t\t\t<\/div>\n\t\t\t\t<\/div>\n\t\t\t\t<div class=\"elementor-element elementor-element-293c65f elementor-widget elementor-widget-heading\" data-id=\"293c65f\" data-element_type=\"widget\" data-widget_type=\"heading.default\">\n\t\t\t\t<div class=\"elementor-widget-container\">\n\t\t\t<p class=\"elementor-heading-title elementor-size-small\">S\u00f3lido de Elia Eudocia. Anverso: busto de Elia Eudocia. Leyenda: AEL. Eudocia AUG. Reverso: Representaci\u00f3n de la diosa Victoria estante. Leyenda: VOT XX MVLT XXX, CONOB. Siglo IV. Constantinopla.<\/p>\t\t<\/div>\n\t\t\t\t<\/div>\n\t\t\t\t<div class=\"elementor-element elementor-element-e249b6b elementor-widget elementor-widget-heading\" data-id=\"e249b6b\" data-element_type=\"widget\" data-widget_type=\"heading.default\">\n\t\t\t\t<div class=\"elementor-widget-container\">\n\t\t\t<p class=\"elementor-heading-title elementor-size-small\"><a href=\"http:\/\/www.ancientcoins.ca\/RIC\/index.htm\" target=\"_blank\">Anient Coins (Roman Imperial Coinage) RIC X 229.<\/a><\/p>\t\t<\/div>\n\t\t\t\t<\/div>\n\t\t\t\t\t<\/div>\n\t\t<\/div>\n\t\t\t\t<div class=\"elementor-column elementor-col-50 elementor-top-column elementor-element elementor-element-6c03f0e\" data-id=\"6c03f0e\" data-element_type=\"column\">\n\t\t\t<div class=\"elementor-widget-wrap elementor-element-populated\">\n\t\t\t\t\t\t\t\t<div class=\"elementor-element elementor-element-d70e942 elementor-widget elementor-widget-text-editor\" data-id=\"d70e942\" data-element_type=\"widget\" data-widget_type=\"text-editor.default\">\n\t\t\t\t<div class=\"elementor-widget-container\">\n\t\t\t\t\t\t\t<p><strong>Fuentes principales<\/strong><\/p><p><span style=\"font-family: 'times new roman', times, serif;\">Juan Malalas, <em>Cronograf\u00eda<\/em>, r.14.353.7.<\/span><\/p><p><span style=\"font-family: 'times new roman', times, serif;\">Z\u00f3simo,\u00a0<em>Nueva historia<\/em>, 6.<\/span><\/p><p><strong>Selecci\u00f3n bibliogr\u00e1fica<\/strong><\/p><p class=\"sangriaFrancesa\" style=\"text-align: justify;\"><span style=\"font-family: 'times new roman', times, serif;\">Ca\u00f1izar Palacios, J.L., \u201cLa figura imperial femenina en \u00e9poca tardorromana a trav\u00e9s de Z\u00f3simo y el Cth\u201d, <em>Espacio, Tiempo y Forma, Serie II, H.\u00aa Antigua<\/em> 15 (2004) 225-240.<\/span><\/p><p class=\"sangriaFrancesa\" style=\"text-align: justify;\"><span style=\"font-family: 'times new roman', times, serif;\">Holum, G.K., <em>Theodosian Empresses: Women and Imperial Dominion in Late Antiquity <\/em>(Berkeley &#8211; Los \u00c1ngeles 1989).<\/span><\/p><p class=\"sangriaFrancesa\" style=\"text-align: justify;\"><span style=\"font-family: 'times new roman', times, serif;\">Villarrubia Medina, A., \u201cNotas generales sobre la poes\u00eda de Eudocia Augusta\u201d, <em>Habis<\/em> 39 (2008) 335-361.<\/span><\/p>\t\t\t\t\t\t<\/div>\n\t\t\t\t<\/div>\n\t\t\t\t\t<\/div>\n\t\t<\/div>\n\t\t\t\t\t\t\t<\/div>\n\t\t<\/section>\n\t\t\t\t<section class=\"elementor-section elementor-top-section elementor-element elementor-element-3cb127e elementor-section-full_width elementor-section-stretched elementor-section-height-default elementor-section-height-default\" data-id=\"3cb127e\" data-element_type=\"section\" data-settings=\"{&quot;stretch_section&quot;:&quot;section-stretched&quot;,&quot;background_background&quot;:&quot;gradient&quot;}\">\n\t\t\t\t\t\t<div class=\"elementor-container elementor-column-gap-default\">\n\t\t\t\t\t<div class=\"elementor-column elementor-col-100 elementor-top-column elementor-element elementor-element-c0cb2c4\" data-id=\"c0cb2c4\" data-element_type=\"column\">\n\t\t\t<div class=\"elementor-widget-wrap elementor-element-populated\">\n\t\t\t\t\t\t\t\t<div class=\"elementor-element elementor-element-0c7c9d3 elementor-widget elementor-widget-spacer\" data-id=\"0c7c9d3\" data-element_type=\"widget\" data-widget_type=\"spacer.default\">\n\t\t\t\t<div class=\"elementor-widget-container\">\n\t\t\t\t\t<div class=\"elementor-spacer\">\n\t\t\t<div class=\"elementor-spacer-inner\"><\/div>\n\t\t<\/div>\n\t\t\t\t<\/div>\n\t\t\t\t<\/div>\n\t\t\t\t\t<\/div>\n\t\t<\/div>\n\t\t\t\t\t\t\t<\/div>\n\t\t<\/section>\n\t\t\t\t<section class=\"elementor-section elementor-top-section elementor-element elementor-element-8cd11d6 elementor-section-boxed elementor-section-height-default elementor-section-height-default\" data-id=\"8cd11d6\" data-element_type=\"section\">\n\t\t\t\t\t\t<div class=\"elementor-container elementor-column-gap-default\">\n\t\t\t\t\t<div class=\"elementor-column elementor-col-100 elementor-top-column elementor-element elementor-element-4d9cbb8\" data-id=\"4d9cbb8\" data-element_type=\"column\">\n\t\t\t<div class=\"elementor-widget-wrap elementor-element-populated\">\n\t\t\t\t\t\t\t\t<div class=\"elementor-element elementor-element-6dbcf22 elementor-position-right elementor-vertical-align-middle elementor-view-default elementor-invisible elementor-widget elementor-widget-icon-box\" data-id=\"6dbcf22\" data-element_type=\"widget\" data-settings=\"{&quot;_animation&quot;:&quot;fadeInLeft&quot;}\" data-widget_type=\"icon-box.default\">\n\t\t\t\t<div class=\"elementor-widget-container\">\n\t\t\t\t\t<div class=\"elementor-icon-box-wrapper\">\n\t\t\t\t\t\t<div class=\"elementor-icon-box-icon\">\n\t\t\t\t<a class=\"elementor-icon elementor-animation-\" href=\"https:\/\/grupo.us.es\/conditiofeminae\/index.php\/250-mujeres-de-la-antigua-roma\/\">\n\t\t\t\t<i aria-hidden=\"true\" class=\"fas fa-arrow-right\"><\/i>\t\t\t\t<\/a>\n\t\t\t<\/div>\n\t\t\t\t\t\t<div class=\"elementor-icon-box-content\">\n\t\t\t\t<p class=\"elementor-icon-box-title\">\n\t\t\t\t\t<a href=\"https:\/\/grupo.us.es\/conditiofeminae\/index.php\/250-mujeres-de-la-antigua-roma\/\" >\n\t\t\t\t\t\t<span>Exposici\u00f3n Virtual: 250 mujeres de la antigua Roma<\/span>\t\t\t\t\t<\/a>\n\t\t\t\t<\/p>\n\t\t\t\t\t\t\t<\/div>\n\t\t<\/div>\n\t\t\t\t<\/div>\n\t\t\t\t<\/div>\n\t\t\t\t\t<\/div>\n\t\t<\/div>\n\t\t\t\t\t\t\t<\/div>\n\t\t<\/section>\n\t\t\t\t\t\t<\/div>\n\t\t\t\t\t<\/div>\n\t\t ","protected":false},"excerpt":{"rendered":"<p> <a class=\"continue-reading-link\" href=\"https:\/\/grupo.us.es\/conditiofeminae\/index.php\/2022\/04\/07\/235-elia-eudocia\/\"><span>Continuar leyendo<\/span><i class=\"crycon-right-dir\"><\/i><\/a> <\/p>\n","protected":false},"author":9,"featured_media":0,"comment_status":"closed","ping_status":"open","sticky":false,"template":"","format":"standard","meta":[],"categories":[13,12,17],"tags":[31],"yoast_head":"<!-- This site is optimized with the Yoast SEO plugin v17.6 - https:\/\/yoast.com\/wordpress\/plugins\/seo\/ -->\n<title>235. ELIA EUDOCIA - CONDITIO FEMINAE I: Marginaci\u00f3n y visibilidad de la mujer en el Imperio Romano<\/title>\n<meta name=\"description\" content=\"PROYECTO CONDITIO FEMINAE \u2013 MARGINACION POLITICA, JURIDICA Y RELIGIOSA DE LA MUJER DURANTE EL ALTO IMPERIO ROMANO (SIGLOS I-III)Programa Estatal de Fomento de la Investigaci\u00f3n Cient\u00edfica y T\u00e9cnica de Excelencia, Subprograma Estatal de Generaci\u00f3n de Conocimiento.\" \/>\n<meta name=\"robots\" content=\"index, follow, max-snippet:-1, max-image-preview:large, max-video-preview:-1\" \/>\n<link rel=\"canonical\" href=\"https:\/\/grupo.us.es\/conditiofeminae\/index.php\/2022\/04\/07\/235-elia-eudocia\/\" \/>\n<meta property=\"og:locale\" content=\"es_ES\" \/>\n<meta property=\"og:type\" content=\"article\" \/>\n<meta property=\"og:title\" content=\"235. ELIA EUDOCIA - CONDITIO FEMINAE I: Marginaci\u00f3n y visibilidad de la mujer en el Imperio Romano\" \/>\n<meta property=\"og:description\" content=\"PROYECTO CONDITIO FEMINAE \u2013 MARGINACION POLITICA, JURIDICA Y RELIGIOSA DE LA MUJER DURANTE EL ALTO IMPERIO ROMANO (SIGLOS I-III)Programa Estatal de Fomento de la Investigaci\u00f3n Cient\u00edfica y T\u00e9cnica de Excelencia, Subprograma Estatal de Generaci\u00f3n de Conocimiento.\" \/>\n<meta property=\"og:url\" content=\"https:\/\/grupo.us.es\/conditiofeminae\/index.php\/2022\/04\/07\/235-elia-eudocia\/\" \/>\n<meta property=\"og:site_name\" content=\"CONDITIO FEMINAE I: Marginaci\u00f3n y visibilidad de la mujer en el Imperio Romano\" \/>\n<meta property=\"article:published_time\" content=\"2022-04-07T11:03:50+00:00\" \/>\n<meta property=\"article:modified_time\" content=\"2023-02-13T17:53:36+00:00\" \/>\n<meta property=\"og:image\" content=\"https:\/\/grupo.us.es\/conditiofeminae\/wp-content\/uploads\/2021\/05\/Moneda-CF-mediana.png\" \/>\n<meta name=\"twitter:card\" content=\"summary_large_image\" \/>\n<meta name=\"twitter:label1\" content=\"Escrito por\" \/>\n\t<meta name=\"twitter:data1\" content=\"Patricia T\u00e9llez\" \/>\n\t<meta name=\"twitter:label2\" content=\"Tiempo de lectura\" \/>\n\t<meta name=\"twitter:data2\" content=\"4 minutos\" \/>\n<script type=\"application\/ld+json\" class=\"yoast-schema-graph\">{\"@context\":\"https:\/\/schema.org\",\"@graph\":[{\"@type\":\"Organization\",\"@id\":\"https:\/\/grupo.us.es\/conditiofeminae\/#organization\",\"name\":\"Departamento de Historia Antigua de la Universidad de Sevilla\",\"url\":\"https:\/\/grupo.us.es\/conditiofeminae\/\",\"sameAs\":[],\"logo\":{\"@type\":\"ImageObject\",\"@id\":\"https:\/\/grupo.us.es\/conditiofeminae\/#logo\",\"inLanguage\":\"es\",\"url\":\"https:\/\/grupo.us.es\/conditiofeminae\/wp-content\/uploads\/2020\/03\/dpto-historia-antigua-us.jpg\",\"contentUrl\":\"https:\/\/grupo.us.es\/conditiofeminae\/wp-content\/uploads\/2020\/03\/dpto-historia-antigua-us.jpg\",\"width\":104,\"height\":133,\"caption\":\"Departamento de Historia Antigua de la Universidad de Sevilla\"},\"image\":{\"@id\":\"https:\/\/grupo.us.es\/conditiofeminae\/#logo\"}},{\"@type\":\"WebSite\",\"@id\":\"https:\/\/grupo.us.es\/conditiofeminae\/#website\",\"url\":\"https:\/\/grupo.us.es\/conditiofeminae\/\",\"name\":\"CONDITIO FEMINAE I: Marginaci\\u00f3n y visibilidad de la mujer en el Imperio Romano\",\"description\":\"\",\"publisher\":{\"@id\":\"https:\/\/grupo.us.es\/conditiofeminae\/#organization\"},\"potentialAction\":[{\"@type\":\"SearchAction\",\"target\":{\"@type\":\"EntryPoint\",\"urlTemplate\":\"https:\/\/grupo.us.es\/conditiofeminae\/?s={search_term_string}\"},\"query-input\":\"required name=search_term_string\"}],\"inLanguage\":\"es\"},{\"@type\":\"ImageObject\",\"@id\":\"https:\/\/grupo.us.es\/conditiofeminae\/index.php\/2022\/04\/07\/235-elia-eudocia\/#primaryimage\",\"inLanguage\":\"es\",\"url\":\"https:\/\/grupo.us.es\/conditiofeminae\/wp-content\/uploads\/2021\/05\/Moneda-CF-mediana.png\",\"contentUrl\":\"https:\/\/grupo.us.es\/conditiofeminae\/wp-content\/uploads\/2021\/05\/Moneda-CF-mediana.png\",\"width\":152,\"height\":147},{\"@type\":\"WebPage\",\"@id\":\"https:\/\/grupo.us.es\/conditiofeminae\/index.php\/2022\/04\/07\/235-elia-eudocia\/#webpage\",\"url\":\"https:\/\/grupo.us.es\/conditiofeminae\/index.php\/2022\/04\/07\/235-elia-eudocia\/\",\"name\":\"235. ELIA EUDOCIA - CONDITIO FEMINAE I: Marginaci\\u00f3n y visibilidad de la mujer en el Imperio Romano\",\"isPartOf\":{\"@id\":\"https:\/\/grupo.us.es\/conditiofeminae\/#website\"},\"primaryImageOfPage\":{\"@id\":\"https:\/\/grupo.us.es\/conditiofeminae\/index.php\/2022\/04\/07\/235-elia-eudocia\/#primaryimage\"},\"datePublished\":\"2022-04-07T11:03:50+00:00\",\"dateModified\":\"2023-02-13T17:53:36+00:00\",\"description\":\"PROYECTO CONDITIO FEMINAE \\u2013 MARGINACION POLITICA, JURIDICA Y RELIGIOSA DE LA MUJER DURANTE EL ALTO IMPERIO ROMANO (SIGLOS I-III)Programa Estatal de Fomento de la Investigaci\\u00f3n Cient\\u00edfica y T\\u00e9cnica de Excelencia, Subprograma Estatal de Generaci\\u00f3n de Conocimiento.\",\"breadcrumb\":{\"@id\":\"https:\/\/grupo.us.es\/conditiofeminae\/index.php\/2022\/04\/07\/235-elia-eudocia\/#breadcrumb\"},\"inLanguage\":\"es\",\"potentialAction\":[{\"@type\":\"ReadAction\",\"target\":[\"https:\/\/grupo.us.es\/conditiofeminae\/index.php\/2022\/04\/07\/235-elia-eudocia\/\"]}]},{\"@type\":\"BreadcrumbList\",\"@id\":\"https:\/\/grupo.us.es\/conditiofeminae\/index.php\/2022\/04\/07\/235-elia-eudocia\/#breadcrumb\",\"itemListElement\":[{\"@type\":\"ListItem\",\"position\":1,\"name\":\"Portada\",\"item\":\"https:\/\/grupo.us.es\/conditiofeminae\/\"},{\"@type\":\"ListItem\",\"position\":2,\"name\":\"235. ELIA EUDOCIA\"}]},{\"@type\":\"Article\",\"@id\":\"https:\/\/grupo.us.es\/conditiofeminae\/index.php\/2022\/04\/07\/235-elia-eudocia\/#article\",\"isPartOf\":{\"@id\":\"https:\/\/grupo.us.es\/conditiofeminae\/index.php\/2022\/04\/07\/235-elia-eudocia\/#webpage\"},\"author\":{\"@id\":\"https:\/\/grupo.us.es\/conditiofeminae\/#\/schema\/person\/8d5a2ef8795f2543311dfdb46b134483\"},\"headline\":\"235. ELIA EUDOCIA\",\"datePublished\":\"2022-04-07T11:03:50+00:00\",\"dateModified\":\"2023-02-13T17:53:36+00:00\",\"mainEntityOfPage\":{\"@id\":\"https:\/\/grupo.us.es\/conditiofeminae\/index.php\/2022\/04\/07\/235-elia-eudocia\/#webpage\"},\"wordCount\":704,\"publisher\":{\"@id\":\"https:\/\/grupo.us.es\/conditiofeminae\/#organization\"},\"image\":{\"@id\":\"https:\/\/grupo.us.es\/conditiofeminae\/index.php\/2022\/04\/07\/235-elia-eudocia\/#primaryimage\"},\"thumbnailUrl\":\"https:\/\/grupo.us.es\/conditiofeminae\/wp-content\/uploads\/2021\/05\/Moneda-CF-mediana.png\",\"keywords\":[\"Exposici\\u00f3n Virtual: 250 mujeres de la antigua Roma\"],\"articleSection\":[\"250 mujeres de la antigua Roma\",\"Exposici\\u00f3n Virtual\",\"Per\\u00edodo IV: Antig\\u00fcedad tard\\u00eda (284 d. C. \\u2013 565 d. C.)\"],\"inLanguage\":\"es\"},{\"@type\":\"Person\",\"@id\":\"https:\/\/grupo.us.es\/conditiofeminae\/#\/schema\/person\/8d5a2ef8795f2543311dfdb46b134483\",\"name\":\"Patricia T\\u00e9llez\",\"image\":{\"@type\":\"ImageObject\",\"@id\":\"https:\/\/grupo.us.es\/conditiofeminae\/#personlogo\",\"inLanguage\":\"es\",\"url\":\"https:\/\/secure.gravatar.com\/avatar\/1cbcdd2aa637a1716a59c719467029e1?s=96&d=mm&r=g\",\"contentUrl\":\"https:\/\/secure.gravatar.com\/avatar\/1cbcdd2aa637a1716a59c719467029e1?s=96&d=mm&r=g\",\"caption\":\"Patricia T\\u00e9llez\"},\"url\":\"https:\/\/grupo.us.es\/conditiofeminae\/index.php\/author\/patriciatellez\/\"}]}<\/script>\n<!-- \/ Yoast SEO plugin. -->","yoast_head_json":{"title":"235. ELIA EUDOCIA - CONDITIO FEMINAE I: Marginaci\u00f3n y visibilidad de la mujer en el Imperio Romano","description":"PROYECTO CONDITIO FEMINAE \u2013 MARGINACION POLITICA, JURIDICA Y RELIGIOSA DE LA MUJER DURANTE EL ALTO IMPERIO ROMANO (SIGLOS I-III)Programa Estatal de Fomento de la Investigaci\u00f3n Cient\u00edfica y T\u00e9cnica de Excelencia, Subprograma Estatal de Generaci\u00f3n de Conocimiento.","robots":{"index":"index","follow":"follow","max-snippet":"max-snippet:-1","max-image-preview":"max-image-preview:large","max-video-preview":"max-video-preview:-1"},"canonical":"https:\/\/grupo.us.es\/conditiofeminae\/index.php\/2022\/04\/07\/235-elia-eudocia\/","og_locale":"es_ES","og_type":"article","og_title":"235. ELIA EUDOCIA - CONDITIO FEMINAE I: Marginaci\u00f3n y visibilidad de la mujer en el Imperio Romano","og_description":"PROYECTO CONDITIO FEMINAE \u2013 MARGINACION POLITICA, JURIDICA Y RELIGIOSA DE LA MUJER DURANTE EL ALTO IMPERIO ROMANO (SIGLOS I-III)Programa Estatal de Fomento de la Investigaci\u00f3n Cient\u00edfica y T\u00e9cnica de Excelencia, Subprograma Estatal de Generaci\u00f3n de Conocimiento.","og_url":"https:\/\/grupo.us.es\/conditiofeminae\/index.php\/2022\/04\/07\/235-elia-eudocia\/","og_site_name":"CONDITIO FEMINAE I: Marginaci\u00f3n y visibilidad de la mujer en el Imperio Romano","article_published_time":"2022-04-07T11:03:50+00:00","article_modified_time":"2023-02-13T17:53:36+00:00","og_image":[{"url":"https:\/\/grupo.us.es\/conditiofeminae\/wp-content\/uploads\/2021\/05\/Moneda-CF-mediana.png"}],"twitter_card":"summary_large_image","twitter_misc":{"Escrito por":"Patricia T\u00e9llez","Tiempo de lectura":"4 minutos"},"schema":{"@context":"https:\/\/schema.org","@graph":[{"@type":"Organization","@id":"https:\/\/grupo.us.es\/conditiofeminae\/#organization","name":"Departamento de Historia Antigua de la Universidad de Sevilla","url":"https:\/\/grupo.us.es\/conditiofeminae\/","sameAs":[],"logo":{"@type":"ImageObject","@id":"https:\/\/grupo.us.es\/conditiofeminae\/#logo","inLanguage":"es","url":"https:\/\/grupo.us.es\/conditiofeminae\/wp-content\/uploads\/2020\/03\/dpto-historia-antigua-us.jpg","contentUrl":"https:\/\/grupo.us.es\/conditiofeminae\/wp-content\/uploads\/2020\/03\/dpto-historia-antigua-us.jpg","width":104,"height":133,"caption":"Departamento de Historia Antigua de la Universidad de Sevilla"},"image":{"@id":"https:\/\/grupo.us.es\/conditiofeminae\/#logo"}},{"@type":"WebSite","@id":"https:\/\/grupo.us.es\/conditiofeminae\/#website","url":"https:\/\/grupo.us.es\/conditiofeminae\/","name":"CONDITIO FEMINAE I: Marginaci\u00f3n y visibilidad de la mujer en el Imperio Romano","description":"","publisher":{"@id":"https:\/\/grupo.us.es\/conditiofeminae\/#organization"},"potentialAction":[{"@type":"SearchAction","target":{"@type":"EntryPoint","urlTemplate":"https:\/\/grupo.us.es\/conditiofeminae\/?s={search_term_string}"},"query-input":"required name=search_term_string"}],"inLanguage":"es"},{"@type":"ImageObject","@id":"https:\/\/grupo.us.es\/conditiofeminae\/index.php\/2022\/04\/07\/235-elia-eudocia\/#primaryimage","inLanguage":"es","url":"https:\/\/grupo.us.es\/conditiofeminae\/wp-content\/uploads\/2021\/05\/Moneda-CF-mediana.png","contentUrl":"https:\/\/grupo.us.es\/conditiofeminae\/wp-content\/uploads\/2021\/05\/Moneda-CF-mediana.png","width":152,"height":147},{"@type":"WebPage","@id":"https:\/\/grupo.us.es\/conditiofeminae\/index.php\/2022\/04\/07\/235-elia-eudocia\/#webpage","url":"https:\/\/grupo.us.es\/conditiofeminae\/index.php\/2022\/04\/07\/235-elia-eudocia\/","name":"235. ELIA EUDOCIA - CONDITIO FEMINAE I: Marginaci\u00f3n y visibilidad de la mujer en el Imperio Romano","isPartOf":{"@id":"https:\/\/grupo.us.es\/conditiofeminae\/#website"},"primaryImageOfPage":{"@id":"https:\/\/grupo.us.es\/conditiofeminae\/index.php\/2022\/04\/07\/235-elia-eudocia\/#primaryimage"},"datePublished":"2022-04-07T11:03:50+00:00","dateModified":"2023-02-13T17:53:36+00:00","description":"PROYECTO CONDITIO FEMINAE \u2013 MARGINACION POLITICA, JURIDICA Y RELIGIOSA DE LA MUJER DURANTE EL ALTO IMPERIO ROMANO (SIGLOS I-III)Programa Estatal de Fomento de la Investigaci\u00f3n Cient\u00edfica y T\u00e9cnica de Excelencia, Subprograma Estatal de Generaci\u00f3n de Conocimiento.","breadcrumb":{"@id":"https:\/\/grupo.us.es\/conditiofeminae\/index.php\/2022\/04\/07\/235-elia-eudocia\/#breadcrumb"},"inLanguage":"es","potentialAction":[{"@type":"ReadAction","target":["https:\/\/grupo.us.es\/conditiofeminae\/index.php\/2022\/04\/07\/235-elia-eudocia\/"]}]},{"@type":"BreadcrumbList","@id":"https:\/\/grupo.us.es\/conditiofeminae\/index.php\/2022\/04\/07\/235-elia-eudocia\/#breadcrumb","itemListElement":[{"@type":"ListItem","position":1,"name":"Portada","item":"https:\/\/grupo.us.es\/conditiofeminae\/"},{"@type":"ListItem","position":2,"name":"235. ELIA EUDOCIA"}]},{"@type":"Article","@id":"https:\/\/grupo.us.es\/conditiofeminae\/index.php\/2022\/04\/07\/235-elia-eudocia\/#article","isPartOf":{"@id":"https:\/\/grupo.us.es\/conditiofeminae\/index.php\/2022\/04\/07\/235-elia-eudocia\/#webpage"},"author":{"@id":"https:\/\/grupo.us.es\/conditiofeminae\/#\/schema\/person\/8d5a2ef8795f2543311dfdb46b134483"},"headline":"235. ELIA EUDOCIA","datePublished":"2022-04-07T11:03:50+00:00","dateModified":"2023-02-13T17:53:36+00:00","mainEntityOfPage":{"@id":"https:\/\/grupo.us.es\/conditiofeminae\/index.php\/2022\/04\/07\/235-elia-eudocia\/#webpage"},"wordCount":704,"publisher":{"@id":"https:\/\/grupo.us.es\/conditiofeminae\/#organization"},"image":{"@id":"https:\/\/grupo.us.es\/conditiofeminae\/index.php\/2022\/04\/07\/235-elia-eudocia\/#primaryimage"},"thumbnailUrl":"https:\/\/grupo.us.es\/conditiofeminae\/wp-content\/uploads\/2021\/05\/Moneda-CF-mediana.png","keywords":["Exposici\u00f3n Virtual: 250 mujeres de la antigua Roma"],"articleSection":["250 mujeres de la antigua Roma","Exposici\u00f3n Virtual","Per\u00edodo IV: Antig\u00fcedad tard\u00eda (284 d. C. \u2013 565 d. C.)"],"inLanguage":"es"},{"@type":"Person","@id":"https:\/\/grupo.us.es\/conditiofeminae\/#\/schema\/person\/8d5a2ef8795f2543311dfdb46b134483","name":"Patricia T\u00e9llez","image":{"@type":"ImageObject","@id":"https:\/\/grupo.us.es\/conditiofeminae\/#personlogo","inLanguage":"es","url":"https:\/\/secure.gravatar.com\/avatar\/1cbcdd2aa637a1716a59c719467029e1?s=96&d=mm&r=g","contentUrl":"https:\/\/secure.gravatar.com\/avatar\/1cbcdd2aa637a1716a59c719467029e1?s=96&d=mm&r=g","caption":"Patricia T\u00e9llez"},"url":"https:\/\/grupo.us.es\/conditiofeminae\/index.php\/author\/patriciatellez\/"}]}},"_links":{"self":[{"href":"https:\/\/grupo.us.es\/conditiofeminae\/index.php\/wp-json\/wp\/v2\/posts\/3517"}],"collection":[{"href":"https:\/\/grupo.us.es\/conditiofeminae\/index.php\/wp-json\/wp\/v2\/posts"}],"about":[{"href":"https:\/\/grupo.us.es\/conditiofeminae\/index.php\/wp-json\/wp\/v2\/types\/post"}],"author":[{"embeddable":true,"href":"https:\/\/grupo.us.es\/conditiofeminae\/index.php\/wp-json\/wp\/v2\/users\/9"}],"replies":[{"embeddable":true,"href":"https:\/\/grupo.us.es\/conditiofeminae\/index.php\/wp-json\/wp\/v2\/comments?post=3517"}],"version-history":[{"count":19,"href":"https:\/\/grupo.us.es\/conditiofeminae\/index.php\/wp-json\/wp\/v2\/posts\/3517\/revisions"}],"predecessor-version":[{"id":8033,"href":"https:\/\/grupo.us.es\/conditiofeminae\/index.php\/wp-json\/wp\/v2\/posts\/3517\/revisions\/8033"}],"wp:attachment":[{"href":"https:\/\/grupo.us.es\/conditiofeminae\/index.php\/wp-json\/wp\/v2\/media?parent=3517"}],"wp:term":[{"taxonomy":"category","embeddable":true,"href":"https:\/\/grupo.us.es\/conditiofeminae\/index.php\/wp-json\/wp\/v2\/categories?post=3517"},{"taxonomy":"post_tag","embeddable":true,"href":"https:\/\/grupo.us.es\/conditiofeminae\/index.php\/wp-json\/wp\/v2\/tags?post=3517"}],"curies":[{"name":"wp","href":"https:\/\/api.w.org\/{rel}","templated":true}]}}