{"id":3362,"date":"2022-04-04T12:43:22","date_gmt":"2022-04-04T11:43:22","guid":{"rendered":"https:\/\/grupo.us.es\/conditiofeminae\/index.php\/2022\/04\/04\/macrina-la-menor-copy\/"},"modified":"2023-02-09T17:31:47","modified_gmt":"2023-02-09T16:31:47","slug":"211-monica","status":"publish","type":"post","link":"https:\/\/grupo.us.es\/conditiofeminae\/index.php\/2022\/04\/04\/211-monica\/","title":{"rendered":"211. M\u00d3NICA"},"content":{"rendered":"\t\t<div data-elementor-type=\"wp-post\" data-elementor-id=\"3362\" class=\"elementor elementor-3362\" data-elementor-settings=\"[]\">\n\t\t\t\t\t\t\t<div class=\"elementor-section-wrap\">\n\t\t\t\t\t\t\t<section class=\"elementor-section elementor-top-section elementor-element elementor-element-085289a elementor-section-boxed elementor-section-height-default elementor-section-height-default\" data-id=\"085289a\" data-element_type=\"section\">\n\t\t\t\t\t\t<div class=\"elementor-container elementor-column-gap-default\">\n\t\t\t\t\t<div class=\"elementor-column elementor-col-100 elementor-top-column elementor-element elementor-element-dfc3797\" data-id=\"dfc3797\" data-element_type=\"column\">\n\t\t\t<div class=\"elementor-widget-wrap elementor-element-populated\">\n\t\t\t\t\t\t\t\t<div class=\"elementor-element elementor-element-2212614 elementor-position-right elementor-vertical-align-middle elementor-view-default elementor-invisible elementor-widget elementor-widget-icon-box\" data-id=\"2212614\" data-element_type=\"widget\" data-settings=\"{&quot;_animation&quot;:&quot;fadeInLeft&quot;}\" data-widget_type=\"icon-box.default\">\n\t\t\t\t<div class=\"elementor-widget-container\">\n\t\t\t\t\t<div class=\"elementor-icon-box-wrapper\">\n\t\t\t\t\t\t<div class=\"elementor-icon-box-icon\">\n\t\t\t\t<a class=\"elementor-icon elementor-animation-\" href=\"https:\/\/grupo.us.es\/conditiofeminae\/index.php\/250-mujeres-de-la-antigua-roma\/\">\n\t\t\t\t<i aria-hidden=\"true\" class=\"fas fa-arrow-right\"><\/i>\t\t\t\t<\/a>\n\t\t\t<\/div>\n\t\t\t\t\t\t<div class=\"elementor-icon-box-content\">\n\t\t\t\t<p class=\"elementor-icon-box-title\">\n\t\t\t\t\t<a href=\"https:\/\/grupo.us.es\/conditiofeminae\/index.php\/250-mujeres-de-la-antigua-roma\/\" >\n\t\t\t\t\t\t<span>Exposici\u00f3n Virtual: 250 mujeres de la antigua Roma<\/span>\t\t\t\t\t<\/a>\n\t\t\t\t<\/p>\n\t\t\t\t\t\t\t<\/div>\n\t\t<\/div>\n\t\t\t\t<\/div>\n\t\t\t\t<\/div>\n\t\t\t\t\t<\/div>\n\t\t<\/div>\n\t\t\t\t\t\t\t<\/div>\n\t\t<\/section>\n\t\t\t\t<section class=\"elementor-section elementor-top-section elementor-element elementor-element-9c17472 elementor-section-stretched elementor-section-boxed elementor-section-height-default elementor-section-height-default\" data-id=\"9c17472\" data-element_type=\"section\" id=\"2010\" data-settings=\"{&quot;stretch_section&quot;:&quot;section-stretched&quot;,&quot;background_background&quot;:&quot;classic&quot;,&quot;shape_divider_top&quot;:&quot;opacity-fan&quot;,&quot;shape_divider_bottom&quot;:&quot;opacity-fan&quot;}\">\n\t\t\t\t\t<div class=\"elementor-shape elementor-shape-top\" data-negative=\"false\">\n\t\t\t<svg xmlns=\"http:\/\/www.w3.org\/2000\/svg\" viewBox=\"0 0 283.5 19.6\" preserveAspectRatio=\"none\">\n\t<path class=\"elementor-shape-fill\" style=\"opacity:0.33\" d=\"M0 0L0 18.8 141.8 4.1 283.5 18.8 283.5 0z\"\/>\n\t<path class=\"elementor-shape-fill\" style=\"opacity:0.33\" d=\"M0 0L0 12.6 141.8 4 283.5 12.6 283.5 0z\"\/>\n\t<path class=\"elementor-shape-fill\" style=\"opacity:0.33\" d=\"M0 0L0 6.4 141.8 4 283.5 6.4 283.5 0z\"\/>\n\t<path class=\"elementor-shape-fill\" d=\"M0 0L0 1.2 141.8 4 283.5 1.2 283.5 0z\"\/>\n<\/svg>\t\t<\/div>\n\t\t\t\t<div class=\"elementor-shape elementor-shape-bottom\" data-negative=\"false\">\n\t\t\t<svg xmlns=\"http:\/\/www.w3.org\/2000\/svg\" viewBox=\"0 0 283.5 19.6\" preserveAspectRatio=\"none\">\n\t<path class=\"elementor-shape-fill\" style=\"opacity:0.33\" d=\"M0 0L0 18.8 141.8 4.1 283.5 18.8 283.5 0z\"\/>\n\t<path class=\"elementor-shape-fill\" style=\"opacity:0.33\" d=\"M0 0L0 12.6 141.8 4 283.5 12.6 283.5 0z\"\/>\n\t<path class=\"elementor-shape-fill\" style=\"opacity:0.33\" d=\"M0 0L0 6.4 141.8 4 283.5 6.4 283.5 0z\"\/>\n\t<path class=\"elementor-shape-fill\" d=\"M0 0L0 1.2 141.8 4 283.5 1.2 283.5 0z\"\/>\n<\/svg>\t\t<\/div>\n\t\t\t\t\t<div class=\"elementor-container elementor-column-gap-default\">\n\t\t\t\t\t<div class=\"elementor-column elementor-col-50 elementor-top-column elementor-element elementor-element-226e72a\" data-id=\"226e72a\" data-element_type=\"column\">\n\t\t\t<div class=\"elementor-widget-wrap elementor-element-populated\">\n\t\t\t\t\t\t\t\t<div class=\"elementor-element elementor-element-ff89d35 elementor-invisible elementor-widget elementor-widget-image\" data-id=\"ff89d35\" data-element_type=\"widget\" data-settings=\"{&quot;_animation&quot;:&quot;rollIn&quot;}\" data-widget_type=\"image.default\">\n\t\t\t\t<div class=\"elementor-widget-container\">\n\t\t\t\t\t\t\t\t\t\t\t\t\t\t\t<img width=\"152\" height=\"147\" src=\"https:\/\/grupo.us.es\/conditiofeminae\/wp-content\/uploads\/2021\/05\/Moneda-CF-mediana.png\" class=\"attachment-large size-large\" alt=\"\" loading=\"lazy\" srcset=\"https:\/\/grupo.us.es\/conditiofeminae\/wp-content\/uploads\/2021\/05\/Moneda-CF-mediana.png 152w, https:\/\/grupo.us.es\/conditiofeminae\/wp-content\/uploads\/2021\/05\/Moneda-CF-mediana-150x145.png 150w\" sizes=\"(max-width: 152px) 100vw, 152px\" \/>\t\t\t\t\t\t\t\t\t\t\t\t\t\t\t<\/div>\n\t\t\t\t<\/div>\n\t\t\t\t\t<\/div>\n\t\t<\/div>\n\t\t\t\t<div class=\"elementor-column elementor-col-50 elementor-top-column elementor-element elementor-element-f60c356\" data-id=\"f60c356\" data-element_type=\"column\">\n\t\t\t<div class=\"elementor-widget-wrap elementor-element-populated\">\n\t\t\t\t\t\t\t\t<div class=\"elementor-element elementor-element-20529d3 elementor-invisible elementor-widget elementor-widget-heading\" data-id=\"20529d3\" data-element_type=\"widget\" data-settings=\"{&quot;_animation&quot;:&quot;fadeInLeft&quot;}\" data-widget_type=\"heading.default\">\n\t\t\t\t<div class=\"elementor-widget-container\">\n\t\t\t<h3 class=\"elementor-heading-title elementor-size-xl\">211. M\u00d3NICA<\/h3>\t\t<\/div>\n\t\t\t\t<\/div>\n\t\t\t\t\t<\/div>\n\t\t<\/div>\n\t\t\t\t\t\t\t<\/div>\n\t\t<\/section>\n\t\t\t\t<section class=\"elementor-section elementor-top-section elementor-element elementor-element-39813ee elementor-section-boxed elementor-section-height-default elementor-section-height-default\" data-id=\"39813ee\" data-element_type=\"section\" id=\"1500\" data-settings=\"{&quot;background_background&quot;:&quot;classic&quot;}\">\n\t\t\t\t\t\t<div class=\"elementor-container elementor-column-gap-default\">\n\t\t\t\t\t<div class=\"elementor-column elementor-col-100 elementor-top-column elementor-element elementor-element-71f1386\" data-id=\"71f1386\" data-element_type=\"column\">\n\t\t\t<div class=\"elementor-widget-wrap elementor-element-populated\">\n\t\t\t\t\t\t\t\t<section class=\"elementor-section elementor-inner-section elementor-element elementor-element-fa617e3 elementor-section-boxed elementor-section-height-default elementor-section-height-default\" data-id=\"fa617e3\" data-element_type=\"section\">\n\t\t\t\t\t\t<div class=\"elementor-container elementor-column-gap-default\">\n\t\t\t\t\t<div class=\"elementor-column elementor-col-50 elementor-inner-column elementor-element elementor-element-052f95e\" data-id=\"052f95e\" data-element_type=\"column\">\n\t\t\t<div class=\"elementor-widget-wrap elementor-element-populated\">\n\t\t\t\t\t\t\t\t<div class=\"elementor-element elementor-element-77d5a25 elementor-widget elementor-widget-text-editor\" data-id=\"77d5a25\" data-element_type=\"widget\" data-widget_type=\"text-editor.default\">\n\t\t\t\t<div class=\"elementor-widget-container\">\n\t\t\t\t\t\t\t<p class=\"sangriaPrimeraLinea\">M\u00f3nica naci\u00f3 el 331 en Tagaste, ciudad de Numidia, en \u00c1frica, en una familia cristiana. Sobre ella sabemos que no tuvo ning\u00fan papel c\u00edvico como, por ejemplo, benefactora o alguna influencia pol\u00edtica. Se la recuerda como esposa, madre, viuda cristiana; en fin, modelo de virtudes cristianas. La mayor parte de lo que sabemos de M\u00f3nica se desprende de m\u00e1s conocido de sus hijos, Agust\u00edn de Hipona (san Agust\u00edn), que le dedica algunos cap\u00edtulos en sus <em>Confesiones<\/em>, escritas 10 a\u00f1os despu\u00e9s de la muerte de su madre. Otras noticias proceden de otra obra de Agust\u00edn, <em>Sobre la vida feliz<\/em>. El retrato que realiza Agust\u00edn de su madre en estas obras, unas veces positivo otras negativo, refleja la estrecha relaci\u00f3n y la influencia de M\u00f3nica en su papel de madre, as\u00ed como la aprobaci\u00f3n general que el hijo demuestra sobre ella.<\/p>\t\t\t\t\t\t<\/div>\n\t\t\t\t<\/div>\n\t\t\t\t\t<\/div>\n\t\t<\/div>\n\t\t\t\t<div class=\"elementor-column elementor-col-50 elementor-inner-column elementor-element elementor-element-4fc5076\" data-id=\"4fc5076\" data-element_type=\"column\">\n\t\t\t<div class=\"elementor-widget-wrap elementor-element-populated\">\n\t\t\t\t\t\t\t\t<div class=\"elementor-element elementor-element-9067e68 elementor-widget elementor-widget-hotspot\" data-id=\"9067e68\" data-element_type=\"widget\" data-settings=\"{&quot;hotspot&quot;:[{&quot;_id&quot;:&quot;fe4c32b&quot;,&quot;hotspot_tooltip_content&quot;:&quot;&lt;p&gt;Thagaste&lt;\\\/p&gt;&quot;,&quot;hotspot_offset_x&quot;:{&quot;unit&quot;:&quot;%&quot;,&quot;size&quot;:43,&quot;sizes&quot;:[]},&quot;hotspot_offset_y&quot;:{&quot;unit&quot;:&quot;%&quot;,&quot;size&quot;:59,&quot;sizes&quot;:[]},&quot;hotspot_label&quot;:&quot;&quot;,&quot;hotspot_link&quot;:{&quot;url&quot;:&quot;&quot;,&quot;is_external&quot;:&quot;&quot;,&quot;nofollow&quot;:&quot;&quot;,&quot;custom_attributes&quot;:&quot;&quot;},&quot;hotspot_icon&quot;:{&quot;value&quot;:&quot;&quot;,&quot;library&quot;:&quot;&quot;},&quot;hotspot_icon_position&quot;:null,&quot;hotspot_icon_spacing&quot;:null,&quot;hotspot_custom_size&quot;:&quot;no&quot;,&quot;hotspot_width&quot;:null,&quot;hotspot_height&quot;:null,&quot;hotspot_horizontal&quot;:&quot;left&quot;,&quot;hotspot_offset_x_tablet&quot;:{&quot;unit&quot;:&quot;px&quot;,&quot;size&quot;:&quot;&quot;,&quot;sizes&quot;:[]},&quot;hotspot_offset_x_mobile&quot;:{&quot;unit&quot;:&quot;px&quot;,&quot;size&quot;:&quot;&quot;,&quot;sizes&quot;:[]},&quot;hotspot_vertical&quot;:&quot;top&quot;,&quot;hotspot_offset_y_tablet&quot;:{&quot;unit&quot;:&quot;px&quot;,&quot;size&quot;:&quot;&quot;,&quot;sizes&quot;:[]},&quot;hotspot_offset_y_mobile&quot;:{&quot;unit&quot;:&quot;px&quot;,&quot;size&quot;:&quot;&quot;,&quot;sizes&quot;:[]},&quot;hotspot_tooltip_position&quot;:&quot;no&quot;,&quot;hotspot_position&quot;:null,&quot;hotspot_position_tablet&quot;:null,&quot;hotspot_position_mobile&quot;:null,&quot;hotspot_tooltip_width&quot;:null,&quot;hotspot_tooltip_width_tablet&quot;:null,&quot;hotspot_tooltip_width_mobile&quot;:null,&quot;hotspot_tooltip_text_wrap&quot;:null},{&quot;_id&quot;:&quot;8f32494&quot;,&quot;hotspot_tooltip_content&quot;:&quot;&lt;p&gt;Roma&lt;\\\/p&gt;&quot;,&quot;hotspot_offset_x&quot;:{&quot;unit&quot;:&quot;%&quot;,&quot;size&quot;:50,&quot;sizes&quot;:[]},&quot;hotspot_offset_y&quot;:{&quot;unit&quot;:&quot;%&quot;,&quot;size&quot;:42,&quot;sizes&quot;:[]},&quot;hotspot_label&quot;:&quot;&quot;,&quot;hotspot_link&quot;:{&quot;url&quot;:&quot;&quot;,&quot;is_external&quot;:&quot;&quot;,&quot;nofollow&quot;:&quot;&quot;,&quot;custom_attributes&quot;:&quot;&quot;},&quot;hotspot_icon&quot;:{&quot;value&quot;:&quot;&quot;,&quot;library&quot;:&quot;&quot;},&quot;hotspot_icon_position&quot;:null,&quot;hotspot_icon_spacing&quot;:null,&quot;hotspot_custom_size&quot;:&quot;no&quot;,&quot;hotspot_width&quot;:null,&quot;hotspot_height&quot;:null,&quot;hotspot_horizontal&quot;:&quot;left&quot;,&quot;hotspot_offset_x_tablet&quot;:{&quot;unit&quot;:&quot;px&quot;,&quot;size&quot;:&quot;&quot;,&quot;sizes&quot;:[]},&quot;hotspot_offset_x_mobile&quot;:{&quot;unit&quot;:&quot;px&quot;,&quot;size&quot;:&quot;&quot;,&quot;sizes&quot;:[]},&quot;hotspot_vertical&quot;:&quot;top&quot;,&quot;hotspot_offset_y_tablet&quot;:{&quot;unit&quot;:&quot;px&quot;,&quot;size&quot;:&quot;&quot;,&quot;sizes&quot;:[]},&quot;hotspot_offset_y_mobile&quot;:{&quot;unit&quot;:&quot;px&quot;,&quot;size&quot;:&quot;&quot;,&quot;sizes&quot;:[]},&quot;hotspot_tooltip_position&quot;:&quot;no&quot;,&quot;hotspot_position&quot;:null,&quot;hotspot_position_tablet&quot;:null,&quot;hotspot_position_mobile&quot;:null,&quot;hotspot_tooltip_width&quot;:null,&quot;hotspot_tooltip_width_tablet&quot;:null,&quot;hotspot_tooltip_width_mobile&quot;:null,&quot;hotspot_tooltip_text_wrap&quot;:null}],&quot;tooltip_position&quot;:&quot;bottom&quot;,&quot;tooltip_trigger&quot;:&quot;none&quot;,&quot;hotspot_sequenced_animation&quot;:&quot;no&quot;}\" data-widget_type=\"hotspot.default\">\n\t\t\t\t<div class=\"elementor-widget-container\">\n\t\t\t<img width=\"745\" height=\"534\" src=\"https:\/\/grupo.us.es\/conditiofeminae\/wp-content\/uploads\/2022\/02\/mapa_ficha.jpg\" class=\"attachment-full size-full\" alt=\"\" loading=\"lazy\" srcset=\"https:\/\/grupo.us.es\/conditiofeminae\/wp-content\/uploads\/2022\/02\/mapa_ficha.jpg 745w, https:\/\/grupo.us.es\/conditiofeminae\/wp-content\/uploads\/2022\/02\/mapa_ficha-300x215.jpg 300w, https:\/\/grupo.us.es\/conditiofeminae\/wp-content\/uploads\/2022\/02\/mapa_ficha-150x108.jpg 150w\" sizes=\"(max-width: 745px) 100vw, 745px\" \/>\n\t\t\t\t\t\t<div class=\"e-hotspot elementor-repeater-item-fe4c32b  e-hotspot--position-left e-hotspot--position-top   e-hotspot--circle\">\n\n\t\t\t\t\t\t\t\t<div class=\"e-hotspot__button e-hotspot--expand\">\n\t\t\t\t\t\t\t\t\t\t\t<div class=\"e-hotspot__outer-circle\"><\/div>\n\t\t\t\t\t\t<div class=\"e-hotspot__inner-circle\"><\/div>\n\t\t\t\t\t\t\t\t\t<\/div>\n\n\t\t\t\t\t\t\t\t\t\t\t\t\t\t\t\t\t\t<div class=\"e-hotspot__tooltip e-hotspot--show-tooltip e-hotspot--tooltip-position  \" >\n\t\t\t\t\t\t<p>Thagaste<\/p>\t\t\t\t\t<\/div>\n\t\t\t\t\t\t\t\t\t\n\t\t\t<\/div>\n\n\t\n\t\t\t\t\t\t<div class=\"e-hotspot elementor-repeater-item-8f32494  e-hotspot--position-left e-hotspot--position-top   e-hotspot--circle\">\n\n\t\t\t\t\t\t\t\t<div class=\"e-hotspot__button e-hotspot--expand\">\n\t\t\t\t\t\t\t\t\t\t\t<div class=\"e-hotspot__outer-circle\"><\/div>\n\t\t\t\t\t\t<div class=\"e-hotspot__inner-circle\"><\/div>\n\t\t\t\t\t\t\t\t\t<\/div>\n\n\t\t\t\t\t\t\t\t\t\t\t\t\t\t\t\t\t\t<div class=\"e-hotspot__tooltip e-hotspot--show-tooltip e-hotspot--tooltip-position  \" >\n\t\t\t\t\t\t<p>Roma<\/p>\t\t\t\t\t<\/div>\n\t\t\t\t\t\t\t\t\t\n\t\t\t<\/div>\n\n\t\n\t\t\t\t<\/div>\n\t\t\t\t<\/div>\n\t\t\t\t\t<\/div>\n\t\t<\/div>\n\t\t\t\t\t\t\t<\/div>\n\t\t<\/section>\n\t\t\t\t<div class=\"elementor-element elementor-element-adc823c elementor-widget elementor-widget-text-editor\" data-id=\"adc823c\" data-element_type=\"widget\" data-widget_type=\"text-editor.default\">\n\t\t\t\t<div class=\"elementor-widget-container\">\n\t\t\t\t\t\t\t<p class=\"sangriaPrimeraLinea\">Sabemos que M\u00f3nica se cas\u00f3 muy joven con el pagano Patricio, un funcionario de la administraci\u00f3n imperial. El matrimonio entre M\u00f3nica y Patricio fue objeto de algunas consideraciones por parte de Agust\u00edn: el padre ten\u00eda un car\u00e1cter iracundo, pero recibi\u00f3 el Bautismo en el lecho de muerte. Su esposa consigui\u00f3 domar su car\u00e1cter con ternura y bondad. Pronto se qued\u00f3 viuda y tuvo que sacar adelante sola a sus tres hijos. Agust\u00edn dice que complet\u00f3 sus estudios \u201ca expensas de mi madre\u201d. Esto nos hace pensar que se ocup\u00f3 personalmente de la educaci\u00f3n de sus hijos.<\/p><p>Es probable que nuestra protagonista hubiese heredado una parte de las riquezas de Patricio, hecho que le habr\u00eda permitido administrar y gestionar por s\u00ed misma y como viuda el patrimonio hasta la completa preparaci\u00f3n de sus hijos y hasta que estos alcanzaran la independencia econ\u00f3mica. Con la viudez, M\u00f3nica parece gozar, siguiendo el modelo de las viudas cristianas del siglo IV, de una mayor libertad de movimiento. De esta forma, se embarc\u00f3 en un viaje de casi doscientas millas a trav\u00e9s del Mediterr\u00e1neo, desde Cartago a Mil\u00e1n, ciudad donde se incorpor\u00f3 de forma inmediata y activa a la comunidad cat\u00f3lica liderada por el obispo Ambrosio (el futuro san Ambrosio). Aqu\u00ed M\u00f3nica, junto con Ambrosio, asume un papel fundamental en la conversi\u00f3n de Agust\u00edn.<\/p><p class=\"sangriaPrimeraLinea\">Como viuda cristiana, sus actividades eran las de asistir a los pobres y frecuentar asiduamente la Iglesia. En las p\u00e1ginas de la obra Sobre la vida feliz se nos muestra a una M\u00f3nica poseedora de una agudeza y una claridad intelectual que reflejan su nivel cultural y su preparaci\u00f3n en materia filos\u00f3fica. La muerte de M\u00f3nica es el \u00faltimo evento relatado en la parte autobiogr\u00e1fica de las Confesiones. A finales del 387 Agust\u00edn y sus compa\u00f1eros se detienen a descansar en Ostia en su viaje de regreso a \u00c1frica desde Mil\u00e1n, y es aqu\u00ed donde M\u00f3nica experimenta un \u00e9xtasis sobre las cosas creadas por la Sabidur\u00eda Divina poco antes de su muerte, nueve d\u00edas despu\u00e9s del suceso. Sus restos descansan en un sarc\u00f3fago en la Bas\u00edlica de San Agust\u00edn en Roma.<\/p>\t\t\t\t\t\t<\/div>\n\t\t\t\t<\/div>\n\t\t\t\t<div class=\"elementor-element elementor-element-4010c2c elementor-widget elementor-widget-image\" data-id=\"4010c2c\" data-element_type=\"widget\" data-widget_type=\"image.default\">\n\t\t\t\t<div class=\"elementor-widget-container\">\n\t\t\t\t\t\t\t\t\t\t\t\t\t\t\t<img width=\"152\" height=\"147\" src=\"https:\/\/grupo.us.es\/conditiofeminae\/wp-content\/uploads\/2021\/05\/Moneda-CF-mediana.png\" class=\"attachment-full size-full\" alt=\"\" loading=\"lazy\" srcset=\"https:\/\/grupo.us.es\/conditiofeminae\/wp-content\/uploads\/2021\/05\/Moneda-CF-mediana.png 152w, https:\/\/grupo.us.es\/conditiofeminae\/wp-content\/uploads\/2021\/05\/Moneda-CF-mediana-150x145.png 150w\" sizes=\"(max-width: 152px) 100vw, 152px\" \/>\t\t\t\t\t\t\t\t\t\t\t\t\t\t\t<\/div>\n\t\t\t\t<\/div>\n\t\t\t\t<div class=\"elementor-element elementor-element-392935b elementor-widget elementor-widget-heading\" data-id=\"392935b\" data-element_type=\"widget\" data-widget_type=\"heading.default\">\n\t\t\t\t<div class=\"elementor-widget-container\">\n\t\t\t<p class=\"elementor-heading-title elementor-size-default\">Beatrice Girotti<\/p>\t\t<\/div>\n\t\t\t\t<\/div>\n\t\t\t\t<div class=\"elementor-element elementor-element-c33c9e4 elementor-widget elementor-widget-heading\" data-id=\"c33c9e4\" data-element_type=\"widget\" data-widget_type=\"heading.default\">\n\t\t\t\t<div class=\"elementor-widget-container\">\n\t\t\t<p class=\"elementor-heading-title elementor-size-default\">Universit\u00e0 degli Studi di Bologna<\/p>\t\t<\/div>\n\t\t\t\t<\/div>\n\t\t\t\t\t<\/div>\n\t\t<\/div>\n\t\t\t\t\t\t\t<\/div>\n\t\t<\/section>\n\t\t\t\t<section class=\"elementor-section elementor-top-section elementor-element elementor-element-0e63e03 elementor-section-stretched elementor-section-boxed elementor-section-height-default elementor-section-height-default\" data-id=\"0e63e03\" data-element_type=\"section\" data-settings=\"{&quot;stretch_section&quot;:&quot;section-stretched&quot;,&quot;background_background&quot;:&quot;classic&quot;,&quot;shape_divider_top&quot;:&quot;opacity-fan&quot;,&quot;shape_divider_bottom&quot;:&quot;opacity-fan&quot;}\">\n\t\t\t\t\t<div class=\"elementor-shape elementor-shape-top\" data-negative=\"false\">\n\t\t\t<svg xmlns=\"http:\/\/www.w3.org\/2000\/svg\" viewBox=\"0 0 283.5 19.6\" preserveAspectRatio=\"none\">\n\t<path class=\"elementor-shape-fill\" style=\"opacity:0.33\" d=\"M0 0L0 18.8 141.8 4.1 283.5 18.8 283.5 0z\"\/>\n\t<path class=\"elementor-shape-fill\" style=\"opacity:0.33\" d=\"M0 0L0 12.6 141.8 4 283.5 12.6 283.5 0z\"\/>\n\t<path class=\"elementor-shape-fill\" style=\"opacity:0.33\" d=\"M0 0L0 6.4 141.8 4 283.5 6.4 283.5 0z\"\/>\n\t<path class=\"elementor-shape-fill\" d=\"M0 0L0 1.2 141.8 4 283.5 1.2 283.5 0z\"\/>\n<\/svg>\t\t<\/div>\n\t\t\t\t<div class=\"elementor-shape elementor-shape-bottom\" data-negative=\"false\">\n\t\t\t<svg xmlns=\"http:\/\/www.w3.org\/2000\/svg\" viewBox=\"0 0 283.5 19.6\" preserveAspectRatio=\"none\">\n\t<path class=\"elementor-shape-fill\" style=\"opacity:0.33\" d=\"M0 0L0 18.8 141.8 4.1 283.5 18.8 283.5 0z\"\/>\n\t<path class=\"elementor-shape-fill\" style=\"opacity:0.33\" d=\"M0 0L0 12.6 141.8 4 283.5 12.6 283.5 0z\"\/>\n\t<path class=\"elementor-shape-fill\" style=\"opacity:0.33\" d=\"M0 0L0 6.4 141.8 4 283.5 6.4 283.5 0z\"\/>\n\t<path class=\"elementor-shape-fill\" d=\"M0 0L0 1.2 141.8 4 283.5 1.2 283.5 0z\"\/>\n<\/svg>\t\t<\/div>\n\t\t\t\t\t<div class=\"elementor-container elementor-column-gap-default\">\n\t\t\t\t\t<div class=\"elementor-column elementor-col-50 elementor-top-column elementor-element elementor-element-12a4ba3\" data-id=\"12a4ba3\" data-element_type=\"column\">\n\t\t\t<div class=\"elementor-widget-wrap elementor-element-populated\">\n\t\t\t\t\t\t\t\t<div class=\"elementor-element elementor-element-ca3c4ef elementor-widget elementor-widget-image\" data-id=\"ca3c4ef\" data-element_type=\"widget\" data-widget_type=\"image.default\">\n\t\t\t\t<div class=\"elementor-widget-container\">\n\t\t\t\t\t\t\t\t\t\t\t\t\t\t\t\t<a href=\"https:\/\/upload.wikimedia.org\/wikipedia\/commons\/9\/98\/Saint_Augustine_and_Saint_Monica.jpg\" data-elementor-open-lightbox=\"yes\">\n\t\t\t\t\t\t\t<img src=\"https:\/\/upload.wikimedia.org\/wikipedia\/commons\/9\/98\/Saint_Augustine_and_Saint_Monica.jpg\" title=\"\" alt=\"\" \/>\t\t\t\t\t\t\t\t<\/a>\n\t\t\t\t\t\t\t\t\t\t\t\t\t\t\t<\/div>\n\t\t\t\t<\/div>\n\t\t\t\t<div class=\"elementor-element elementor-element-293c65f elementor-widget elementor-widget-heading\" data-id=\"293c65f\" data-element_type=\"widget\" data-widget_type=\"heading.default\">\n\t\t\t\t<div class=\"elementor-widget-container\">\n\t\t\t<p class=\"elementor-heading-title elementor-size-small\">Ary Scheffer (1854). San Agust\u00edn y M\u00f3nica. National Gallery, Londres.<\/p>\t\t<\/div>\n\t\t\t\t<\/div>\n\t\t\t\t<div class=\"elementor-element elementor-element-e249b6b elementor-widget elementor-widget-heading\" data-id=\"e249b6b\" data-element_type=\"widget\" data-widget_type=\"heading.default\">\n\t\t\t\t<div class=\"elementor-widget-container\">\n\t\t\t<p class=\"elementor-heading-title elementor-size-small\"><a href=\"https:\/\/commons.wikimedia.org\/wiki\/File:Saint_Augustine_and_Saint_Monica.jpg\" target=\"_blank\">Public domain, via Wikimedia Commons.<\/a><\/p>\t\t<\/div>\n\t\t\t\t<\/div>\n\t\t\t\t\t<\/div>\n\t\t<\/div>\n\t\t\t\t<div class=\"elementor-column elementor-col-50 elementor-top-column elementor-element elementor-element-6c03f0e\" data-id=\"6c03f0e\" data-element_type=\"column\">\n\t\t\t<div class=\"elementor-widget-wrap elementor-element-populated\">\n\t\t\t\t\t\t\t\t<div class=\"elementor-element elementor-element-d70e942 elementor-widget elementor-widget-text-editor\" data-id=\"d70e942\" data-element_type=\"widget\" data-widget_type=\"text-editor.default\">\n\t\t\t\t<div class=\"elementor-widget-container\">\n\t\t\t\t\t\t\t<p><strong>Fuentes principales<\/strong><\/p><p style=\"text-align: justify;\"><span style=\"font-family: 'times new roman', times, serif;\">Agust\u00edn de Hipona, <em>Confesiones, <\/em>8.10.11;\u00a0 <em>Sobre la vida feliz<\/em>.<\/span><\/p><p><strong>Selecci\u00f3n bibliogr\u00e1fica<\/strong><\/p><p class=\"sangriaFrancesa\" style=\"text-align: justify;\"><span style=\"font-family: 'times new roman', times, serif;\">Atkinson, W., \u201cYour Servant, my Mother: The Figure of Saint Monica in the Ideology of Christian Motherhood\u201d, en Atkinson, W. (ed.), <em>Immaculate and Powerful. The Female in Sacred Image and Social Reality<\/em> (Boston 1985) 139-172.<\/span><\/p><p class=\"sangriaFrancesa\" style=\"text-align: justify;\"><span style=\"font-family: 'times new roman', times, serif;\">Bowery, A.M., \u201cMonica: The Feminine Face of Christ\u201d, en Stark, J.C. (ed.), <em>Feminist Interpretations of Augustine<\/em> (Philadelphia 2007) 69-96.<\/span><\/p><p class=\"sangriaFrancesa\" style=\"text-align: justify;\"><span style=\"font-family: 'times new roman', times, serif;\">Coyle, J.K., \u201cIn Praise of Monica: A Note on the Ostia Experience of Confessions IX\u201d, <em>Augustinian Studies<\/em> 13 (1982) 87-90.<\/span><\/p><p class=\"sangriaFrancesa\" style=\"text-align: justify;\"><span style=\"font-family: 'times new roman', times, serif;\">McDuffie, F., \u201cAugustine&#8217;s Rhetoric of the Feminine in the\u00a0Confessions:\u00a0Woman as Mother, Woman as Other\u201d, en <em>Feminist Interpretations of Augustine<\/em>, en Stark, J.C. (ed.), <em>Feminist Interpretations of Augustine<\/em> (Philadelphia 2007) 97-118.<\/span><\/p><p class=\"sangriaFrancesa\" style=\"text-align: justify;\"><span style=\"font-family: 'times new roman', times, serif;\">Moore, R., \u201cO Mother, Where Art Thou? In Search of Saint Monnica\u201d, en Stark, J.C. (ed.), <em>Feminist Interpretations of Augustine<\/em> (Philadelphia 2007) 147-166.<\/span><\/p>\t\t\t\t\t\t<\/div>\n\t\t\t\t<\/div>\n\t\t\t\t\t<\/div>\n\t\t<\/div>\n\t\t\t\t\t\t\t<\/div>\n\t\t<\/section>\n\t\t\t\t<section class=\"elementor-section elementor-top-section elementor-element elementor-element-3cb127e elementor-section-full_width elementor-section-stretched elementor-section-height-default elementor-section-height-default\" data-id=\"3cb127e\" data-element_type=\"section\" data-settings=\"{&quot;stretch_section&quot;:&quot;section-stretched&quot;,&quot;background_background&quot;:&quot;gradient&quot;}\">\n\t\t\t\t\t\t<div class=\"elementor-container elementor-column-gap-default\">\n\t\t\t\t\t<div class=\"elementor-column elementor-col-100 elementor-top-column elementor-element elementor-element-c0cb2c4\" data-id=\"c0cb2c4\" data-element_type=\"column\">\n\t\t\t<div class=\"elementor-widget-wrap elementor-element-populated\">\n\t\t\t\t\t\t\t\t<div class=\"elementor-element elementor-element-0c7c9d3 elementor-widget elementor-widget-spacer\" data-id=\"0c7c9d3\" data-element_type=\"widget\" data-widget_type=\"spacer.default\">\n\t\t\t\t<div class=\"elementor-widget-container\">\n\t\t\t\t\t<div class=\"elementor-spacer\">\n\t\t\t<div class=\"elementor-spacer-inner\"><\/div>\n\t\t<\/div>\n\t\t\t\t<\/div>\n\t\t\t\t<\/div>\n\t\t\t\t\t<\/div>\n\t\t<\/div>\n\t\t\t\t\t\t\t<\/div>\n\t\t<\/section>\n\t\t\t\t<section class=\"elementor-section elementor-top-section elementor-element elementor-element-8cd11d6 elementor-section-boxed elementor-section-height-default elementor-section-height-default\" data-id=\"8cd11d6\" data-element_type=\"section\">\n\t\t\t\t\t\t<div class=\"elementor-container elementor-column-gap-default\">\n\t\t\t\t\t<div class=\"elementor-column elementor-col-100 elementor-top-column elementor-element elementor-element-4d9cbb8\" data-id=\"4d9cbb8\" data-element_type=\"column\">\n\t\t\t<div class=\"elementor-widget-wrap elementor-element-populated\">\n\t\t\t\t\t\t\t\t<div class=\"elementor-element elementor-element-0c4de9c elementor-position-right elementor-vertical-align-middle elementor-view-default elementor-invisible elementor-widget elementor-widget-icon-box\" data-id=\"0c4de9c\" data-element_type=\"widget\" data-settings=\"{&quot;_animation&quot;:&quot;fadeInLeft&quot;}\" data-widget_type=\"icon-box.default\">\n\t\t\t\t<div class=\"elementor-widget-container\">\n\t\t\t\t\t<div class=\"elementor-icon-box-wrapper\">\n\t\t\t\t\t\t<div class=\"elementor-icon-box-icon\">\n\t\t\t\t<a class=\"elementor-icon elementor-animation-\" href=\"https:\/\/grupo.us.es\/conditiofeminae\/index.php\/250-mujeres-de-la-antigua-roma\/\">\n\t\t\t\t<i aria-hidden=\"true\" class=\"fas fa-arrow-right\"><\/i>\t\t\t\t<\/a>\n\t\t\t<\/div>\n\t\t\t\t\t\t<div class=\"elementor-icon-box-content\">\n\t\t\t\t<p class=\"elementor-icon-box-title\">\n\t\t\t\t\t<a href=\"https:\/\/grupo.us.es\/conditiofeminae\/index.php\/250-mujeres-de-la-antigua-roma\/\" >\n\t\t\t\t\t\t<span>Exposici\u00f3n Virtual: 250 mujeres de la antigua Roma<\/span>\t\t\t\t\t<\/a>\n\t\t\t\t<\/p>\n\t\t\t\t\t\t\t<\/div>\n\t\t<\/div>\n\t\t\t\t<\/div>\n\t\t\t\t<\/div>\n\t\t\t\t\t<\/div>\n\t\t<\/div>\n\t\t\t\t\t\t\t<\/div>\n\t\t<\/section>\n\t\t\t\t\t\t<\/div>\n\t\t\t\t\t<\/div>\n\t\t ","protected":false},"excerpt":{"rendered":"<p> <a class=\"continue-reading-link\" href=\"https:\/\/grupo.us.es\/conditiofeminae\/index.php\/2022\/04\/04\/211-monica\/\"><span>Continuar leyendo<\/span><i class=\"crycon-right-dir\"><\/i><\/a> <\/p>\n","protected":false},"author":9,"featured_media":0,"comment_status":"closed","ping_status":"open","sticky":false,"template":"","format":"standard","meta":[],"categories":[13,12,17],"tags":[31],"yoast_head":"<!-- This site is optimized with the Yoast SEO plugin v17.6 - https:\/\/yoast.com\/wordpress\/plugins\/seo\/ -->\n<title>211. M\u00d3NICA - CONDITIO FEMINAE I: Marginaci\u00f3n y visibilidad de la mujer en el Imperio Romano<\/title>\n<meta name=\"description\" content=\"PROYECTO CONDITIO FEMINAE \u2013 MARGINACION POLITICA, JURIDICA Y RELIGIOSA DE LA MUJER DURANTE EL ALTO IMPERIO ROMANO (SIGLOS I-III)Programa Estatal de Fomento de la Investigaci\u00f3n Cient\u00edfica y T\u00e9cnica de Excelencia, Subprograma Estatal de Generaci\u00f3n de Conocimiento.\" \/>\n<meta name=\"robots\" content=\"index, follow, max-snippet:-1, max-image-preview:large, max-video-preview:-1\" \/>\n<link rel=\"canonical\" href=\"https:\/\/grupo.us.es\/conditiofeminae\/index.php\/2022\/04\/04\/211-monica\/\" \/>\n<meta property=\"og:locale\" content=\"es_ES\" \/>\n<meta property=\"og:type\" content=\"article\" \/>\n<meta property=\"og:title\" content=\"211. M\u00d3NICA - CONDITIO FEMINAE I: Marginaci\u00f3n y visibilidad de la mujer en el Imperio Romano\" \/>\n<meta property=\"og:description\" content=\"PROYECTO CONDITIO FEMINAE \u2013 MARGINACION POLITICA, JURIDICA Y RELIGIOSA DE LA MUJER DURANTE EL ALTO IMPERIO ROMANO (SIGLOS I-III)Programa Estatal de Fomento de la Investigaci\u00f3n Cient\u00edfica y T\u00e9cnica de Excelencia, Subprograma Estatal de Generaci\u00f3n de Conocimiento.\" \/>\n<meta property=\"og:url\" content=\"https:\/\/grupo.us.es\/conditiofeminae\/index.php\/2022\/04\/04\/211-monica\/\" \/>\n<meta property=\"og:site_name\" content=\"CONDITIO FEMINAE I: Marginaci\u00f3n y visibilidad de la mujer en el Imperio Romano\" \/>\n<meta property=\"article:published_time\" content=\"2022-04-04T11:43:22+00:00\" \/>\n<meta property=\"article:modified_time\" content=\"2023-02-09T16:31:47+00:00\" \/>\n<meta property=\"og:image\" content=\"https:\/\/grupo.us.es\/conditiofeminae\/wp-content\/uploads\/2021\/05\/Moneda-CF-mediana.png\" \/>\n<meta name=\"twitter:card\" content=\"summary_large_image\" \/>\n<meta name=\"twitter:label1\" content=\"Escrito por\" \/>\n\t<meta name=\"twitter:data1\" content=\"Patricia T\u00e9llez\" \/>\n\t<meta name=\"twitter:label2\" content=\"Tiempo de lectura\" \/>\n\t<meta name=\"twitter:data2\" content=\"4 minutos\" \/>\n<script type=\"application\/ld+json\" class=\"yoast-schema-graph\">{\"@context\":\"https:\/\/schema.org\",\"@graph\":[{\"@type\":\"Organization\",\"@id\":\"https:\/\/grupo.us.es\/conditiofeminae\/#organization\",\"name\":\"Departamento de Historia Antigua de la Universidad de Sevilla\",\"url\":\"https:\/\/grupo.us.es\/conditiofeminae\/\",\"sameAs\":[],\"logo\":{\"@type\":\"ImageObject\",\"@id\":\"https:\/\/grupo.us.es\/conditiofeminae\/#logo\",\"inLanguage\":\"es\",\"url\":\"https:\/\/grupo.us.es\/conditiofeminae\/wp-content\/uploads\/2020\/03\/dpto-historia-antigua-us.jpg\",\"contentUrl\":\"https:\/\/grupo.us.es\/conditiofeminae\/wp-content\/uploads\/2020\/03\/dpto-historia-antigua-us.jpg\",\"width\":104,\"height\":133,\"caption\":\"Departamento de Historia Antigua de la Universidad de Sevilla\"},\"image\":{\"@id\":\"https:\/\/grupo.us.es\/conditiofeminae\/#logo\"}},{\"@type\":\"WebSite\",\"@id\":\"https:\/\/grupo.us.es\/conditiofeminae\/#website\",\"url\":\"https:\/\/grupo.us.es\/conditiofeminae\/\",\"name\":\"CONDITIO FEMINAE I: Marginaci\\u00f3n y visibilidad de la mujer en el Imperio Romano\",\"description\":\"\",\"publisher\":{\"@id\":\"https:\/\/grupo.us.es\/conditiofeminae\/#organization\"},\"potentialAction\":[{\"@type\":\"SearchAction\",\"target\":{\"@type\":\"EntryPoint\",\"urlTemplate\":\"https:\/\/grupo.us.es\/conditiofeminae\/?s={search_term_string}\"},\"query-input\":\"required name=search_term_string\"}],\"inLanguage\":\"es\"},{\"@type\":\"ImageObject\",\"@id\":\"https:\/\/grupo.us.es\/conditiofeminae\/index.php\/2022\/04\/04\/211-monica\/#primaryimage\",\"inLanguage\":\"es\",\"url\":\"https:\/\/grupo.us.es\/conditiofeminae\/wp-content\/uploads\/2021\/05\/Moneda-CF-mediana.png\",\"contentUrl\":\"https:\/\/grupo.us.es\/conditiofeminae\/wp-content\/uploads\/2021\/05\/Moneda-CF-mediana.png\",\"width\":152,\"height\":147},{\"@type\":\"WebPage\",\"@id\":\"https:\/\/grupo.us.es\/conditiofeminae\/index.php\/2022\/04\/04\/211-monica\/#webpage\",\"url\":\"https:\/\/grupo.us.es\/conditiofeminae\/index.php\/2022\/04\/04\/211-monica\/\",\"name\":\"211. M\\u00d3NICA - CONDITIO FEMINAE I: Marginaci\\u00f3n y visibilidad de la mujer en el Imperio Romano\",\"isPartOf\":{\"@id\":\"https:\/\/grupo.us.es\/conditiofeminae\/#website\"},\"primaryImageOfPage\":{\"@id\":\"https:\/\/grupo.us.es\/conditiofeminae\/index.php\/2022\/04\/04\/211-monica\/#primaryimage\"},\"datePublished\":\"2022-04-04T11:43:22+00:00\",\"dateModified\":\"2023-02-09T16:31:47+00:00\",\"description\":\"PROYECTO CONDITIO FEMINAE \\u2013 MARGINACION POLITICA, JURIDICA Y RELIGIOSA DE LA MUJER DURANTE EL ALTO IMPERIO ROMANO (SIGLOS I-III)Programa Estatal de Fomento de la Investigaci\\u00f3n Cient\\u00edfica y T\\u00e9cnica de Excelencia, Subprograma Estatal de Generaci\\u00f3n de Conocimiento.\",\"breadcrumb\":{\"@id\":\"https:\/\/grupo.us.es\/conditiofeminae\/index.php\/2022\/04\/04\/211-monica\/#breadcrumb\"},\"inLanguage\":\"es\",\"potentialAction\":[{\"@type\":\"ReadAction\",\"target\":[\"https:\/\/grupo.us.es\/conditiofeminae\/index.php\/2022\/04\/04\/211-monica\/\"]}]},{\"@type\":\"BreadcrumbList\",\"@id\":\"https:\/\/grupo.us.es\/conditiofeminae\/index.php\/2022\/04\/04\/211-monica\/#breadcrumb\",\"itemListElement\":[{\"@type\":\"ListItem\",\"position\":1,\"name\":\"Portada\",\"item\":\"https:\/\/grupo.us.es\/conditiofeminae\/\"},{\"@type\":\"ListItem\",\"position\":2,\"name\":\"211. M\\u00d3NICA\"}]},{\"@type\":\"Article\",\"@id\":\"https:\/\/grupo.us.es\/conditiofeminae\/index.php\/2022\/04\/04\/211-monica\/#article\",\"isPartOf\":{\"@id\":\"https:\/\/grupo.us.es\/conditiofeminae\/index.php\/2022\/04\/04\/211-monica\/#webpage\"},\"author\":{\"@id\":\"https:\/\/grupo.us.es\/conditiofeminae\/#\/schema\/person\/8d5a2ef8795f2543311dfdb46b134483\"},\"headline\":\"211. M\\u00d3NICA\",\"datePublished\":\"2022-04-04T11:43:22+00:00\",\"dateModified\":\"2023-02-09T16:31:47+00:00\",\"mainEntityOfPage\":{\"@id\":\"https:\/\/grupo.us.es\/conditiofeminae\/index.php\/2022\/04\/04\/211-monica\/#webpage\"},\"wordCount\":708,\"publisher\":{\"@id\":\"https:\/\/grupo.us.es\/conditiofeminae\/#organization\"},\"image\":{\"@id\":\"https:\/\/grupo.us.es\/conditiofeminae\/index.php\/2022\/04\/04\/211-monica\/#primaryimage\"},\"thumbnailUrl\":\"https:\/\/grupo.us.es\/conditiofeminae\/wp-content\/uploads\/2021\/05\/Moneda-CF-mediana.png\",\"keywords\":[\"Exposici\\u00f3n Virtual: 250 mujeres de la antigua Roma\"],\"articleSection\":[\"250 mujeres de la antigua Roma\",\"Exposici\\u00f3n Virtual\",\"Per\\u00edodo IV: Antig\\u00fcedad tard\\u00eda (284 d. C. \\u2013 565 d. C.)\"],\"inLanguage\":\"es\"},{\"@type\":\"Person\",\"@id\":\"https:\/\/grupo.us.es\/conditiofeminae\/#\/schema\/person\/8d5a2ef8795f2543311dfdb46b134483\",\"name\":\"Patricia T\\u00e9llez\",\"image\":{\"@type\":\"ImageObject\",\"@id\":\"https:\/\/grupo.us.es\/conditiofeminae\/#personlogo\",\"inLanguage\":\"es\",\"url\":\"https:\/\/secure.gravatar.com\/avatar\/1cbcdd2aa637a1716a59c719467029e1?s=96&d=mm&r=g\",\"contentUrl\":\"https:\/\/secure.gravatar.com\/avatar\/1cbcdd2aa637a1716a59c719467029e1?s=96&d=mm&r=g\",\"caption\":\"Patricia T\\u00e9llez\"},\"url\":\"https:\/\/grupo.us.es\/conditiofeminae\/index.php\/author\/patriciatellez\/\"}]}<\/script>\n<!-- \/ Yoast SEO plugin. -->","yoast_head_json":{"title":"211. M\u00d3NICA - CONDITIO FEMINAE I: Marginaci\u00f3n y visibilidad de la mujer en el Imperio Romano","description":"PROYECTO CONDITIO FEMINAE \u2013 MARGINACION POLITICA, JURIDICA Y RELIGIOSA DE LA MUJER DURANTE EL ALTO IMPERIO ROMANO (SIGLOS I-III)Programa Estatal de Fomento de la Investigaci\u00f3n Cient\u00edfica y T\u00e9cnica de Excelencia, Subprograma Estatal de Generaci\u00f3n de Conocimiento.","robots":{"index":"index","follow":"follow","max-snippet":"max-snippet:-1","max-image-preview":"max-image-preview:large","max-video-preview":"max-video-preview:-1"},"canonical":"https:\/\/grupo.us.es\/conditiofeminae\/index.php\/2022\/04\/04\/211-monica\/","og_locale":"es_ES","og_type":"article","og_title":"211. M\u00d3NICA - CONDITIO FEMINAE I: Marginaci\u00f3n y visibilidad de la mujer en el Imperio Romano","og_description":"PROYECTO CONDITIO FEMINAE \u2013 MARGINACION POLITICA, JURIDICA Y RELIGIOSA DE LA MUJER DURANTE EL ALTO IMPERIO ROMANO (SIGLOS I-III)Programa Estatal de Fomento de la Investigaci\u00f3n Cient\u00edfica y T\u00e9cnica de Excelencia, Subprograma Estatal de Generaci\u00f3n de Conocimiento.","og_url":"https:\/\/grupo.us.es\/conditiofeminae\/index.php\/2022\/04\/04\/211-monica\/","og_site_name":"CONDITIO FEMINAE I: Marginaci\u00f3n y visibilidad de la mujer en el Imperio Romano","article_published_time":"2022-04-04T11:43:22+00:00","article_modified_time":"2023-02-09T16:31:47+00:00","og_image":[{"url":"https:\/\/grupo.us.es\/conditiofeminae\/wp-content\/uploads\/2021\/05\/Moneda-CF-mediana.png"}],"twitter_card":"summary_large_image","twitter_misc":{"Escrito por":"Patricia T\u00e9llez","Tiempo de lectura":"4 minutos"},"schema":{"@context":"https:\/\/schema.org","@graph":[{"@type":"Organization","@id":"https:\/\/grupo.us.es\/conditiofeminae\/#organization","name":"Departamento de Historia Antigua de la Universidad de Sevilla","url":"https:\/\/grupo.us.es\/conditiofeminae\/","sameAs":[],"logo":{"@type":"ImageObject","@id":"https:\/\/grupo.us.es\/conditiofeminae\/#logo","inLanguage":"es","url":"https:\/\/grupo.us.es\/conditiofeminae\/wp-content\/uploads\/2020\/03\/dpto-historia-antigua-us.jpg","contentUrl":"https:\/\/grupo.us.es\/conditiofeminae\/wp-content\/uploads\/2020\/03\/dpto-historia-antigua-us.jpg","width":104,"height":133,"caption":"Departamento de Historia Antigua de la Universidad de Sevilla"},"image":{"@id":"https:\/\/grupo.us.es\/conditiofeminae\/#logo"}},{"@type":"WebSite","@id":"https:\/\/grupo.us.es\/conditiofeminae\/#website","url":"https:\/\/grupo.us.es\/conditiofeminae\/","name":"CONDITIO FEMINAE I: Marginaci\u00f3n y visibilidad de la mujer en el Imperio Romano","description":"","publisher":{"@id":"https:\/\/grupo.us.es\/conditiofeminae\/#organization"},"potentialAction":[{"@type":"SearchAction","target":{"@type":"EntryPoint","urlTemplate":"https:\/\/grupo.us.es\/conditiofeminae\/?s={search_term_string}"},"query-input":"required name=search_term_string"}],"inLanguage":"es"},{"@type":"ImageObject","@id":"https:\/\/grupo.us.es\/conditiofeminae\/index.php\/2022\/04\/04\/211-monica\/#primaryimage","inLanguage":"es","url":"https:\/\/grupo.us.es\/conditiofeminae\/wp-content\/uploads\/2021\/05\/Moneda-CF-mediana.png","contentUrl":"https:\/\/grupo.us.es\/conditiofeminae\/wp-content\/uploads\/2021\/05\/Moneda-CF-mediana.png","width":152,"height":147},{"@type":"WebPage","@id":"https:\/\/grupo.us.es\/conditiofeminae\/index.php\/2022\/04\/04\/211-monica\/#webpage","url":"https:\/\/grupo.us.es\/conditiofeminae\/index.php\/2022\/04\/04\/211-monica\/","name":"211. M\u00d3NICA - CONDITIO FEMINAE I: Marginaci\u00f3n y visibilidad de la mujer en el Imperio Romano","isPartOf":{"@id":"https:\/\/grupo.us.es\/conditiofeminae\/#website"},"primaryImageOfPage":{"@id":"https:\/\/grupo.us.es\/conditiofeminae\/index.php\/2022\/04\/04\/211-monica\/#primaryimage"},"datePublished":"2022-04-04T11:43:22+00:00","dateModified":"2023-02-09T16:31:47+00:00","description":"PROYECTO CONDITIO FEMINAE \u2013 MARGINACION POLITICA, JURIDICA Y RELIGIOSA DE LA MUJER DURANTE EL ALTO IMPERIO ROMANO (SIGLOS I-III)Programa Estatal de Fomento de la Investigaci\u00f3n Cient\u00edfica y T\u00e9cnica de Excelencia, Subprograma Estatal de Generaci\u00f3n de Conocimiento.","breadcrumb":{"@id":"https:\/\/grupo.us.es\/conditiofeminae\/index.php\/2022\/04\/04\/211-monica\/#breadcrumb"},"inLanguage":"es","potentialAction":[{"@type":"ReadAction","target":["https:\/\/grupo.us.es\/conditiofeminae\/index.php\/2022\/04\/04\/211-monica\/"]}]},{"@type":"BreadcrumbList","@id":"https:\/\/grupo.us.es\/conditiofeminae\/index.php\/2022\/04\/04\/211-monica\/#breadcrumb","itemListElement":[{"@type":"ListItem","position":1,"name":"Portada","item":"https:\/\/grupo.us.es\/conditiofeminae\/"},{"@type":"ListItem","position":2,"name":"211. M\u00d3NICA"}]},{"@type":"Article","@id":"https:\/\/grupo.us.es\/conditiofeminae\/index.php\/2022\/04\/04\/211-monica\/#article","isPartOf":{"@id":"https:\/\/grupo.us.es\/conditiofeminae\/index.php\/2022\/04\/04\/211-monica\/#webpage"},"author":{"@id":"https:\/\/grupo.us.es\/conditiofeminae\/#\/schema\/person\/8d5a2ef8795f2543311dfdb46b134483"},"headline":"211. M\u00d3NICA","datePublished":"2022-04-04T11:43:22+00:00","dateModified":"2023-02-09T16:31:47+00:00","mainEntityOfPage":{"@id":"https:\/\/grupo.us.es\/conditiofeminae\/index.php\/2022\/04\/04\/211-monica\/#webpage"},"wordCount":708,"publisher":{"@id":"https:\/\/grupo.us.es\/conditiofeminae\/#organization"},"image":{"@id":"https:\/\/grupo.us.es\/conditiofeminae\/index.php\/2022\/04\/04\/211-monica\/#primaryimage"},"thumbnailUrl":"https:\/\/grupo.us.es\/conditiofeminae\/wp-content\/uploads\/2021\/05\/Moneda-CF-mediana.png","keywords":["Exposici\u00f3n Virtual: 250 mujeres de la antigua Roma"],"articleSection":["250 mujeres de la antigua Roma","Exposici\u00f3n Virtual","Per\u00edodo IV: Antig\u00fcedad tard\u00eda (284 d. C. \u2013 565 d. C.)"],"inLanguage":"es"},{"@type":"Person","@id":"https:\/\/grupo.us.es\/conditiofeminae\/#\/schema\/person\/8d5a2ef8795f2543311dfdb46b134483","name":"Patricia T\u00e9llez","image":{"@type":"ImageObject","@id":"https:\/\/grupo.us.es\/conditiofeminae\/#personlogo","inLanguage":"es","url":"https:\/\/secure.gravatar.com\/avatar\/1cbcdd2aa637a1716a59c719467029e1?s=96&d=mm&r=g","contentUrl":"https:\/\/secure.gravatar.com\/avatar\/1cbcdd2aa637a1716a59c719467029e1?s=96&d=mm&r=g","caption":"Patricia T\u00e9llez"},"url":"https:\/\/grupo.us.es\/conditiofeminae\/index.php\/author\/patriciatellez\/"}]}},"_links":{"self":[{"href":"https:\/\/grupo.us.es\/conditiofeminae\/index.php\/wp-json\/wp\/v2\/posts\/3362"}],"collection":[{"href":"https:\/\/grupo.us.es\/conditiofeminae\/index.php\/wp-json\/wp\/v2\/posts"}],"about":[{"href":"https:\/\/grupo.us.es\/conditiofeminae\/index.php\/wp-json\/wp\/v2\/types\/post"}],"author":[{"embeddable":true,"href":"https:\/\/grupo.us.es\/conditiofeminae\/index.php\/wp-json\/wp\/v2\/users\/9"}],"replies":[{"embeddable":true,"href":"https:\/\/grupo.us.es\/conditiofeminae\/index.php\/wp-json\/wp\/v2\/comments?post=3362"}],"version-history":[{"count":22,"href":"https:\/\/grupo.us.es\/conditiofeminae\/index.php\/wp-json\/wp\/v2\/posts\/3362\/revisions"}],"predecessor-version":[{"id":7944,"href":"https:\/\/grupo.us.es\/conditiofeminae\/index.php\/wp-json\/wp\/v2\/posts\/3362\/revisions\/7944"}],"wp:attachment":[{"href":"https:\/\/grupo.us.es\/conditiofeminae\/index.php\/wp-json\/wp\/v2\/media?parent=3362"}],"wp:term":[{"taxonomy":"category","embeddable":true,"href":"https:\/\/grupo.us.es\/conditiofeminae\/index.php\/wp-json\/wp\/v2\/categories?post=3362"},{"taxonomy":"post_tag","embeddable":true,"href":"https:\/\/grupo.us.es\/conditiofeminae\/index.php\/wp-json\/wp\/v2\/tags?post=3362"}],"curies":[{"name":"wp","href":"https:\/\/api.w.org\/{rel}","templated":true}]}}