{"id":3140,"date":"2022-03-30T11:41:01","date_gmt":"2022-03-30T10:41:01","guid":{"rendered":"https:\/\/grupo.us.es\/conditiofeminae\/index.php\/2022\/03\/30\/asicia-victoria-copy\/"},"modified":"2023-02-08T19:53:59","modified_gmt":"2023-02-08T18:53:59","slug":"178-julia-domna","status":"publish","type":"post","link":"https:\/\/grupo.us.es\/conditiofeminae\/index.php\/2022\/03\/30\/178-julia-domna\/","title":{"rendered":"178. JULIA DOMNA"},"content":{"rendered":"\t\t<div data-elementor-type=\"wp-post\" data-elementor-id=\"3140\" class=\"elementor elementor-3140\" data-elementor-settings=\"[]\">\n\t\t\t\t\t\t\t<div class=\"elementor-section-wrap\">\n\t\t\t\t\t\t\t<section class=\"elementor-section elementor-top-section elementor-element elementor-element-085289a elementor-section-boxed elementor-section-height-default elementor-section-height-default\" data-id=\"085289a\" data-element_type=\"section\">\n\t\t\t\t\t\t<div class=\"elementor-container elementor-column-gap-default\">\n\t\t\t\t\t<div class=\"elementor-column elementor-col-100 elementor-top-column elementor-element elementor-element-dfc3797\" data-id=\"dfc3797\" data-element_type=\"column\">\n\t\t\t<div class=\"elementor-widget-wrap elementor-element-populated\">\n\t\t\t\t\t\t\t\t<div class=\"elementor-element elementor-element-30ef574 elementor-position-right elementor-vertical-align-middle elementor-view-default elementor-invisible elementor-widget elementor-widget-icon-box\" data-id=\"30ef574\" data-element_type=\"widget\" data-settings=\"{&quot;_animation&quot;:&quot;fadeInLeft&quot;}\" data-widget_type=\"icon-box.default\">\n\t\t\t\t<div class=\"elementor-widget-container\">\n\t\t\t\t\t<div class=\"elementor-icon-box-wrapper\">\n\t\t\t\t\t\t<div class=\"elementor-icon-box-icon\">\n\t\t\t\t<a class=\"elementor-icon elementor-animation-\" href=\"https:\/\/grupo.us.es\/conditiofeminae\/index.php\/250-mujeres-de-la-antigua-roma\/\">\n\t\t\t\t<i aria-hidden=\"true\" class=\"fas fa-arrow-right\"><\/i>\t\t\t\t<\/a>\n\t\t\t<\/div>\n\t\t\t\t\t\t<div class=\"elementor-icon-box-content\">\n\t\t\t\t<p class=\"elementor-icon-box-title\">\n\t\t\t\t\t<a href=\"https:\/\/grupo.us.es\/conditiofeminae\/index.php\/250-mujeres-de-la-antigua-roma\/\" >\n\t\t\t\t\t\t<span>Exposici\u00f3n Virtual: 250 mujeres de la antigua Roma<\/span>\t\t\t\t\t<\/a>\n\t\t\t\t<\/p>\n\t\t\t\t\t\t\t<\/div>\n\t\t<\/div>\n\t\t\t\t<\/div>\n\t\t\t\t<\/div>\n\t\t\t\t\t<\/div>\n\t\t<\/div>\n\t\t\t\t\t\t\t<\/div>\n\t\t<\/section>\n\t\t\t\t<section class=\"elementor-section elementor-top-section elementor-element elementor-element-9c17472 elementor-section-stretched elementor-section-boxed elementor-section-height-default elementor-section-height-default\" data-id=\"9c17472\" data-element_type=\"section\" id=\"2010\" data-settings=\"{&quot;stretch_section&quot;:&quot;section-stretched&quot;,&quot;background_background&quot;:&quot;classic&quot;,&quot;shape_divider_top&quot;:&quot;opacity-fan&quot;,&quot;shape_divider_bottom&quot;:&quot;opacity-fan&quot;}\">\n\t\t\t\t\t<div class=\"elementor-shape elementor-shape-top\" data-negative=\"false\">\n\t\t\t<svg xmlns=\"http:\/\/www.w3.org\/2000\/svg\" viewBox=\"0 0 283.5 19.6\" preserveAspectRatio=\"none\">\n\t<path class=\"elementor-shape-fill\" style=\"opacity:0.33\" d=\"M0 0L0 18.8 141.8 4.1 283.5 18.8 283.5 0z\"\/>\n\t<path class=\"elementor-shape-fill\" style=\"opacity:0.33\" d=\"M0 0L0 12.6 141.8 4 283.5 12.6 283.5 0z\"\/>\n\t<path class=\"elementor-shape-fill\" style=\"opacity:0.33\" d=\"M0 0L0 6.4 141.8 4 283.5 6.4 283.5 0z\"\/>\n\t<path class=\"elementor-shape-fill\" d=\"M0 0L0 1.2 141.8 4 283.5 1.2 283.5 0z\"\/>\n<\/svg>\t\t<\/div>\n\t\t\t\t<div class=\"elementor-shape elementor-shape-bottom\" data-negative=\"false\">\n\t\t\t<svg xmlns=\"http:\/\/www.w3.org\/2000\/svg\" viewBox=\"0 0 283.5 19.6\" preserveAspectRatio=\"none\">\n\t<path class=\"elementor-shape-fill\" style=\"opacity:0.33\" d=\"M0 0L0 18.8 141.8 4.1 283.5 18.8 283.5 0z\"\/>\n\t<path class=\"elementor-shape-fill\" style=\"opacity:0.33\" d=\"M0 0L0 12.6 141.8 4 283.5 12.6 283.5 0z\"\/>\n\t<path class=\"elementor-shape-fill\" style=\"opacity:0.33\" d=\"M0 0L0 6.4 141.8 4 283.5 6.4 283.5 0z\"\/>\n\t<path class=\"elementor-shape-fill\" d=\"M0 0L0 1.2 141.8 4 283.5 1.2 283.5 0z\"\/>\n<\/svg>\t\t<\/div>\n\t\t\t\t\t<div class=\"elementor-container elementor-column-gap-default\">\n\t\t\t\t\t<div class=\"elementor-column elementor-col-50 elementor-top-column elementor-element elementor-element-226e72a\" data-id=\"226e72a\" data-element_type=\"column\">\n\t\t\t<div class=\"elementor-widget-wrap elementor-element-populated\">\n\t\t\t\t\t\t\t\t<div class=\"elementor-element elementor-element-ff89d35 elementor-invisible elementor-widget elementor-widget-image\" data-id=\"ff89d35\" data-element_type=\"widget\" data-settings=\"{&quot;_animation&quot;:&quot;rollIn&quot;}\" data-widget_type=\"image.default\">\n\t\t\t\t<div class=\"elementor-widget-container\">\n\t\t\t\t\t\t\t\t\t\t\t\t\t\t\t<img width=\"152\" height=\"147\" src=\"https:\/\/grupo.us.es\/conditiofeminae\/wp-content\/uploads\/2021\/05\/Moneda-CF-mediana.png\" class=\"attachment-large size-large\" alt=\"\" loading=\"lazy\" srcset=\"https:\/\/grupo.us.es\/conditiofeminae\/wp-content\/uploads\/2021\/05\/Moneda-CF-mediana.png 152w, https:\/\/grupo.us.es\/conditiofeminae\/wp-content\/uploads\/2021\/05\/Moneda-CF-mediana-150x145.png 150w\" sizes=\"(max-width: 152px) 100vw, 152px\" \/>\t\t\t\t\t\t\t\t\t\t\t\t\t\t\t<\/div>\n\t\t\t\t<\/div>\n\t\t\t\t\t<\/div>\n\t\t<\/div>\n\t\t\t\t<div class=\"elementor-column elementor-col-50 elementor-top-column elementor-element elementor-element-f60c356\" data-id=\"f60c356\" data-element_type=\"column\">\n\t\t\t<div class=\"elementor-widget-wrap elementor-element-populated\">\n\t\t\t\t\t\t\t\t<div class=\"elementor-element elementor-element-20529d3 elementor-invisible elementor-widget elementor-widget-heading\" data-id=\"20529d3\" data-element_type=\"widget\" data-settings=\"{&quot;_animation&quot;:&quot;fadeInLeft&quot;}\" data-widget_type=\"heading.default\">\n\t\t\t\t<div class=\"elementor-widget-container\">\n\t\t\t<h3 class=\"elementor-heading-title elementor-size-xl\">178. JULIA DOMNA<\/h3>\t\t<\/div>\n\t\t\t\t<\/div>\n\t\t\t\t\t<\/div>\n\t\t<\/div>\n\t\t\t\t\t\t\t<\/div>\n\t\t<\/section>\n\t\t\t\t<section class=\"elementor-section elementor-top-section elementor-element elementor-element-39813ee elementor-section-boxed elementor-section-height-default elementor-section-height-default\" data-id=\"39813ee\" data-element_type=\"section\" id=\"1500\" data-settings=\"{&quot;background_background&quot;:&quot;classic&quot;}\">\n\t\t\t\t\t\t<div class=\"elementor-container elementor-column-gap-default\">\n\t\t\t\t\t<div class=\"elementor-column elementor-col-100 elementor-top-column elementor-element elementor-element-71f1386\" data-id=\"71f1386\" data-element_type=\"column\">\n\t\t\t<div class=\"elementor-widget-wrap elementor-element-populated\">\n\t\t\t\t\t\t\t\t<section class=\"elementor-section elementor-inner-section elementor-element elementor-element-fa617e3 elementor-section-boxed elementor-section-height-default elementor-section-height-default\" data-id=\"fa617e3\" data-element_type=\"section\">\n\t\t\t\t\t\t<div class=\"elementor-container elementor-column-gap-default\">\n\t\t\t\t\t<div class=\"elementor-column elementor-col-50 elementor-inner-column elementor-element elementor-element-052f95e\" data-id=\"052f95e\" data-element_type=\"column\">\n\t\t\t<div class=\"elementor-widget-wrap elementor-element-populated\">\n\t\t\t\t\t\t\t\t<div class=\"elementor-element elementor-element-77d5a25 elementor-widget elementor-widget-text-editor\" data-id=\"77d5a25\" data-element_type=\"widget\" data-widget_type=\"text-editor.default\">\n\t\t\t\t<div class=\"elementor-widget-container\">\n\t\t\t\t\t\t\t<p class=\"sangriaPrimeraLinea\">Julia Domna fue la esposa del emperador Septimio Severo y madre de los emperadores Caracalla y Geta.\u00a0 Naci\u00f3 entre el 170 y el 174 en la ciudad siria de <em>Emesa<\/em> (actual Homs). Su padre era Julio Basiano, arist\u00f3crata y sumo sacerdote del dios local El-Gabal. Tanto ella como su hermana, Julia Mesa, recibieron una destacada formaci\u00f3n. Poco despu\u00e9s, en el a\u00f1o 190, Severo fue nombrado c\u00f3nsul, por lo que Domna pas\u00f3 a ser una de las primeras damas de la sociedad romana. Sin embargo, tras la muerte de C\u00f3modo a finales del a\u00f1o 192 se desat\u00f3 una guerra civil que culmin\u00f3 con el ascenso al poder imperial de Severo, convirtiendo inmediatamente a Julia Domna en Augusta.\u00a0<\/p>\t\t\t\t\t\t<\/div>\n\t\t\t\t<\/div>\n\t\t\t\t\t<\/div>\n\t\t<\/div>\n\t\t\t\t<div class=\"elementor-column elementor-col-50 elementor-inner-column elementor-element elementor-element-4fc5076\" data-id=\"4fc5076\" data-element_type=\"column\">\n\t\t\t<div class=\"elementor-widget-wrap elementor-element-populated\">\n\t\t\t\t\t\t\t\t<div class=\"elementor-element elementor-element-9067e68 elementor-widget elementor-widget-hotspot\" data-id=\"9067e68\" data-element_type=\"widget\" data-settings=\"{&quot;hotspot&quot;:[{&quot;_id&quot;:&quot;fe4c32b&quot;,&quot;hotspot_tooltip_content&quot;:&quot;&lt;p&gt;Roma&lt;\\\/p&gt;&quot;,&quot;hotspot_offset_x&quot;:{&quot;unit&quot;:&quot;%&quot;,&quot;size&quot;:51,&quot;sizes&quot;:[]},&quot;hotspot_offset_y&quot;:{&quot;unit&quot;:&quot;%&quot;,&quot;size&quot;:42,&quot;sizes&quot;:[]},&quot;hotspot_label&quot;:&quot;&quot;,&quot;hotspot_link&quot;:{&quot;url&quot;:&quot;&quot;,&quot;is_external&quot;:&quot;&quot;,&quot;nofollow&quot;:&quot;&quot;,&quot;custom_attributes&quot;:&quot;&quot;},&quot;hotspot_icon&quot;:{&quot;value&quot;:&quot;&quot;,&quot;library&quot;:&quot;&quot;},&quot;hotspot_icon_position&quot;:null,&quot;hotspot_icon_spacing&quot;:null,&quot;hotspot_custom_size&quot;:&quot;no&quot;,&quot;hotspot_width&quot;:null,&quot;hotspot_height&quot;:null,&quot;hotspot_horizontal&quot;:&quot;left&quot;,&quot;hotspot_offset_x_tablet&quot;:{&quot;unit&quot;:&quot;px&quot;,&quot;size&quot;:&quot;&quot;,&quot;sizes&quot;:[]},&quot;hotspot_offset_x_mobile&quot;:{&quot;unit&quot;:&quot;px&quot;,&quot;size&quot;:&quot;&quot;,&quot;sizes&quot;:[]},&quot;hotspot_vertical&quot;:&quot;top&quot;,&quot;hotspot_offset_y_tablet&quot;:{&quot;unit&quot;:&quot;px&quot;,&quot;size&quot;:&quot;&quot;,&quot;sizes&quot;:[]},&quot;hotspot_offset_y_mobile&quot;:{&quot;unit&quot;:&quot;px&quot;,&quot;size&quot;:&quot;&quot;,&quot;sizes&quot;:[]},&quot;hotspot_tooltip_position&quot;:&quot;no&quot;,&quot;hotspot_position&quot;:null,&quot;hotspot_position_tablet&quot;:null,&quot;hotspot_position_mobile&quot;:null,&quot;hotspot_tooltip_width&quot;:null,&quot;hotspot_tooltip_width_tablet&quot;:null,&quot;hotspot_tooltip_width_mobile&quot;:null,&quot;hotspot_tooltip_text_wrap&quot;:null}],&quot;tooltip_position&quot;:&quot;bottom&quot;,&quot;tooltip_trigger&quot;:&quot;none&quot;,&quot;hotspot_sequenced_animation&quot;:&quot;no&quot;}\" data-widget_type=\"hotspot.default\">\n\t\t\t\t<div class=\"elementor-widget-container\">\n\t\t\t<img width=\"745\" height=\"534\" src=\"https:\/\/grupo.us.es\/conditiofeminae\/wp-content\/uploads\/2022\/02\/mapa_ficha.jpg\" class=\"attachment-full size-full\" alt=\"\" loading=\"lazy\" srcset=\"https:\/\/grupo.us.es\/conditiofeminae\/wp-content\/uploads\/2022\/02\/mapa_ficha.jpg 745w, https:\/\/grupo.us.es\/conditiofeminae\/wp-content\/uploads\/2022\/02\/mapa_ficha-300x215.jpg 300w, https:\/\/grupo.us.es\/conditiofeminae\/wp-content\/uploads\/2022\/02\/mapa_ficha-150x108.jpg 150w\" sizes=\"(max-width: 745px) 100vw, 745px\" \/>\n\t\t\t\t\t\t<div class=\"e-hotspot elementor-repeater-item-fe4c32b  e-hotspot--position-left e-hotspot--position-top   e-hotspot--circle\">\n\n\t\t\t\t\t\t\t\t<div class=\"e-hotspot__button e-hotspot--expand\">\n\t\t\t\t\t\t\t\t\t\t\t<div class=\"e-hotspot__outer-circle\"><\/div>\n\t\t\t\t\t\t<div class=\"e-hotspot__inner-circle\"><\/div>\n\t\t\t\t\t\t\t\t\t<\/div>\n\n\t\t\t\t\t\t\t\t\t\t\t\t\t\t\t\t\t\t<div class=\"e-hotspot__tooltip e-hotspot--show-tooltip e-hotspot--tooltip-position  \" >\n\t\t\t\t\t\t<p>Roma<\/p>\t\t\t\t\t<\/div>\n\t\t\t\t\t\t\t\t\t\n\t\t\t<\/div>\n\n\t\n\t\t\t\t<\/div>\n\t\t\t\t<\/div>\n\t\t\t\t\t<\/div>\n\t\t<\/div>\n\t\t\t\t\t\t\t<\/div>\n\t\t<\/section>\n\t\t\t\t<div class=\"elementor-element elementor-element-adc823c elementor-widget elementor-widget-text-editor\" data-id=\"adc823c\" data-element_type=\"widget\" data-widget_type=\"text-editor.default\">\n\t\t\t\t<div class=\"elementor-widget-container\">\n\t\t\t\t\t\t\t<p class=\"sangriaPrimeraLinea\">Antes y durante el gobierno de su marido, Julia lo acompa\u00f1\u00f3 en todos los desplazamientos relacionados con su carrera administrativa y militar.\u00a0 En el a\u00f1o 195, recibi\u00f3 el t\u00edtulo de <em>Mater Castrorum<\/em>, es decir, madre de los campamentos, un honor que tambi\u00e9n hab\u00eda recibido Faustina la Menor. Esta hab\u00eda sido la primera en recibir este t\u00edtulo, el cual asociaba a las mujeres de la familia imperial con el ej\u00e9rcito mediante una maternidad institucional. A lo largo de su vida, Julia recibi\u00f3 otros t\u00edtulos como el <em>Mater Augusti et<\/em> <em>Caesaris<\/em> desde el a\u00f1o 197 y <em>Mater Imperatoris destinati<\/em> desde el 209. Durante el gobierno de su hijo Caracalla, Domna recibi\u00f3 el t\u00edtulo de <em>Mater Augusti et catrorum et senatus et patriae<\/em>, es decir, madre del Augusto, de los campamentos, del Senado y de la patria, constituyendo un referente para el resto de las esposas imperiales del siglo III.<\/p><p class=\"sangriaPrimeraLinea\">Las fuentes cl\u00e1sicas presentan a Julia como una mujer que influ\u00eda sobre su marido, que estaba presente en las audiencias con los dirigentes extranjeros. Tras la muerte de Severo, se mantuvo asociada al poder, desempe\u00f1ando labores pol\u00edticas durante el gobierno de Caracalla. Tanto es as\u00ed, que pas\u00f3 a encargarse de la correspondencia imperial en lat\u00edn y griego, en cuyas respuestas se inclu\u00eda su nombre junto al del emperador o las legiones. Otro aspecto destacable de la vida de Domna fue su inquietud por la filosof\u00eda y la creaci\u00f3n de un c\u00edrculo de fil\u00f3sofos. Este estaba conformado, con seguridad, por Fil\u00f3strato, Filisco de Tesalia y Gordiano, que posteriormente se convertir\u00eda en el emperador Gordiano I. Aunque las fuentes apunten a que se trataba de un refugio intelectual al verse apartada del poder por Plauciano, prefecto del pretorio de Septimio Severo, Julia mantuvo este inter\u00e9s durante el gobierno de Caracalla, lo que indicar\u00eda que se deb\u00eda a sus inquietudes.\u00a0\u00a0<\/p><p class=\"sangriaPrimeraLinea\">Tras el asesinato de Caracalla, Julia conserv\u00f3 el trato como Augusta, sus t\u00edtulos e incluso una guardia pretoriana. Sin embargo, se suicid\u00f3 poco despu\u00e9s, en la segunda mitad del a\u00f1o 217, ya que padec\u00eda un c\u00e1ncer de pecho. Sus cenizas fueron llevadas al mausoleo de Augusto en Roma, aunque posteriormente se depositaron junto a las de su marido en el mausoleo de Adriano. Fue consagrada al morir, recibiendo el t\u00edtulo de\u00a0<em>Diva Iulia.<\/em>\u00a0\u00a0<\/p>\t\t\t\t\t\t<\/div>\n\t\t\t\t<\/div>\n\t\t\t\t<div class=\"elementor-element elementor-element-4010c2c elementor-widget elementor-widget-image\" data-id=\"4010c2c\" data-element_type=\"widget\" data-widget_type=\"image.default\">\n\t\t\t\t<div class=\"elementor-widget-container\">\n\t\t\t\t\t\t\t\t\t\t\t\t\t\t\t<img width=\"152\" height=\"147\" src=\"https:\/\/grupo.us.es\/conditiofeminae\/wp-content\/uploads\/2021\/05\/Moneda-CF-mediana.png\" class=\"attachment-full size-full\" alt=\"\" loading=\"lazy\" srcset=\"https:\/\/grupo.us.es\/conditiofeminae\/wp-content\/uploads\/2021\/05\/Moneda-CF-mediana.png 152w, https:\/\/grupo.us.es\/conditiofeminae\/wp-content\/uploads\/2021\/05\/Moneda-CF-mediana-150x145.png 150w\" sizes=\"(max-width: 152px) 100vw, 152px\" \/>\t\t\t\t\t\t\t\t\t\t\t\t\t\t\t<\/div>\n\t\t\t\t<\/div>\n\t\t\t\t<div class=\"elementor-element elementor-element-392935b elementor-widget elementor-widget-heading\" data-id=\"392935b\" data-element_type=\"widget\" data-widget_type=\"heading.default\">\n\t\t\t\t<div class=\"elementor-widget-container\">\n\t\t\t<p class=\"elementor-heading-title elementor-size-default\">Adri\u00e1n Gord\u00f3n Zan<\/p>\t\t<\/div>\n\t\t\t\t<\/div>\n\t\t\t\t<div class=\"elementor-element elementor-element-c33c9e4 elementor-widget elementor-widget-heading\" data-id=\"c33c9e4\" data-element_type=\"widget\" data-widget_type=\"heading.default\">\n\t\t\t\t<div class=\"elementor-widget-container\">\n\t\t\t<p class=\"elementor-heading-title elementor-size-default\">Universidad de Zaragoza<\/p>\t\t<\/div>\n\t\t\t\t<\/div>\n\t\t\t\t\t<\/div>\n\t\t<\/div>\n\t\t\t\t\t\t\t<\/div>\n\t\t<\/section>\n\t\t\t\t<section class=\"elementor-section elementor-top-section elementor-element elementor-element-0e63e03 elementor-section-stretched elementor-section-boxed elementor-section-height-default elementor-section-height-default\" data-id=\"0e63e03\" data-element_type=\"section\" data-settings=\"{&quot;stretch_section&quot;:&quot;section-stretched&quot;,&quot;background_background&quot;:&quot;classic&quot;,&quot;shape_divider_top&quot;:&quot;opacity-fan&quot;,&quot;shape_divider_bottom&quot;:&quot;opacity-fan&quot;}\">\n\t\t\t\t\t<div class=\"elementor-shape elementor-shape-top\" data-negative=\"false\">\n\t\t\t<svg xmlns=\"http:\/\/www.w3.org\/2000\/svg\" viewBox=\"0 0 283.5 19.6\" preserveAspectRatio=\"none\">\n\t<path class=\"elementor-shape-fill\" style=\"opacity:0.33\" d=\"M0 0L0 18.8 141.8 4.1 283.5 18.8 283.5 0z\"\/>\n\t<path class=\"elementor-shape-fill\" style=\"opacity:0.33\" d=\"M0 0L0 12.6 141.8 4 283.5 12.6 283.5 0z\"\/>\n\t<path class=\"elementor-shape-fill\" style=\"opacity:0.33\" d=\"M0 0L0 6.4 141.8 4 283.5 6.4 283.5 0z\"\/>\n\t<path class=\"elementor-shape-fill\" d=\"M0 0L0 1.2 141.8 4 283.5 1.2 283.5 0z\"\/>\n<\/svg>\t\t<\/div>\n\t\t\t\t<div class=\"elementor-shape elementor-shape-bottom\" data-negative=\"false\">\n\t\t\t<svg xmlns=\"http:\/\/www.w3.org\/2000\/svg\" viewBox=\"0 0 283.5 19.6\" preserveAspectRatio=\"none\">\n\t<path class=\"elementor-shape-fill\" style=\"opacity:0.33\" d=\"M0 0L0 18.8 141.8 4.1 283.5 18.8 283.5 0z\"\/>\n\t<path class=\"elementor-shape-fill\" style=\"opacity:0.33\" d=\"M0 0L0 12.6 141.8 4 283.5 12.6 283.5 0z\"\/>\n\t<path class=\"elementor-shape-fill\" style=\"opacity:0.33\" d=\"M0 0L0 6.4 141.8 4 283.5 6.4 283.5 0z\"\/>\n\t<path class=\"elementor-shape-fill\" d=\"M0 0L0 1.2 141.8 4 283.5 1.2 283.5 0z\"\/>\n<\/svg>\t\t<\/div>\n\t\t\t\t\t<div class=\"elementor-container elementor-column-gap-default\">\n\t\t\t\t\t<div class=\"elementor-column elementor-col-50 elementor-top-column elementor-element elementor-element-12a4ba3\" data-id=\"12a4ba3\" data-element_type=\"column\">\n\t\t\t<div class=\"elementor-widget-wrap elementor-element-populated\">\n\t\t\t\t\t\t\t\t<div class=\"elementor-element elementor-element-ca3c4ef elementor-widget elementor-widget-image\" data-id=\"ca3c4ef\" data-element_type=\"widget\" data-widget_type=\"image.default\">\n\t\t\t\t<div class=\"elementor-widget-container\">\n\t\t\t\t\t\t\t\t\t\t\t\t\t\t\t\t<a href=\"https:\/\/upload.wikimedia.org\/wikipedia\/commons\/6\/6c\/Julia_Domna_%28Julia_Pia%29%2C_inv._2210%2C_Roman_-_Braccio_Nuovo%2C_Museo_Chiaramonti_-_Vatican_Museums_-_DSC00897.jpg\" data-elementor-open-lightbox=\"yes\">\n\t\t\t\t\t\t\t<img src=\"https:\/\/upload.wikimedia.org\/wikipedia\/commons\/6\/6c\/Julia_Domna_%28Julia_Pia%29%2C_inv._2210%2C_Roman_-_Braccio_Nuovo%2C_Museo_Chiaramonti_-_Vatican_Museums_-_DSC00897.jpg\" title=\"\" alt=\"\" \/>\t\t\t\t\t\t\t\t<\/a>\n\t\t\t\t\t\t\t\t\t\t\t\t\t\t\t<\/div>\n\t\t\t\t<\/div>\n\t\t\t\t<div class=\"elementor-element elementor-element-293c65f elementor-widget elementor-widget-heading\" data-id=\"293c65f\" data-element_type=\"widget\" data-widget_type=\"heading.default\">\n\t\t\t\t<div class=\"elementor-widget-container\">\n\t\t\t<p class=\"elementor-heading-title elementor-size-small\">Busto de Julia Domna. Siglo III. Museos Vaticanos, Roma. <\/p>\t\t<\/div>\n\t\t\t\t<\/div>\n\t\t\t\t<div class=\"elementor-element elementor-element-e249b6b elementor-widget elementor-widget-heading\" data-id=\"e249b6b\" data-element_type=\"widget\" data-widget_type=\"heading.default\">\n\t\t\t\t<div class=\"elementor-widget-container\">\n\t\t\t<p class=\"elementor-heading-title elementor-size-small\"><a href=\"https:\/\/commons.wikimedia.org\/wiki\/File:Julia_Domna_(Julia_Pia),_inv._2210,_Roman_-_Braccio_Nuovo,_Museo_Chiaramonti_-_Vatican_Museums_-_DSC00897.jpg\" target=\"_blank\">Public domain, via Wikimedia Commons.<\/a><\/p>\t\t<\/div>\n\t\t\t\t<\/div>\n\t\t\t\t\t<\/div>\n\t\t<\/div>\n\t\t\t\t<div class=\"elementor-column elementor-col-50 elementor-top-column elementor-element elementor-element-6c03f0e\" data-id=\"6c03f0e\" data-element_type=\"column\">\n\t\t\t<div class=\"elementor-widget-wrap elementor-element-populated\">\n\t\t\t\t\t\t\t\t<div class=\"elementor-element elementor-element-d70e942 elementor-widget elementor-widget-text-editor\" data-id=\"d70e942\" data-element_type=\"widget\" data-widget_type=\"text-editor.default\">\n\t\t\t\t<div class=\"elementor-widget-container\">\n\t\t\t\t\t\t\t<p><strong>Fuentes principales<\/strong><\/p><p style=\"text-align: justify;\"><span style=\"font-family: 'times new roman', times, serif;\">Dion Casio, <em>Historia romana<\/em>, 75-80.<\/span><\/p><p style=\"text-align: justify;\"><span style=\"font-family: 'times new roman', times, serif;\">Herodiano, <em>Historia del Imperio romano despu\u00e9s de Marco Aurelio<\/em>, 2.9.2; 4.13.8.<\/span><\/p><p style=\"text-align: justify;\"><span style=\"font-family: 'times new roman', times, serif;\"><em>Historia Augusta, Caracalla<\/em>, 8.1.; <em>Geta<\/em>, 3.1.<\/span><\/p><p><strong>Selecci\u00f3n bibliogr\u00e1fica<\/strong><\/p><p style=\"text-align: justify;\"><span style=\"font-family: 'times new roman', times, serif;\">Conesa Navarro, P.D., \u201cFaustina la Menor y Julia Domna como <em>matres castrorum<\/em>. Dos mujeres al servicio de la propaganda imperial de las dinast\u00edas Antonina y Severa\u201d, <em>Lucentum<\/em>\u00a038 (2019) 281-299.<\/span><\/p><p style=\"text-align: justify;\"><span style=\"font-family: 'times new roman', times, serif;\">Langford, J., <em>Maternal Megalomania: Julia Domna and the Imperial Politics of Motherhood<\/em> (Baltimore 2013).<\/span><\/p><p style=\"text-align: justify;\"><span style=\"font-family: 'times new roman', times, serif;\">Levick, B.,<em> Julia Domna: Syrian Empress<\/em> (London &#8211; New York 2006).<\/span><\/p><p style=\"text-align: justify;\"><span style=\"font-family: 'times new roman', times, serif;\">Rowan, C., \u201cThe Public Image of the Severian Women\u201d, <em>PBSR<\/em> 79 (2011) 241-273.<\/span><\/p>\t\t\t\t\t\t<\/div>\n\t\t\t\t<\/div>\n\t\t\t\t\t<\/div>\n\t\t<\/div>\n\t\t\t\t\t\t\t<\/div>\n\t\t<\/section>\n\t\t\t\t<section class=\"elementor-section elementor-top-section elementor-element elementor-element-3cb127e elementor-section-full_width elementor-section-stretched elementor-section-height-default elementor-section-height-default\" data-id=\"3cb127e\" data-element_type=\"section\" data-settings=\"{&quot;stretch_section&quot;:&quot;section-stretched&quot;,&quot;background_background&quot;:&quot;gradient&quot;}\">\n\t\t\t\t\t\t<div class=\"elementor-container elementor-column-gap-default\">\n\t\t\t\t\t<div class=\"elementor-column elementor-col-100 elementor-top-column elementor-element elementor-element-c0cb2c4\" data-id=\"c0cb2c4\" data-element_type=\"column\">\n\t\t\t<div class=\"elementor-widget-wrap elementor-element-populated\">\n\t\t\t\t\t\t\t\t<div class=\"elementor-element elementor-element-0c7c9d3 elementor-widget elementor-widget-spacer\" data-id=\"0c7c9d3\" data-element_type=\"widget\" data-widget_type=\"spacer.default\">\n\t\t\t\t<div class=\"elementor-widget-container\">\n\t\t\t\t\t<div class=\"elementor-spacer\">\n\t\t\t<div class=\"elementor-spacer-inner\"><\/div>\n\t\t<\/div>\n\t\t\t\t<\/div>\n\t\t\t\t<\/div>\n\t\t\t\t\t<\/div>\n\t\t<\/div>\n\t\t\t\t\t\t\t<\/div>\n\t\t<\/section>\n\t\t\t\t<section class=\"elementor-section elementor-top-section elementor-element elementor-element-8cd11d6 elementor-section-boxed elementor-section-height-default elementor-section-height-default\" data-id=\"8cd11d6\" data-element_type=\"section\">\n\t\t\t\t\t\t<div class=\"elementor-container elementor-column-gap-default\">\n\t\t\t\t\t<div class=\"elementor-column elementor-col-100 elementor-top-column elementor-element elementor-element-4d9cbb8\" data-id=\"4d9cbb8\" data-element_type=\"column\">\n\t\t\t<div class=\"elementor-widget-wrap elementor-element-populated\">\n\t\t\t\t\t\t\t\t<div class=\"elementor-element elementor-element-f88d319 elementor-position-right elementor-vertical-align-middle elementor-view-default elementor-invisible elementor-widget elementor-widget-icon-box\" data-id=\"f88d319\" data-element_type=\"widget\" data-settings=\"{&quot;_animation&quot;:&quot;fadeInLeft&quot;}\" data-widget_type=\"icon-box.default\">\n\t\t\t\t<div class=\"elementor-widget-container\">\n\t\t\t\t\t<div class=\"elementor-icon-box-wrapper\">\n\t\t\t\t\t\t<div class=\"elementor-icon-box-icon\">\n\t\t\t\t<a class=\"elementor-icon elementor-animation-\" href=\"https:\/\/grupo.us.es\/conditiofeminae\/index.php\/250-mujeres-de-la-antigua-roma\/\">\n\t\t\t\t<i aria-hidden=\"true\" class=\"fas fa-arrow-right\"><\/i>\t\t\t\t<\/a>\n\t\t\t<\/div>\n\t\t\t\t\t\t<div class=\"elementor-icon-box-content\">\n\t\t\t\t<p class=\"elementor-icon-box-title\">\n\t\t\t\t\t<a href=\"https:\/\/grupo.us.es\/conditiofeminae\/index.php\/250-mujeres-de-la-antigua-roma\/\" >\n\t\t\t\t\t\t<span>Exposici\u00f3n Virtual: 250 mujeres de la antigua Roma<\/span>\t\t\t\t\t<\/a>\n\t\t\t\t<\/p>\n\t\t\t\t\t\t\t<\/div>\n\t\t<\/div>\n\t\t\t\t<\/div>\n\t\t\t\t<\/div>\n\t\t\t\t\t<\/div>\n\t\t<\/div>\n\t\t\t\t\t\t\t<\/div>\n\t\t<\/section>\n\t\t\t\t\t\t<\/div>\n\t\t\t\t\t<\/div>\n\t\t ","protected":false},"excerpt":{"rendered":"<p> <a class=\"continue-reading-link\" href=\"https:\/\/grupo.us.es\/conditiofeminae\/index.php\/2022\/03\/30\/178-julia-domna\/\"><span>Continuar leyendo<\/span><i class=\"crycon-right-dir\"><\/i><\/a> <\/p>\n","protected":false},"author":9,"featured_media":0,"comment_status":"closed","ping_status":"open","sticky":false,"template":"","format":"standard","meta":[],"categories":[13,12,16],"tags":[31],"yoast_head":"<!-- This site is optimized with the Yoast SEO plugin v17.6 - https:\/\/yoast.com\/wordpress\/plugins\/seo\/ -->\n<title>178. JULIA DOMNA - CONDITIO FEMINAE I: Marginaci\u00f3n y visibilidad de la mujer en el Imperio Romano<\/title>\n<meta name=\"description\" content=\"PROYECTO CONDITIO FEMINAE \u2013 MARGINACION POLITICA, JURIDICA Y RELIGIOSA DE LA MUJER DURANTE EL ALTO IMPERIO ROMANO (SIGLOS I-III)Programa Estatal de Fomento de la Investigaci\u00f3n Cient\u00edfica y T\u00e9cnica de Excelencia, Subprograma Estatal de Generaci\u00f3n de Conocimiento.\" \/>\n<meta name=\"robots\" content=\"index, follow, max-snippet:-1, max-image-preview:large, max-video-preview:-1\" \/>\n<link rel=\"canonical\" href=\"https:\/\/grupo.us.es\/conditiofeminae\/index.php\/2022\/03\/30\/178-julia-domna\/\" \/>\n<meta property=\"og:locale\" content=\"es_ES\" \/>\n<meta property=\"og:type\" content=\"article\" \/>\n<meta property=\"og:title\" content=\"178. JULIA DOMNA - CONDITIO FEMINAE I: Marginaci\u00f3n y visibilidad de la mujer en el Imperio Romano\" \/>\n<meta property=\"og:description\" content=\"PROYECTO CONDITIO FEMINAE \u2013 MARGINACION POLITICA, JURIDICA Y RELIGIOSA DE LA MUJER DURANTE EL ALTO IMPERIO ROMANO (SIGLOS I-III)Programa Estatal de Fomento de la Investigaci\u00f3n Cient\u00edfica y T\u00e9cnica de Excelencia, Subprograma Estatal de Generaci\u00f3n de Conocimiento.\" \/>\n<meta property=\"og:url\" content=\"https:\/\/grupo.us.es\/conditiofeminae\/index.php\/2022\/03\/30\/178-julia-domna\/\" \/>\n<meta property=\"og:site_name\" content=\"CONDITIO FEMINAE I: Marginaci\u00f3n y visibilidad de la mujer en el Imperio Romano\" \/>\n<meta property=\"article:published_time\" content=\"2022-03-30T10:41:01+00:00\" \/>\n<meta property=\"article:modified_time\" content=\"2023-02-08T18:53:59+00:00\" \/>\n<meta property=\"og:image\" content=\"https:\/\/grupo.us.es\/conditiofeminae\/wp-content\/uploads\/2021\/05\/Moneda-CF-mediana.png\" \/>\n<meta name=\"twitter:card\" content=\"summary_large_image\" \/>\n<meta name=\"twitter:label1\" content=\"Escrito por\" \/>\n\t<meta name=\"twitter:data1\" content=\"Patricia T\u00e9llez\" \/>\n\t<meta name=\"twitter:label2\" content=\"Tiempo de lectura\" \/>\n\t<meta name=\"twitter:data2\" content=\"4 minutos\" \/>\n<script type=\"application\/ld+json\" class=\"yoast-schema-graph\">{\"@context\":\"https:\/\/schema.org\",\"@graph\":[{\"@type\":\"Organization\",\"@id\":\"https:\/\/grupo.us.es\/conditiofeminae\/#organization\",\"name\":\"Departamento de Historia Antigua de la Universidad de Sevilla\",\"url\":\"https:\/\/grupo.us.es\/conditiofeminae\/\",\"sameAs\":[],\"logo\":{\"@type\":\"ImageObject\",\"@id\":\"https:\/\/grupo.us.es\/conditiofeminae\/#logo\",\"inLanguage\":\"es\",\"url\":\"https:\/\/grupo.us.es\/conditiofeminae\/wp-content\/uploads\/2020\/03\/dpto-historia-antigua-us.jpg\",\"contentUrl\":\"https:\/\/grupo.us.es\/conditiofeminae\/wp-content\/uploads\/2020\/03\/dpto-historia-antigua-us.jpg\",\"width\":104,\"height\":133,\"caption\":\"Departamento de Historia Antigua de la Universidad de Sevilla\"},\"image\":{\"@id\":\"https:\/\/grupo.us.es\/conditiofeminae\/#logo\"}},{\"@type\":\"WebSite\",\"@id\":\"https:\/\/grupo.us.es\/conditiofeminae\/#website\",\"url\":\"https:\/\/grupo.us.es\/conditiofeminae\/\",\"name\":\"CONDITIO FEMINAE I: Marginaci\\u00f3n y visibilidad de la mujer en el Imperio Romano\",\"description\":\"\",\"publisher\":{\"@id\":\"https:\/\/grupo.us.es\/conditiofeminae\/#organization\"},\"potentialAction\":[{\"@type\":\"SearchAction\",\"target\":{\"@type\":\"EntryPoint\",\"urlTemplate\":\"https:\/\/grupo.us.es\/conditiofeminae\/?s={search_term_string}\"},\"query-input\":\"required name=search_term_string\"}],\"inLanguage\":\"es\"},{\"@type\":\"ImageObject\",\"@id\":\"https:\/\/grupo.us.es\/conditiofeminae\/index.php\/2022\/03\/30\/178-julia-domna\/#primaryimage\",\"inLanguage\":\"es\",\"url\":\"https:\/\/grupo.us.es\/conditiofeminae\/wp-content\/uploads\/2021\/05\/Moneda-CF-mediana.png\",\"contentUrl\":\"https:\/\/grupo.us.es\/conditiofeminae\/wp-content\/uploads\/2021\/05\/Moneda-CF-mediana.png\",\"width\":152,\"height\":147},{\"@type\":\"WebPage\",\"@id\":\"https:\/\/grupo.us.es\/conditiofeminae\/index.php\/2022\/03\/30\/178-julia-domna\/#webpage\",\"url\":\"https:\/\/grupo.us.es\/conditiofeminae\/index.php\/2022\/03\/30\/178-julia-domna\/\",\"name\":\"178. JULIA DOMNA - CONDITIO FEMINAE I: Marginaci\\u00f3n y visibilidad de la mujer en el Imperio Romano\",\"isPartOf\":{\"@id\":\"https:\/\/grupo.us.es\/conditiofeminae\/#website\"},\"primaryImageOfPage\":{\"@id\":\"https:\/\/grupo.us.es\/conditiofeminae\/index.php\/2022\/03\/30\/178-julia-domna\/#primaryimage\"},\"datePublished\":\"2022-03-30T10:41:01+00:00\",\"dateModified\":\"2023-02-08T18:53:59+00:00\",\"description\":\"PROYECTO CONDITIO FEMINAE \\u2013 MARGINACION POLITICA, JURIDICA Y RELIGIOSA DE LA MUJER DURANTE EL ALTO IMPERIO ROMANO (SIGLOS I-III)Programa Estatal de Fomento de la Investigaci\\u00f3n Cient\\u00edfica y T\\u00e9cnica de Excelencia, Subprograma Estatal de Generaci\\u00f3n de Conocimiento.\",\"breadcrumb\":{\"@id\":\"https:\/\/grupo.us.es\/conditiofeminae\/index.php\/2022\/03\/30\/178-julia-domna\/#breadcrumb\"},\"inLanguage\":\"es\",\"potentialAction\":[{\"@type\":\"ReadAction\",\"target\":[\"https:\/\/grupo.us.es\/conditiofeminae\/index.php\/2022\/03\/30\/178-julia-domna\/\"]}]},{\"@type\":\"BreadcrumbList\",\"@id\":\"https:\/\/grupo.us.es\/conditiofeminae\/index.php\/2022\/03\/30\/178-julia-domna\/#breadcrumb\",\"itemListElement\":[{\"@type\":\"ListItem\",\"position\":1,\"name\":\"Portada\",\"item\":\"https:\/\/grupo.us.es\/conditiofeminae\/\"},{\"@type\":\"ListItem\",\"position\":2,\"name\":\"178. JULIA DOMNA\"}]},{\"@type\":\"Article\",\"@id\":\"https:\/\/grupo.us.es\/conditiofeminae\/index.php\/2022\/03\/30\/178-julia-domna\/#article\",\"isPartOf\":{\"@id\":\"https:\/\/grupo.us.es\/conditiofeminae\/index.php\/2022\/03\/30\/178-julia-domna\/#webpage\"},\"author\":{\"@id\":\"https:\/\/grupo.us.es\/conditiofeminae\/#\/schema\/person\/8d5a2ef8795f2543311dfdb46b134483\"},\"headline\":\"178. JULIA DOMNA\",\"datePublished\":\"2022-03-30T10:41:01+00:00\",\"dateModified\":\"2023-02-08T18:53:59+00:00\",\"mainEntityOfPage\":{\"@id\":\"https:\/\/grupo.us.es\/conditiofeminae\/index.php\/2022\/03\/30\/178-julia-domna\/#webpage\"},\"wordCount\":637,\"publisher\":{\"@id\":\"https:\/\/grupo.us.es\/conditiofeminae\/#organization\"},\"image\":{\"@id\":\"https:\/\/grupo.us.es\/conditiofeminae\/index.php\/2022\/03\/30\/178-julia-domna\/#primaryimage\"},\"thumbnailUrl\":\"https:\/\/grupo.us.es\/conditiofeminae\/wp-content\/uploads\/2021\/05\/Moneda-CF-mediana.png\",\"keywords\":[\"Exposici\\u00f3n Virtual: 250 mujeres de la antigua Roma\"],\"articleSection\":[\"250 mujeres de la antigua Roma\",\"Exposici\\u00f3n Virtual\",\"Per\\u00edodo III: El Imperio romano (27 a. C. \\u2013 284 d. C.)\"],\"inLanguage\":\"es\"},{\"@type\":\"Person\",\"@id\":\"https:\/\/grupo.us.es\/conditiofeminae\/#\/schema\/person\/8d5a2ef8795f2543311dfdb46b134483\",\"name\":\"Patricia T\\u00e9llez\",\"image\":{\"@type\":\"ImageObject\",\"@id\":\"https:\/\/grupo.us.es\/conditiofeminae\/#personlogo\",\"inLanguage\":\"es\",\"url\":\"https:\/\/secure.gravatar.com\/avatar\/1cbcdd2aa637a1716a59c719467029e1?s=96&d=mm&r=g\",\"contentUrl\":\"https:\/\/secure.gravatar.com\/avatar\/1cbcdd2aa637a1716a59c719467029e1?s=96&d=mm&r=g\",\"caption\":\"Patricia T\\u00e9llez\"},\"url\":\"https:\/\/grupo.us.es\/conditiofeminae\/index.php\/author\/patriciatellez\/\"}]}<\/script>\n<!-- \/ Yoast SEO plugin. -->","yoast_head_json":{"title":"178. JULIA DOMNA - CONDITIO FEMINAE I: Marginaci\u00f3n y visibilidad de la mujer en el Imperio Romano","description":"PROYECTO CONDITIO FEMINAE \u2013 MARGINACION POLITICA, JURIDICA Y RELIGIOSA DE LA MUJER DURANTE EL ALTO IMPERIO ROMANO (SIGLOS I-III)Programa Estatal de Fomento de la Investigaci\u00f3n Cient\u00edfica y T\u00e9cnica de Excelencia, Subprograma Estatal de Generaci\u00f3n de Conocimiento.","robots":{"index":"index","follow":"follow","max-snippet":"max-snippet:-1","max-image-preview":"max-image-preview:large","max-video-preview":"max-video-preview:-1"},"canonical":"https:\/\/grupo.us.es\/conditiofeminae\/index.php\/2022\/03\/30\/178-julia-domna\/","og_locale":"es_ES","og_type":"article","og_title":"178. JULIA DOMNA - CONDITIO FEMINAE I: Marginaci\u00f3n y visibilidad de la mujer en el Imperio Romano","og_description":"PROYECTO CONDITIO FEMINAE \u2013 MARGINACION POLITICA, JURIDICA Y RELIGIOSA DE LA MUJER DURANTE EL ALTO IMPERIO ROMANO (SIGLOS I-III)Programa Estatal de Fomento de la Investigaci\u00f3n Cient\u00edfica y T\u00e9cnica de Excelencia, Subprograma Estatal de Generaci\u00f3n de Conocimiento.","og_url":"https:\/\/grupo.us.es\/conditiofeminae\/index.php\/2022\/03\/30\/178-julia-domna\/","og_site_name":"CONDITIO FEMINAE I: Marginaci\u00f3n y visibilidad de la mujer en el Imperio Romano","article_published_time":"2022-03-30T10:41:01+00:00","article_modified_time":"2023-02-08T18:53:59+00:00","og_image":[{"url":"https:\/\/grupo.us.es\/conditiofeminae\/wp-content\/uploads\/2021\/05\/Moneda-CF-mediana.png"}],"twitter_card":"summary_large_image","twitter_misc":{"Escrito por":"Patricia T\u00e9llez","Tiempo de lectura":"4 minutos"},"schema":{"@context":"https:\/\/schema.org","@graph":[{"@type":"Organization","@id":"https:\/\/grupo.us.es\/conditiofeminae\/#organization","name":"Departamento de Historia Antigua de la Universidad de Sevilla","url":"https:\/\/grupo.us.es\/conditiofeminae\/","sameAs":[],"logo":{"@type":"ImageObject","@id":"https:\/\/grupo.us.es\/conditiofeminae\/#logo","inLanguage":"es","url":"https:\/\/grupo.us.es\/conditiofeminae\/wp-content\/uploads\/2020\/03\/dpto-historia-antigua-us.jpg","contentUrl":"https:\/\/grupo.us.es\/conditiofeminae\/wp-content\/uploads\/2020\/03\/dpto-historia-antigua-us.jpg","width":104,"height":133,"caption":"Departamento de Historia Antigua de la Universidad de Sevilla"},"image":{"@id":"https:\/\/grupo.us.es\/conditiofeminae\/#logo"}},{"@type":"WebSite","@id":"https:\/\/grupo.us.es\/conditiofeminae\/#website","url":"https:\/\/grupo.us.es\/conditiofeminae\/","name":"CONDITIO FEMINAE I: Marginaci\u00f3n y visibilidad de la mujer en el Imperio Romano","description":"","publisher":{"@id":"https:\/\/grupo.us.es\/conditiofeminae\/#organization"},"potentialAction":[{"@type":"SearchAction","target":{"@type":"EntryPoint","urlTemplate":"https:\/\/grupo.us.es\/conditiofeminae\/?s={search_term_string}"},"query-input":"required name=search_term_string"}],"inLanguage":"es"},{"@type":"ImageObject","@id":"https:\/\/grupo.us.es\/conditiofeminae\/index.php\/2022\/03\/30\/178-julia-domna\/#primaryimage","inLanguage":"es","url":"https:\/\/grupo.us.es\/conditiofeminae\/wp-content\/uploads\/2021\/05\/Moneda-CF-mediana.png","contentUrl":"https:\/\/grupo.us.es\/conditiofeminae\/wp-content\/uploads\/2021\/05\/Moneda-CF-mediana.png","width":152,"height":147},{"@type":"WebPage","@id":"https:\/\/grupo.us.es\/conditiofeminae\/index.php\/2022\/03\/30\/178-julia-domna\/#webpage","url":"https:\/\/grupo.us.es\/conditiofeminae\/index.php\/2022\/03\/30\/178-julia-domna\/","name":"178. JULIA DOMNA - CONDITIO FEMINAE I: Marginaci\u00f3n y visibilidad de la mujer en el Imperio Romano","isPartOf":{"@id":"https:\/\/grupo.us.es\/conditiofeminae\/#website"},"primaryImageOfPage":{"@id":"https:\/\/grupo.us.es\/conditiofeminae\/index.php\/2022\/03\/30\/178-julia-domna\/#primaryimage"},"datePublished":"2022-03-30T10:41:01+00:00","dateModified":"2023-02-08T18:53:59+00:00","description":"PROYECTO CONDITIO FEMINAE \u2013 MARGINACION POLITICA, JURIDICA Y RELIGIOSA DE LA MUJER DURANTE EL ALTO IMPERIO ROMANO (SIGLOS I-III)Programa Estatal de Fomento de la Investigaci\u00f3n Cient\u00edfica y T\u00e9cnica de Excelencia, Subprograma Estatal de Generaci\u00f3n de Conocimiento.","breadcrumb":{"@id":"https:\/\/grupo.us.es\/conditiofeminae\/index.php\/2022\/03\/30\/178-julia-domna\/#breadcrumb"},"inLanguage":"es","potentialAction":[{"@type":"ReadAction","target":["https:\/\/grupo.us.es\/conditiofeminae\/index.php\/2022\/03\/30\/178-julia-domna\/"]}]},{"@type":"BreadcrumbList","@id":"https:\/\/grupo.us.es\/conditiofeminae\/index.php\/2022\/03\/30\/178-julia-domna\/#breadcrumb","itemListElement":[{"@type":"ListItem","position":1,"name":"Portada","item":"https:\/\/grupo.us.es\/conditiofeminae\/"},{"@type":"ListItem","position":2,"name":"178. JULIA DOMNA"}]},{"@type":"Article","@id":"https:\/\/grupo.us.es\/conditiofeminae\/index.php\/2022\/03\/30\/178-julia-domna\/#article","isPartOf":{"@id":"https:\/\/grupo.us.es\/conditiofeminae\/index.php\/2022\/03\/30\/178-julia-domna\/#webpage"},"author":{"@id":"https:\/\/grupo.us.es\/conditiofeminae\/#\/schema\/person\/8d5a2ef8795f2543311dfdb46b134483"},"headline":"178. JULIA DOMNA","datePublished":"2022-03-30T10:41:01+00:00","dateModified":"2023-02-08T18:53:59+00:00","mainEntityOfPage":{"@id":"https:\/\/grupo.us.es\/conditiofeminae\/index.php\/2022\/03\/30\/178-julia-domna\/#webpage"},"wordCount":637,"publisher":{"@id":"https:\/\/grupo.us.es\/conditiofeminae\/#organization"},"image":{"@id":"https:\/\/grupo.us.es\/conditiofeminae\/index.php\/2022\/03\/30\/178-julia-domna\/#primaryimage"},"thumbnailUrl":"https:\/\/grupo.us.es\/conditiofeminae\/wp-content\/uploads\/2021\/05\/Moneda-CF-mediana.png","keywords":["Exposici\u00f3n Virtual: 250 mujeres de la antigua Roma"],"articleSection":["250 mujeres de la antigua Roma","Exposici\u00f3n Virtual","Per\u00edodo III: El Imperio romano (27 a. C. \u2013 284 d. C.)"],"inLanguage":"es"},{"@type":"Person","@id":"https:\/\/grupo.us.es\/conditiofeminae\/#\/schema\/person\/8d5a2ef8795f2543311dfdb46b134483","name":"Patricia T\u00e9llez","image":{"@type":"ImageObject","@id":"https:\/\/grupo.us.es\/conditiofeminae\/#personlogo","inLanguage":"es","url":"https:\/\/secure.gravatar.com\/avatar\/1cbcdd2aa637a1716a59c719467029e1?s=96&d=mm&r=g","contentUrl":"https:\/\/secure.gravatar.com\/avatar\/1cbcdd2aa637a1716a59c719467029e1?s=96&d=mm&r=g","caption":"Patricia T\u00e9llez"},"url":"https:\/\/grupo.us.es\/conditiofeminae\/index.php\/author\/patriciatellez\/"}]}},"_links":{"self":[{"href":"https:\/\/grupo.us.es\/conditiofeminae\/index.php\/wp-json\/wp\/v2\/posts\/3140"}],"collection":[{"href":"https:\/\/grupo.us.es\/conditiofeminae\/index.php\/wp-json\/wp\/v2\/posts"}],"about":[{"href":"https:\/\/grupo.us.es\/conditiofeminae\/index.php\/wp-json\/wp\/v2\/types\/post"}],"author":[{"embeddable":true,"href":"https:\/\/grupo.us.es\/conditiofeminae\/index.php\/wp-json\/wp\/v2\/users\/9"}],"replies":[{"embeddable":true,"href":"https:\/\/grupo.us.es\/conditiofeminae\/index.php\/wp-json\/wp\/v2\/comments?post=3140"}],"version-history":[{"count":19,"href":"https:\/\/grupo.us.es\/conditiofeminae\/index.php\/wp-json\/wp\/v2\/posts\/3140\/revisions"}],"predecessor-version":[{"id":7853,"href":"https:\/\/grupo.us.es\/conditiofeminae\/index.php\/wp-json\/wp\/v2\/posts\/3140\/revisions\/7853"}],"wp:attachment":[{"href":"https:\/\/grupo.us.es\/conditiofeminae\/index.php\/wp-json\/wp\/v2\/media?parent=3140"}],"wp:term":[{"taxonomy":"category","embeddable":true,"href":"https:\/\/grupo.us.es\/conditiofeminae\/index.php\/wp-json\/wp\/v2\/categories?post=3140"},{"taxonomy":"post_tag","embeddable":true,"href":"https:\/\/grupo.us.es\/conditiofeminae\/index.php\/wp-json\/wp\/v2\/tags?post=3140"}],"curies":[{"name":"wp","href":"https:\/\/api.w.org\/{rel}","templated":true}]}}