{"id":2887,"date":"2022-03-17T10:21:01","date_gmt":"2022-03-17T09:21:01","guid":{"rendered":"https:\/\/grupo.us.es\/conditiofeminae\/index.php\/2022\/03\/17\/julia-balbila-copy\/"},"modified":"2023-02-07T19:11:21","modified_gmt":"2023-02-07T18:11:21","slug":"141-mindia-matidia","status":"publish","type":"post","link":"https:\/\/grupo.us.es\/conditiofeminae\/index.php\/2022\/03\/17\/141-mindia-matidia\/","title":{"rendered":"141. MINDIA MATIDIA"},"content":{"rendered":"\t\t<div data-elementor-type=\"wp-post\" data-elementor-id=\"2887\" class=\"elementor elementor-2887\" data-elementor-settings=\"[]\">\n\t\t\t\t\t\t\t<div class=\"elementor-section-wrap\">\n\t\t\t\t\t\t\t<section class=\"elementor-section elementor-top-section elementor-element elementor-element-085289a elementor-section-boxed elementor-section-height-default elementor-section-height-default\" data-id=\"085289a\" data-element_type=\"section\">\n\t\t\t\t\t\t<div class=\"elementor-container elementor-column-gap-default\">\n\t\t\t\t\t<div class=\"elementor-column elementor-col-100 elementor-top-column elementor-element elementor-element-dfc3797\" data-id=\"dfc3797\" data-element_type=\"column\">\n\t\t\t<div class=\"elementor-widget-wrap elementor-element-populated\">\n\t\t\t\t\t\t\t\t<div class=\"elementor-element elementor-element-23cda2d elementor-position-right elementor-vertical-align-middle elementor-view-default elementor-invisible elementor-widget elementor-widget-icon-box\" data-id=\"23cda2d\" data-element_type=\"widget\" data-settings=\"{&quot;_animation&quot;:&quot;fadeInLeft&quot;}\" data-widget_type=\"icon-box.default\">\n\t\t\t\t<div class=\"elementor-widget-container\">\n\t\t\t\t\t<div class=\"elementor-icon-box-wrapper\">\n\t\t\t\t\t\t<div class=\"elementor-icon-box-icon\">\n\t\t\t\t<a class=\"elementor-icon elementor-animation-\" href=\"https:\/\/grupo.us.es\/conditiofeminae\/index.php\/250-mujeres-de-la-antigua-roma\/\">\n\t\t\t\t<i aria-hidden=\"true\" class=\"fas fa-arrow-right\"><\/i>\t\t\t\t<\/a>\n\t\t\t<\/div>\n\t\t\t\t\t\t<div class=\"elementor-icon-box-content\">\n\t\t\t\t<p class=\"elementor-icon-box-title\">\n\t\t\t\t\t<a href=\"https:\/\/grupo.us.es\/conditiofeminae\/index.php\/250-mujeres-de-la-antigua-roma\/\" >\n\t\t\t\t\t\t<span>Exposici\u00f3n Virtual: 250 mujeres de la antigua Roma<\/span>\t\t\t\t\t<\/a>\n\t\t\t\t<\/p>\n\t\t\t\t\t\t\t<\/div>\n\t\t<\/div>\n\t\t\t\t<\/div>\n\t\t\t\t<\/div>\n\t\t\t\t\t<\/div>\n\t\t<\/div>\n\t\t\t\t\t\t\t<\/div>\n\t\t<\/section>\n\t\t\t\t<section class=\"elementor-section elementor-top-section elementor-element elementor-element-9c17472 elementor-section-stretched elementor-section-boxed elementor-section-height-default elementor-section-height-default\" data-id=\"9c17472\" data-element_type=\"section\" id=\"2010\" data-settings=\"{&quot;stretch_section&quot;:&quot;section-stretched&quot;,&quot;background_background&quot;:&quot;classic&quot;,&quot;shape_divider_top&quot;:&quot;opacity-fan&quot;,&quot;shape_divider_bottom&quot;:&quot;opacity-fan&quot;}\">\n\t\t\t\t\t<div class=\"elementor-shape elementor-shape-top\" data-negative=\"false\">\n\t\t\t<svg xmlns=\"http:\/\/www.w3.org\/2000\/svg\" viewBox=\"0 0 283.5 19.6\" preserveAspectRatio=\"none\">\n\t<path class=\"elementor-shape-fill\" style=\"opacity:0.33\" d=\"M0 0L0 18.8 141.8 4.1 283.5 18.8 283.5 0z\"\/>\n\t<path class=\"elementor-shape-fill\" style=\"opacity:0.33\" d=\"M0 0L0 12.6 141.8 4 283.5 12.6 283.5 0z\"\/>\n\t<path class=\"elementor-shape-fill\" style=\"opacity:0.33\" d=\"M0 0L0 6.4 141.8 4 283.5 6.4 283.5 0z\"\/>\n\t<path class=\"elementor-shape-fill\" d=\"M0 0L0 1.2 141.8 4 283.5 1.2 283.5 0z\"\/>\n<\/svg>\t\t<\/div>\n\t\t\t\t<div class=\"elementor-shape elementor-shape-bottom\" data-negative=\"false\">\n\t\t\t<svg xmlns=\"http:\/\/www.w3.org\/2000\/svg\" viewBox=\"0 0 283.5 19.6\" preserveAspectRatio=\"none\">\n\t<path class=\"elementor-shape-fill\" style=\"opacity:0.33\" d=\"M0 0L0 18.8 141.8 4.1 283.5 18.8 283.5 0z\"\/>\n\t<path class=\"elementor-shape-fill\" style=\"opacity:0.33\" d=\"M0 0L0 12.6 141.8 4 283.5 12.6 283.5 0z\"\/>\n\t<path class=\"elementor-shape-fill\" style=\"opacity:0.33\" d=\"M0 0L0 6.4 141.8 4 283.5 6.4 283.5 0z\"\/>\n\t<path class=\"elementor-shape-fill\" d=\"M0 0L0 1.2 141.8 4 283.5 1.2 283.5 0z\"\/>\n<\/svg>\t\t<\/div>\n\t\t\t\t\t<div class=\"elementor-container elementor-column-gap-default\">\n\t\t\t\t\t<div class=\"elementor-column elementor-col-50 elementor-top-column elementor-element elementor-element-226e72a\" data-id=\"226e72a\" data-element_type=\"column\">\n\t\t\t<div class=\"elementor-widget-wrap elementor-element-populated\">\n\t\t\t\t\t\t\t\t<div class=\"elementor-element elementor-element-ff89d35 elementor-invisible elementor-widget elementor-widget-image\" data-id=\"ff89d35\" data-element_type=\"widget\" data-settings=\"{&quot;_animation&quot;:&quot;rollIn&quot;}\" data-widget_type=\"image.default\">\n\t\t\t\t<div class=\"elementor-widget-container\">\n\t\t\t\t\t\t\t\t\t\t\t\t\t\t\t<img width=\"152\" height=\"147\" src=\"https:\/\/grupo.us.es\/conditiofeminae\/wp-content\/uploads\/2021\/05\/Moneda-CF-mediana.png\" class=\"attachment-large size-large\" alt=\"\" loading=\"lazy\" srcset=\"https:\/\/grupo.us.es\/conditiofeminae\/wp-content\/uploads\/2021\/05\/Moneda-CF-mediana.png 152w, https:\/\/grupo.us.es\/conditiofeminae\/wp-content\/uploads\/2021\/05\/Moneda-CF-mediana-150x145.png 150w\" sizes=\"(max-width: 152px) 100vw, 152px\" \/>\t\t\t\t\t\t\t\t\t\t\t\t\t\t\t<\/div>\n\t\t\t\t<\/div>\n\t\t\t\t\t<\/div>\n\t\t<\/div>\n\t\t\t\t<div class=\"elementor-column elementor-col-50 elementor-top-column elementor-element elementor-element-f60c356\" data-id=\"f60c356\" data-element_type=\"column\">\n\t\t\t<div class=\"elementor-widget-wrap elementor-element-populated\">\n\t\t\t\t\t\t\t\t<div class=\"elementor-element elementor-element-20529d3 elementor-invisible elementor-widget elementor-widget-heading\" data-id=\"20529d3\" data-element_type=\"widget\" data-settings=\"{&quot;_animation&quot;:&quot;fadeInLeft&quot;}\" data-widget_type=\"heading.default\">\n\t\t\t\t<div class=\"elementor-widget-container\">\n\t\t\t<h3 class=\"elementor-heading-title elementor-size-xl\">141. MINDIA MATIDIA<\/h3>\t\t<\/div>\n\t\t\t\t<\/div>\n\t\t\t\t\t<\/div>\n\t\t<\/div>\n\t\t\t\t\t\t\t<\/div>\n\t\t<\/section>\n\t\t\t\t<section class=\"elementor-section elementor-top-section elementor-element elementor-element-39813ee elementor-section-boxed elementor-section-height-default elementor-section-height-default\" data-id=\"39813ee\" data-element_type=\"section\" id=\"1500\" data-settings=\"{&quot;background_background&quot;:&quot;classic&quot;}\">\n\t\t\t\t\t\t<div class=\"elementor-container elementor-column-gap-default\">\n\t\t\t\t\t<div class=\"elementor-column elementor-col-100 elementor-top-column elementor-element elementor-element-71f1386\" data-id=\"71f1386\" data-element_type=\"column\">\n\t\t\t<div class=\"elementor-widget-wrap elementor-element-populated\">\n\t\t\t\t\t\t\t\t<section class=\"elementor-section elementor-inner-section elementor-element elementor-element-fa617e3 elementor-section-boxed elementor-section-height-default elementor-section-height-default\" data-id=\"fa617e3\" data-element_type=\"section\">\n\t\t\t\t\t\t<div class=\"elementor-container elementor-column-gap-default\">\n\t\t\t\t\t<div class=\"elementor-column elementor-col-50 elementor-inner-column elementor-element elementor-element-052f95e\" data-id=\"052f95e\" data-element_type=\"column\">\n\t\t\t<div class=\"elementor-widget-wrap elementor-element-populated\">\n\t\t\t\t\t\t\t\t<div class=\"elementor-element elementor-element-77d5a25 elementor-widget elementor-widget-text-editor\" data-id=\"77d5a25\" data-element_type=\"widget\" data-widget_type=\"text-editor.default\">\n\t\t\t\t<div class=\"elementor-widget-container\">\n\t\t\t\t\t\t\t<p class=\"sangriaPrimeraLinea\">Mindia Matidia, que vivi\u00f3 entre los a\u00f1os 80 y 162. Era miembro de la casa imperial de Trajano. Era hija de la Augusta Salonina Matidia y nieta de la tambi\u00e9n Augusta Ulpia Marciana. Su hermana fue la Augusta Vibia Sabina, la esposa del emperador Adriano. En las fuentes aparece como una mujer soltera o quiz\u00e1 una viuda temprana, y sin hijos. Era due\u00f1a de grandes propiedades en Campania (Italia) por herencia materna y paterna. Busc\u00f3 en las comunidades c\u00edvicas it\u00e1licas la estima y el prestigio p\u00fablicos a los que no pod\u00eda aspirar en la propia Roma.<\/p>\t\t\t\t\t\t<\/div>\n\t\t\t\t<\/div>\n\t\t\t\t\t<\/div>\n\t\t<\/div>\n\t\t\t\t<div class=\"elementor-column elementor-col-50 elementor-inner-column elementor-element elementor-element-4fc5076\" data-id=\"4fc5076\" data-element_type=\"column\">\n\t\t\t<div class=\"elementor-widget-wrap elementor-element-populated\">\n\t\t\t\t\t\t\t\t<div class=\"elementor-element elementor-element-9067e68 elementor-widget elementor-widget-hotspot\" data-id=\"9067e68\" data-element_type=\"widget\" data-settings=\"{&quot;hotspot&quot;:[{&quot;_id&quot;:&quot;fe4c32b&quot;,&quot;hotspot_tooltip_content&quot;:&quot;&lt;p&gt;Suesa Aurunca&lt;\\\/p&gt;&quot;,&quot;hotspot_offset_x&quot;:{&quot;unit&quot;:&quot;%&quot;,&quot;size&quot;:51,&quot;sizes&quot;:[]},&quot;hotspot_offset_y&quot;:{&quot;unit&quot;:&quot;%&quot;,&quot;size&quot;:44,&quot;sizes&quot;:[]},&quot;hotspot_label&quot;:&quot;&quot;,&quot;hotspot_link&quot;:{&quot;url&quot;:&quot;&quot;,&quot;is_external&quot;:&quot;&quot;,&quot;nofollow&quot;:&quot;&quot;,&quot;custom_attributes&quot;:&quot;&quot;},&quot;hotspot_icon&quot;:{&quot;value&quot;:&quot;&quot;,&quot;library&quot;:&quot;&quot;},&quot;hotspot_icon_position&quot;:null,&quot;hotspot_icon_spacing&quot;:null,&quot;hotspot_custom_size&quot;:&quot;no&quot;,&quot;hotspot_width&quot;:null,&quot;hotspot_height&quot;:null,&quot;hotspot_horizontal&quot;:&quot;left&quot;,&quot;hotspot_offset_x_tablet&quot;:{&quot;unit&quot;:&quot;px&quot;,&quot;size&quot;:&quot;&quot;,&quot;sizes&quot;:[]},&quot;hotspot_offset_x_mobile&quot;:{&quot;unit&quot;:&quot;px&quot;,&quot;size&quot;:&quot;&quot;,&quot;sizes&quot;:[]},&quot;hotspot_vertical&quot;:&quot;top&quot;,&quot;hotspot_offset_y_tablet&quot;:{&quot;unit&quot;:&quot;px&quot;,&quot;size&quot;:&quot;&quot;,&quot;sizes&quot;:[]},&quot;hotspot_offset_y_mobile&quot;:{&quot;unit&quot;:&quot;px&quot;,&quot;size&quot;:&quot;&quot;,&quot;sizes&quot;:[]},&quot;hotspot_tooltip_position&quot;:&quot;no&quot;,&quot;hotspot_position&quot;:null,&quot;hotspot_position_tablet&quot;:null,&quot;hotspot_position_mobile&quot;:null,&quot;hotspot_tooltip_width&quot;:null,&quot;hotspot_tooltip_width_tablet&quot;:null,&quot;hotspot_tooltip_width_mobile&quot;:null,&quot;hotspot_tooltip_text_wrap&quot;:null}],&quot;tooltip_position&quot;:&quot;bottom&quot;,&quot;tooltip_trigger&quot;:&quot;none&quot;,&quot;hotspot_sequenced_animation&quot;:&quot;no&quot;}\" data-widget_type=\"hotspot.default\">\n\t\t\t\t<div class=\"elementor-widget-container\">\n\t\t\t<img width=\"745\" height=\"534\" src=\"https:\/\/grupo.us.es\/conditiofeminae\/wp-content\/uploads\/2022\/02\/mapa_ficha.jpg\" class=\"attachment-full size-full\" alt=\"\" loading=\"lazy\" srcset=\"https:\/\/grupo.us.es\/conditiofeminae\/wp-content\/uploads\/2022\/02\/mapa_ficha.jpg 745w, https:\/\/grupo.us.es\/conditiofeminae\/wp-content\/uploads\/2022\/02\/mapa_ficha-300x215.jpg 300w, https:\/\/grupo.us.es\/conditiofeminae\/wp-content\/uploads\/2022\/02\/mapa_ficha-150x108.jpg 150w\" sizes=\"(max-width: 745px) 100vw, 745px\" \/>\n\t\t\t\t\t\t<div class=\"e-hotspot elementor-repeater-item-fe4c32b  e-hotspot--position-left e-hotspot--position-top   e-hotspot--circle\">\n\n\t\t\t\t\t\t\t\t<div class=\"e-hotspot__button e-hotspot--expand\">\n\t\t\t\t\t\t\t\t\t\t\t<div class=\"e-hotspot__outer-circle\"><\/div>\n\t\t\t\t\t\t<div class=\"e-hotspot__inner-circle\"><\/div>\n\t\t\t\t\t\t\t\t\t<\/div>\n\n\t\t\t\t\t\t\t\t\t\t\t\t\t\t\t\t\t\t<div class=\"e-hotspot__tooltip e-hotspot--show-tooltip e-hotspot--tooltip-position  \" >\n\t\t\t\t\t\t<p>Suesa Aurunca<\/p>\t\t\t\t\t<\/div>\n\t\t\t\t\t\t\t\t\t\n\t\t\t<\/div>\n\n\t\n\t\t\t\t<\/div>\n\t\t\t\t<\/div>\n\t\t\t\t\t<\/div>\n\t\t<\/div>\n\t\t\t\t\t\t\t<\/div>\n\t\t<\/section>\n\t\t\t\t<div class=\"elementor-element elementor-element-adc823c elementor-widget elementor-widget-text-editor\" data-id=\"adc823c\" data-element_type=\"widget\" data-widget_type=\"text-editor.default\">\n\t\t\t\t<div class=\"elementor-widget-container\">\n\t\t\t\t\t\t\t<p class=\"sangriaPrimeraLinea\">As\u00ed, Matidia, conocida tambi\u00e9n como la Menor, financi\u00f3 en la ciudad de Suessa Aurunca, en Campania, un excepcional programa de construcci\u00f3n p\u00fablica dirigido al abastecimiento de agua, con posible restauraci\u00f3n del acueducto, al cuidado de las v\u00edas p\u00fablicas, y que incluy\u00f3 tambi\u00e9n la restauraci\u00f3n del teatro, una amplia intervenci\u00f3n en el foro y la construcci\u00f3n de la llamada Biblioteca Matidiana. Tambi\u00e9n financi\u00f3 la arquitectura en otras ciudades pr\u00f3ximas y un puente en la localidad de <em>Portus<\/em>, en Ostia.\u00a0Algunos especialistas se han referido a su situaci\u00f3n delicada en la dinast\u00eda, por la animadversi\u00f3n que Adriano le guardaba, como el motivo que le llev\u00f3 a hacer de Suessa Aurunca su peque\u00f1a Roma, convirti\u00e9ndola en el escenario preferente del desarrollo de un gran programa edilicio, al estilo de los grandes benefactores imperiales, y tambi\u00e9n de su imagen p\u00fablica de poder y prestigio.<\/p><p class=\"sangriaPrimeraLinea\">Es posible que en su comportamiento pesara el hecho de no tener descendencia, de manera que eligi\u00f3 el matronazgo arquitect\u00f3nico como forma de proyectar su memoria en el tiempo.\u00a0El teatro hab\u00eda sido construido en \u00e9poca Julio\u2013Claudia, pero posteriormente un terremoto lo hab\u00eda da\u00f1ado. Matidia lo reconstruy\u00f3, junto con el p\u00f3rtico adyacente, lo que supuso tambi\u00e9n importantes ampliaciones y remodelaciones, como la elevaci\u00f3n de dos bas\u00edlicas a ambos lados de la escena. Pero sobre todo destaca el frente esc\u00e9nico, ricamente decorado con m\u00e1rmol y estatuas de la familia imperial, que rodeaban una original estatua de Matidia representada de forma et\u00e9rea, en m\u00e1rmol negro y blanco, colocada en el centro sobre la valva regia.<\/p><p class=\"sangriaPrimeraLinea\">El testimonio de su intervenci\u00f3n en la red viaria lo constituye un miliario, que fue reutilizado en la parte medieval de la ciudad, en el que no se menciona el nombre del emperador de turno responsable de la obra, como es habitual, sino el de Matidia. Llaman la atenci\u00f3n los parentescos que acompa\u00f1an su nombre, indicadores de rango y de prestigio que, imitando las filiaciones imperiales, la vinculan con el emperador del momento, Antonino P\u00edo, a trav\u00e9s de sus parientes femeninos en la dinast\u00eda Antonina. De esta manera Matidia la Menor subraya en su miliario la continuidad de las mujeres de la casa imperial, incluida ella misma, como garantes de la transmisi\u00f3n din\u00e1stica.<\/p>\t\t\t\t\t\t<\/div>\n\t\t\t\t<\/div>\n\t\t\t\t<div class=\"elementor-element elementor-element-4010c2c elementor-widget elementor-widget-image\" data-id=\"4010c2c\" data-element_type=\"widget\" data-widget_type=\"image.default\">\n\t\t\t\t<div class=\"elementor-widget-container\">\n\t\t\t\t\t\t\t\t\t\t\t\t\t\t\t<img width=\"152\" height=\"147\" src=\"https:\/\/grupo.us.es\/conditiofeminae\/wp-content\/uploads\/2021\/05\/Moneda-CF-mediana.png\" class=\"attachment-full size-full\" alt=\"\" loading=\"lazy\" srcset=\"https:\/\/grupo.us.es\/conditiofeminae\/wp-content\/uploads\/2021\/05\/Moneda-CF-mediana.png 152w, https:\/\/grupo.us.es\/conditiofeminae\/wp-content\/uploads\/2021\/05\/Moneda-CF-mediana-150x145.png 150w\" sizes=\"(max-width: 152px) 100vw, 152px\" \/>\t\t\t\t\t\t\t\t\t\t\t\t\t\t\t<\/div>\n\t\t\t\t<\/div>\n\t\t\t\t<div class=\"elementor-element elementor-element-392935b elementor-widget elementor-widget-heading\" data-id=\"392935b\" data-element_type=\"widget\" data-widget_type=\"heading.default\">\n\t\t\t\t<div class=\"elementor-widget-container\">\n\t\t\t<p class=\"elementor-heading-title elementor-size-default\">Henar Gallego<\/p>\t\t<\/div>\n\t\t\t\t<\/div>\n\t\t\t\t<div class=\"elementor-element elementor-element-c33c9e4 elementor-widget elementor-widget-heading\" data-id=\"c33c9e4\" data-element_type=\"widget\" data-widget_type=\"heading.default\">\n\t\t\t\t<div class=\"elementor-widget-container\">\n\t\t\t<p class=\"elementor-heading-title elementor-size-default\">Universidad de Valladolid<\/p>\t\t<\/div>\n\t\t\t\t<\/div>\n\t\t\t\t\t<\/div>\n\t\t<\/div>\n\t\t\t\t\t\t\t<\/div>\n\t\t<\/section>\n\t\t\t\t<section class=\"elementor-section elementor-top-section elementor-element elementor-element-0e63e03 elementor-section-stretched elementor-section-boxed elementor-section-height-default elementor-section-height-default\" data-id=\"0e63e03\" data-element_type=\"section\" data-settings=\"{&quot;stretch_section&quot;:&quot;section-stretched&quot;,&quot;background_background&quot;:&quot;classic&quot;,&quot;shape_divider_top&quot;:&quot;opacity-fan&quot;,&quot;shape_divider_bottom&quot;:&quot;opacity-fan&quot;}\">\n\t\t\t\t\t<div class=\"elementor-shape elementor-shape-top\" data-negative=\"false\">\n\t\t\t<svg xmlns=\"http:\/\/www.w3.org\/2000\/svg\" viewBox=\"0 0 283.5 19.6\" preserveAspectRatio=\"none\">\n\t<path class=\"elementor-shape-fill\" style=\"opacity:0.33\" d=\"M0 0L0 18.8 141.8 4.1 283.5 18.8 283.5 0z\"\/>\n\t<path class=\"elementor-shape-fill\" style=\"opacity:0.33\" d=\"M0 0L0 12.6 141.8 4 283.5 12.6 283.5 0z\"\/>\n\t<path class=\"elementor-shape-fill\" style=\"opacity:0.33\" d=\"M0 0L0 6.4 141.8 4 283.5 6.4 283.5 0z\"\/>\n\t<path class=\"elementor-shape-fill\" d=\"M0 0L0 1.2 141.8 4 283.5 1.2 283.5 0z\"\/>\n<\/svg>\t\t<\/div>\n\t\t\t\t<div class=\"elementor-shape elementor-shape-bottom\" data-negative=\"false\">\n\t\t\t<svg xmlns=\"http:\/\/www.w3.org\/2000\/svg\" viewBox=\"0 0 283.5 19.6\" preserveAspectRatio=\"none\">\n\t<path class=\"elementor-shape-fill\" style=\"opacity:0.33\" d=\"M0 0L0 18.8 141.8 4.1 283.5 18.8 283.5 0z\"\/>\n\t<path class=\"elementor-shape-fill\" style=\"opacity:0.33\" d=\"M0 0L0 12.6 141.8 4 283.5 12.6 283.5 0z\"\/>\n\t<path class=\"elementor-shape-fill\" style=\"opacity:0.33\" d=\"M0 0L0 6.4 141.8 4 283.5 6.4 283.5 0z\"\/>\n\t<path class=\"elementor-shape-fill\" d=\"M0 0L0 1.2 141.8 4 283.5 1.2 283.5 0z\"\/>\n<\/svg>\t\t<\/div>\n\t\t\t\t\t<div class=\"elementor-container elementor-column-gap-default\">\n\t\t\t\t\t<div class=\"elementor-column elementor-col-50 elementor-top-column elementor-element elementor-element-12a4ba3\" data-id=\"12a4ba3\" data-element_type=\"column\">\n\t\t\t<div class=\"elementor-widget-wrap elementor-element-populated\">\n\t\t\t\t\t\t\t\t<div class=\"elementor-element elementor-element-ca3c4ef elementor-widget elementor-widget-image\" data-id=\"ca3c4ef\" data-element_type=\"widget\" data-widget_type=\"image.default\">\n\t\t\t\t<div class=\"elementor-widget-container\">\n\t\t\t\t\t\t\t\t\t\t\t\t\t\t\t\t<a href=\"https:\/\/upload.wikimedia.org\/wikipedia\/commons\/9\/9e\/Portrait_of_Vibia_Matidia_%28Matidia_Minor%29%2C_the_daughter_of_Salonina_Matidia_%28niece_of_Trajan%29_and_elder_half-sister_of_empress_Sabina%2C_Museo_archeologico_di_Fiesole_%2819231299139%29.jpg\" data-elementor-open-lightbox=\"yes\">\n\t\t\t\t\t\t\t<img src=\"https:\/\/upload.wikimedia.org\/wikipedia\/commons\/9\/9e\/Portrait_of_Vibia_Matidia_%28Matidia_Minor%29%2C_the_daughter_of_Salonina_Matidia_%28niece_of_Trajan%29_and_elder_half-sister_of_empress_Sabina%2C_Museo_archeologico_di_Fiesole_%2819231299139%29.jpg\" title=\"\" alt=\"\" \/>\t\t\t\t\t\t\t\t<\/a>\n\t\t\t\t\t\t\t\t\t\t\t\t\t\t\t<\/div>\n\t\t\t\t<\/div>\n\t\t\t\t<div class=\"elementor-element elementor-element-293c65f elementor-widget elementor-widget-heading\" data-id=\"293c65f\" data-element_type=\"widget\" data-widget_type=\"heading.default\">\n\t\t\t\t<div class=\"elementor-widget-container\">\n\t\t\t<p class=\"elementor-heading-title elementor-size-small\">Busto de Mindia Matidia. Siglo II. Museo Archeologico di Fiesole, Florencia.<\/p>\t\t<\/div>\n\t\t\t\t<\/div>\n\t\t\t\t<div class=\"elementor-element elementor-element-e249b6b elementor-widget elementor-widget-heading\" data-id=\"e249b6b\" data-element_type=\"widget\" data-widget_type=\"heading.default\">\n\t\t\t\t<div class=\"elementor-widget-container\">\n\t\t\t<p class=\"elementor-heading-title elementor-size-small\"><a href=\"https:\/\/commons.wikimedia.org\/wiki\/File:Portrait_of_Vibia_Matidia_(Matidia_Minor),_the_daughter_of_Salonina_Matidia_(niece_of_Trajan)_and_elder_half-sister_of_empress_Sabina,_Museo_archeologico_di_Fiesole_(19231299139).jpg\" target=\"_blank\">Public domain via Wikicommons<\/a><\/p>\t\t<\/div>\n\t\t\t\t<\/div>\n\t\t\t\t\t<\/div>\n\t\t<\/div>\n\t\t\t\t<div class=\"elementor-column elementor-col-50 elementor-top-column elementor-element elementor-element-6c03f0e\" data-id=\"6c03f0e\" data-element_type=\"column\">\n\t\t\t<div class=\"elementor-widget-wrap elementor-element-populated\">\n\t\t\t\t\t\t\t\t<div class=\"elementor-element elementor-element-d70e942 elementor-widget elementor-widget-text-editor\" data-id=\"d70e942\" data-element_type=\"widget\" data-widget_type=\"text-editor.default\">\n\t\t\t\t<div class=\"elementor-widget-container\">\n\t\t\t\t\t\t\t<p><strong>Fuentes principales<\/strong><\/p><p style=\"text-align: justify;\"><span style=\"font-family: 'times new roman', times, serif;\"><em>CIL<\/em> X, 4760.<\/span><\/p><p style=\"text-align: justify;\"><span style=\"font-family: 'times new roman', times, serif;\"><em>AE<\/em>, 1975, 137; 1991, 492; 2006, 317.<\/span><\/p><p style=\"text-align: justify;\"><span style=\"font-family: 'times new roman', times, serif;\"><em>EDCS<\/em>, 64800405; 64900991.<\/span><\/p><p><strong>Selecci\u00f3n bibliogr\u00e1fica<\/strong><\/p><p class=\"sangriaFrancesa\" style=\"text-align: justify;\"><span style=\"font-family: 'times new roman', times, serif;\">Cascella, S., \u201cMatidia Minor and Suessa Aurunca\u201d, en Thorsten Opper (ed.), <em>Hadrian: Art, Politics and Economy<\/em> (London 2013) 73-88.<\/span><\/p><p class=\"sangriaFrancesa\" style=\"text-align: justify;\"><span style=\"font-family: 'times new roman', times, serif;\">Cascella, S., \u201cMatidia Minore, la Biblioteca Matidiana e il Foro di Suessa (Sessa Aurunca\u2013Ce): considerazioni preliminari sullo scavo del cosiddetto Aerarium\u201d, <em>Oebalus<\/em> 8 (2013) 148-217.\u00a0<\/span><\/p><p class=\"sangriaFrancesa\" style=\"text-align: justify;\"><span style=\"font-family: 'times new roman', times, serif;\">Mart\u00ednez L\u00f3pez, C., Gallego Franco, H., Mir\u00f3n P\u00e9rez, M.\u00aaD., Oria Segura, M., \u201cSuessa Aurunca (Italia). La concreci\u00f3n espacial del poder y prestigio de Matidia Minor\u201d, en <em>Constructoras de ciudad. Mujeres y arquitectura en el occidente romano<\/em> (Colecci\u00f3n <em>Mujeres, Historia y Feminismos<\/em> 4) (Granada 2019) 340-349.<\/span><\/p>\t\t\t\t\t\t<\/div>\n\t\t\t\t<\/div>\n\t\t\t\t\t<\/div>\n\t\t<\/div>\n\t\t\t\t\t\t\t<\/div>\n\t\t<\/section>\n\t\t\t\t<section class=\"elementor-section elementor-top-section elementor-element elementor-element-3cb127e elementor-section-full_width elementor-section-stretched elementor-section-height-default elementor-section-height-default\" data-id=\"3cb127e\" data-element_type=\"section\" data-settings=\"{&quot;stretch_section&quot;:&quot;section-stretched&quot;,&quot;background_background&quot;:&quot;gradient&quot;}\">\n\t\t\t\t\t\t<div class=\"elementor-container elementor-column-gap-default\">\n\t\t\t\t\t<div class=\"elementor-column elementor-col-100 elementor-top-column elementor-element elementor-element-c0cb2c4\" data-id=\"c0cb2c4\" data-element_type=\"column\">\n\t\t\t<div class=\"elementor-widget-wrap elementor-element-populated\">\n\t\t\t\t\t\t\t\t<div class=\"elementor-element elementor-element-0c7c9d3 elementor-widget elementor-widget-spacer\" data-id=\"0c7c9d3\" data-element_type=\"widget\" data-widget_type=\"spacer.default\">\n\t\t\t\t<div class=\"elementor-widget-container\">\n\t\t\t\t\t<div class=\"elementor-spacer\">\n\t\t\t<div class=\"elementor-spacer-inner\"><\/div>\n\t\t<\/div>\n\t\t\t\t<\/div>\n\t\t\t\t<\/div>\n\t\t\t\t\t<\/div>\n\t\t<\/div>\n\t\t\t\t\t\t\t<\/div>\n\t\t<\/section>\n\t\t\t\t<section class=\"elementor-section elementor-top-section elementor-element elementor-element-8cd11d6 elementor-section-boxed elementor-section-height-default elementor-section-height-default\" data-id=\"8cd11d6\" data-element_type=\"section\">\n\t\t\t\t\t\t<div class=\"elementor-container elementor-column-gap-default\">\n\t\t\t\t\t<div class=\"elementor-column elementor-col-100 elementor-top-column elementor-element elementor-element-4d9cbb8\" data-id=\"4d9cbb8\" data-element_type=\"column\">\n\t\t\t<div class=\"elementor-widget-wrap elementor-element-populated\">\n\t\t\t\t\t\t\t\t<div class=\"elementor-element elementor-element-f8ab78a elementor-position-right elementor-vertical-align-middle elementor-view-default elementor-invisible elementor-widget elementor-widget-icon-box\" data-id=\"f8ab78a\" data-element_type=\"widget\" data-settings=\"{&quot;_animation&quot;:&quot;fadeInLeft&quot;}\" data-widget_type=\"icon-box.default\">\n\t\t\t\t<div class=\"elementor-widget-container\">\n\t\t\t\t\t<div class=\"elementor-icon-box-wrapper\">\n\t\t\t\t\t\t<div class=\"elementor-icon-box-icon\">\n\t\t\t\t<a class=\"elementor-icon elementor-animation-\" href=\"https:\/\/grupo.us.es\/conditiofeminae\/index.php\/250-mujeres-de-la-antigua-roma\/\">\n\t\t\t\t<i aria-hidden=\"true\" class=\"fas fa-arrow-right\"><\/i>\t\t\t\t<\/a>\n\t\t\t<\/div>\n\t\t\t\t\t\t<div class=\"elementor-icon-box-content\">\n\t\t\t\t<p class=\"elementor-icon-box-title\">\n\t\t\t\t\t<a href=\"https:\/\/grupo.us.es\/conditiofeminae\/index.php\/250-mujeres-de-la-antigua-roma\/\" >\n\t\t\t\t\t\t<span>Exposici\u00f3n Virtual: 250 mujeres de la antigua Roma<\/span>\t\t\t\t\t<\/a>\n\t\t\t\t<\/p>\n\t\t\t\t\t\t\t<\/div>\n\t\t<\/div>\n\t\t\t\t<\/div>\n\t\t\t\t<\/div>\n\t\t\t\t\t<\/div>\n\t\t<\/div>\n\t\t\t\t\t\t\t<\/div>\n\t\t<\/section>\n\t\t\t\t\t\t<\/div>\n\t\t\t\t\t<\/div>\n\t\t ","protected":false},"excerpt":{"rendered":"<p> <a class=\"continue-reading-link\" href=\"https:\/\/grupo.us.es\/conditiofeminae\/index.php\/2022\/03\/17\/141-mindia-matidia\/\"><span>Continuar leyendo<\/span><i class=\"crycon-right-dir\"><\/i><\/a> <\/p>\n","protected":false},"author":9,"featured_media":0,"comment_status":"closed","ping_status":"open","sticky":false,"template":"","format":"standard","meta":[],"categories":[13,12,16],"tags":[31],"yoast_head":"<!-- This site is optimized with the Yoast SEO plugin v17.6 - https:\/\/yoast.com\/wordpress\/plugins\/seo\/ -->\n<title>141. MINDIA MATIDIA - CONDITIO FEMINAE I: Marginaci\u00f3n y visibilidad de la mujer en el Imperio Romano<\/title>\n<meta name=\"description\" content=\"PROYECTO CONDITIO FEMINAE \u2013 MARGINACION POLITICA, JURIDICA Y RELIGIOSA DE LA MUJER DURANTE EL ALTO IMPERIO ROMANO (SIGLOS I-III)Programa Estatal de Fomento de la Investigaci\u00f3n Cient\u00edfica y T\u00e9cnica de Excelencia, Subprograma Estatal de Generaci\u00f3n de Conocimiento.\" \/>\n<meta name=\"robots\" content=\"index, follow, max-snippet:-1, max-image-preview:large, max-video-preview:-1\" \/>\n<link rel=\"canonical\" href=\"https:\/\/grupo.us.es\/conditiofeminae\/index.php\/2022\/03\/17\/141-mindia-matidia\/\" \/>\n<meta property=\"og:locale\" content=\"es_ES\" \/>\n<meta property=\"og:type\" content=\"article\" \/>\n<meta property=\"og:title\" content=\"141. MINDIA MATIDIA - CONDITIO FEMINAE I: Marginaci\u00f3n y visibilidad de la mujer en el Imperio Romano\" \/>\n<meta property=\"og:description\" content=\"PROYECTO CONDITIO FEMINAE \u2013 MARGINACION POLITICA, JURIDICA Y RELIGIOSA DE LA MUJER DURANTE EL ALTO IMPERIO ROMANO (SIGLOS I-III)Programa Estatal de Fomento de la Investigaci\u00f3n Cient\u00edfica y T\u00e9cnica de Excelencia, Subprograma Estatal de Generaci\u00f3n de Conocimiento.\" \/>\n<meta property=\"og:url\" content=\"https:\/\/grupo.us.es\/conditiofeminae\/index.php\/2022\/03\/17\/141-mindia-matidia\/\" \/>\n<meta property=\"og:site_name\" content=\"CONDITIO FEMINAE I: Marginaci\u00f3n y visibilidad de la mujer en el Imperio Romano\" \/>\n<meta property=\"article:published_time\" content=\"2022-03-17T09:21:01+00:00\" \/>\n<meta property=\"article:modified_time\" content=\"2023-02-07T18:11:21+00:00\" \/>\n<meta property=\"og:image\" content=\"https:\/\/grupo.us.es\/conditiofeminae\/wp-content\/uploads\/2021\/05\/Moneda-CF-mediana.png\" \/>\n<meta name=\"twitter:card\" content=\"summary_large_image\" \/>\n<meta name=\"twitter:label1\" content=\"Escrito por\" \/>\n\t<meta name=\"twitter:data1\" content=\"Patricia T\u00e9llez\" \/>\n\t<meta name=\"twitter:label2\" content=\"Tiempo de lectura\" \/>\n\t<meta name=\"twitter:data2\" content=\"4 minutos\" \/>\n<script type=\"application\/ld+json\" class=\"yoast-schema-graph\">{\"@context\":\"https:\/\/schema.org\",\"@graph\":[{\"@type\":\"Organization\",\"@id\":\"https:\/\/grupo.us.es\/conditiofeminae\/#organization\",\"name\":\"Departamento de Historia Antigua de la Universidad de Sevilla\",\"url\":\"https:\/\/grupo.us.es\/conditiofeminae\/\",\"sameAs\":[],\"logo\":{\"@type\":\"ImageObject\",\"@id\":\"https:\/\/grupo.us.es\/conditiofeminae\/#logo\",\"inLanguage\":\"es\",\"url\":\"https:\/\/grupo.us.es\/conditiofeminae\/wp-content\/uploads\/2020\/03\/dpto-historia-antigua-us.jpg\",\"contentUrl\":\"https:\/\/grupo.us.es\/conditiofeminae\/wp-content\/uploads\/2020\/03\/dpto-historia-antigua-us.jpg\",\"width\":104,\"height\":133,\"caption\":\"Departamento de Historia Antigua de la Universidad de Sevilla\"},\"image\":{\"@id\":\"https:\/\/grupo.us.es\/conditiofeminae\/#logo\"}},{\"@type\":\"WebSite\",\"@id\":\"https:\/\/grupo.us.es\/conditiofeminae\/#website\",\"url\":\"https:\/\/grupo.us.es\/conditiofeminae\/\",\"name\":\"CONDITIO FEMINAE I: Marginaci\\u00f3n y visibilidad de la mujer en el Imperio Romano\",\"description\":\"\",\"publisher\":{\"@id\":\"https:\/\/grupo.us.es\/conditiofeminae\/#organization\"},\"potentialAction\":[{\"@type\":\"SearchAction\",\"target\":{\"@type\":\"EntryPoint\",\"urlTemplate\":\"https:\/\/grupo.us.es\/conditiofeminae\/?s={search_term_string}\"},\"query-input\":\"required name=search_term_string\"}],\"inLanguage\":\"es\"},{\"@type\":\"ImageObject\",\"@id\":\"https:\/\/grupo.us.es\/conditiofeminae\/index.php\/2022\/03\/17\/141-mindia-matidia\/#primaryimage\",\"inLanguage\":\"es\",\"url\":\"https:\/\/grupo.us.es\/conditiofeminae\/wp-content\/uploads\/2021\/05\/Moneda-CF-mediana.png\",\"contentUrl\":\"https:\/\/grupo.us.es\/conditiofeminae\/wp-content\/uploads\/2021\/05\/Moneda-CF-mediana.png\",\"width\":152,\"height\":147},{\"@type\":\"WebPage\",\"@id\":\"https:\/\/grupo.us.es\/conditiofeminae\/index.php\/2022\/03\/17\/141-mindia-matidia\/#webpage\",\"url\":\"https:\/\/grupo.us.es\/conditiofeminae\/index.php\/2022\/03\/17\/141-mindia-matidia\/\",\"name\":\"141. MINDIA MATIDIA - CONDITIO FEMINAE I: Marginaci\\u00f3n y visibilidad de la mujer en el Imperio Romano\",\"isPartOf\":{\"@id\":\"https:\/\/grupo.us.es\/conditiofeminae\/#website\"},\"primaryImageOfPage\":{\"@id\":\"https:\/\/grupo.us.es\/conditiofeminae\/index.php\/2022\/03\/17\/141-mindia-matidia\/#primaryimage\"},\"datePublished\":\"2022-03-17T09:21:01+00:00\",\"dateModified\":\"2023-02-07T18:11:21+00:00\",\"description\":\"PROYECTO CONDITIO FEMINAE \\u2013 MARGINACION POLITICA, JURIDICA Y RELIGIOSA DE LA MUJER DURANTE EL ALTO IMPERIO ROMANO (SIGLOS I-III)Programa Estatal de Fomento de la Investigaci\\u00f3n Cient\\u00edfica y T\\u00e9cnica de Excelencia, Subprograma Estatal de Generaci\\u00f3n de Conocimiento.\",\"breadcrumb\":{\"@id\":\"https:\/\/grupo.us.es\/conditiofeminae\/index.php\/2022\/03\/17\/141-mindia-matidia\/#breadcrumb\"},\"inLanguage\":\"es\",\"potentialAction\":[{\"@type\":\"ReadAction\",\"target\":[\"https:\/\/grupo.us.es\/conditiofeminae\/index.php\/2022\/03\/17\/141-mindia-matidia\/\"]}]},{\"@type\":\"BreadcrumbList\",\"@id\":\"https:\/\/grupo.us.es\/conditiofeminae\/index.php\/2022\/03\/17\/141-mindia-matidia\/#breadcrumb\",\"itemListElement\":[{\"@type\":\"ListItem\",\"position\":1,\"name\":\"Portada\",\"item\":\"https:\/\/grupo.us.es\/conditiofeminae\/\"},{\"@type\":\"ListItem\",\"position\":2,\"name\":\"141. MINDIA MATIDIA\"}]},{\"@type\":\"Article\",\"@id\":\"https:\/\/grupo.us.es\/conditiofeminae\/index.php\/2022\/03\/17\/141-mindia-matidia\/#article\",\"isPartOf\":{\"@id\":\"https:\/\/grupo.us.es\/conditiofeminae\/index.php\/2022\/03\/17\/141-mindia-matidia\/#webpage\"},\"author\":{\"@id\":\"https:\/\/grupo.us.es\/conditiofeminae\/#\/schema\/person\/8d5a2ef8795f2543311dfdb46b134483\"},\"headline\":\"141. MINDIA MATIDIA\",\"datePublished\":\"2022-03-17T09:21:01+00:00\",\"dateModified\":\"2023-02-07T18:11:21+00:00\",\"mainEntityOfPage\":{\"@id\":\"https:\/\/grupo.us.es\/conditiofeminae\/index.php\/2022\/03\/17\/141-mindia-matidia\/#webpage\"},\"wordCount\":633,\"publisher\":{\"@id\":\"https:\/\/grupo.us.es\/conditiofeminae\/#organization\"},\"image\":{\"@id\":\"https:\/\/grupo.us.es\/conditiofeminae\/index.php\/2022\/03\/17\/141-mindia-matidia\/#primaryimage\"},\"thumbnailUrl\":\"https:\/\/grupo.us.es\/conditiofeminae\/wp-content\/uploads\/2021\/05\/Moneda-CF-mediana.png\",\"keywords\":[\"Exposici\\u00f3n Virtual: 250 mujeres de la antigua Roma\"],\"articleSection\":[\"250 mujeres de la antigua Roma\",\"Exposici\\u00f3n Virtual\",\"Per\\u00edodo III: El Imperio romano (27 a. C. \\u2013 284 d. C.)\"],\"inLanguage\":\"es\"},{\"@type\":\"Person\",\"@id\":\"https:\/\/grupo.us.es\/conditiofeminae\/#\/schema\/person\/8d5a2ef8795f2543311dfdb46b134483\",\"name\":\"Patricia T\\u00e9llez\",\"image\":{\"@type\":\"ImageObject\",\"@id\":\"https:\/\/grupo.us.es\/conditiofeminae\/#personlogo\",\"inLanguage\":\"es\",\"url\":\"https:\/\/secure.gravatar.com\/avatar\/1cbcdd2aa637a1716a59c719467029e1?s=96&d=mm&r=g\",\"contentUrl\":\"https:\/\/secure.gravatar.com\/avatar\/1cbcdd2aa637a1716a59c719467029e1?s=96&d=mm&r=g\",\"caption\":\"Patricia T\\u00e9llez\"},\"url\":\"https:\/\/grupo.us.es\/conditiofeminae\/index.php\/author\/patriciatellez\/\"}]}<\/script>\n<!-- \/ Yoast SEO plugin. -->","yoast_head_json":{"title":"141. MINDIA MATIDIA - CONDITIO FEMINAE I: Marginaci\u00f3n y visibilidad de la mujer en el Imperio Romano","description":"PROYECTO CONDITIO FEMINAE \u2013 MARGINACION POLITICA, JURIDICA Y RELIGIOSA DE LA MUJER DURANTE EL ALTO IMPERIO ROMANO (SIGLOS I-III)Programa Estatal de Fomento de la Investigaci\u00f3n Cient\u00edfica y T\u00e9cnica de Excelencia, Subprograma Estatal de Generaci\u00f3n de Conocimiento.","robots":{"index":"index","follow":"follow","max-snippet":"max-snippet:-1","max-image-preview":"max-image-preview:large","max-video-preview":"max-video-preview:-1"},"canonical":"https:\/\/grupo.us.es\/conditiofeminae\/index.php\/2022\/03\/17\/141-mindia-matidia\/","og_locale":"es_ES","og_type":"article","og_title":"141. MINDIA MATIDIA - CONDITIO FEMINAE I: Marginaci\u00f3n y visibilidad de la mujer en el Imperio Romano","og_description":"PROYECTO CONDITIO FEMINAE \u2013 MARGINACION POLITICA, JURIDICA Y RELIGIOSA DE LA MUJER DURANTE EL ALTO IMPERIO ROMANO (SIGLOS I-III)Programa Estatal de Fomento de la Investigaci\u00f3n Cient\u00edfica y T\u00e9cnica de Excelencia, Subprograma Estatal de Generaci\u00f3n de Conocimiento.","og_url":"https:\/\/grupo.us.es\/conditiofeminae\/index.php\/2022\/03\/17\/141-mindia-matidia\/","og_site_name":"CONDITIO FEMINAE I: Marginaci\u00f3n y visibilidad de la mujer en el Imperio Romano","article_published_time":"2022-03-17T09:21:01+00:00","article_modified_time":"2023-02-07T18:11:21+00:00","og_image":[{"url":"https:\/\/grupo.us.es\/conditiofeminae\/wp-content\/uploads\/2021\/05\/Moneda-CF-mediana.png"}],"twitter_card":"summary_large_image","twitter_misc":{"Escrito por":"Patricia T\u00e9llez","Tiempo de lectura":"4 minutos"},"schema":{"@context":"https:\/\/schema.org","@graph":[{"@type":"Organization","@id":"https:\/\/grupo.us.es\/conditiofeminae\/#organization","name":"Departamento de Historia Antigua de la Universidad de Sevilla","url":"https:\/\/grupo.us.es\/conditiofeminae\/","sameAs":[],"logo":{"@type":"ImageObject","@id":"https:\/\/grupo.us.es\/conditiofeminae\/#logo","inLanguage":"es","url":"https:\/\/grupo.us.es\/conditiofeminae\/wp-content\/uploads\/2020\/03\/dpto-historia-antigua-us.jpg","contentUrl":"https:\/\/grupo.us.es\/conditiofeminae\/wp-content\/uploads\/2020\/03\/dpto-historia-antigua-us.jpg","width":104,"height":133,"caption":"Departamento de Historia Antigua de la Universidad de Sevilla"},"image":{"@id":"https:\/\/grupo.us.es\/conditiofeminae\/#logo"}},{"@type":"WebSite","@id":"https:\/\/grupo.us.es\/conditiofeminae\/#website","url":"https:\/\/grupo.us.es\/conditiofeminae\/","name":"CONDITIO FEMINAE I: Marginaci\u00f3n y visibilidad de la mujer en el Imperio Romano","description":"","publisher":{"@id":"https:\/\/grupo.us.es\/conditiofeminae\/#organization"},"potentialAction":[{"@type":"SearchAction","target":{"@type":"EntryPoint","urlTemplate":"https:\/\/grupo.us.es\/conditiofeminae\/?s={search_term_string}"},"query-input":"required name=search_term_string"}],"inLanguage":"es"},{"@type":"ImageObject","@id":"https:\/\/grupo.us.es\/conditiofeminae\/index.php\/2022\/03\/17\/141-mindia-matidia\/#primaryimage","inLanguage":"es","url":"https:\/\/grupo.us.es\/conditiofeminae\/wp-content\/uploads\/2021\/05\/Moneda-CF-mediana.png","contentUrl":"https:\/\/grupo.us.es\/conditiofeminae\/wp-content\/uploads\/2021\/05\/Moneda-CF-mediana.png","width":152,"height":147},{"@type":"WebPage","@id":"https:\/\/grupo.us.es\/conditiofeminae\/index.php\/2022\/03\/17\/141-mindia-matidia\/#webpage","url":"https:\/\/grupo.us.es\/conditiofeminae\/index.php\/2022\/03\/17\/141-mindia-matidia\/","name":"141. MINDIA MATIDIA - CONDITIO FEMINAE I: Marginaci\u00f3n y visibilidad de la mujer en el Imperio Romano","isPartOf":{"@id":"https:\/\/grupo.us.es\/conditiofeminae\/#website"},"primaryImageOfPage":{"@id":"https:\/\/grupo.us.es\/conditiofeminae\/index.php\/2022\/03\/17\/141-mindia-matidia\/#primaryimage"},"datePublished":"2022-03-17T09:21:01+00:00","dateModified":"2023-02-07T18:11:21+00:00","description":"PROYECTO CONDITIO FEMINAE \u2013 MARGINACION POLITICA, JURIDICA Y RELIGIOSA DE LA MUJER DURANTE EL ALTO IMPERIO ROMANO (SIGLOS I-III)Programa Estatal de Fomento de la Investigaci\u00f3n Cient\u00edfica y T\u00e9cnica de Excelencia, Subprograma Estatal de Generaci\u00f3n de Conocimiento.","breadcrumb":{"@id":"https:\/\/grupo.us.es\/conditiofeminae\/index.php\/2022\/03\/17\/141-mindia-matidia\/#breadcrumb"},"inLanguage":"es","potentialAction":[{"@type":"ReadAction","target":["https:\/\/grupo.us.es\/conditiofeminae\/index.php\/2022\/03\/17\/141-mindia-matidia\/"]}]},{"@type":"BreadcrumbList","@id":"https:\/\/grupo.us.es\/conditiofeminae\/index.php\/2022\/03\/17\/141-mindia-matidia\/#breadcrumb","itemListElement":[{"@type":"ListItem","position":1,"name":"Portada","item":"https:\/\/grupo.us.es\/conditiofeminae\/"},{"@type":"ListItem","position":2,"name":"141. MINDIA MATIDIA"}]},{"@type":"Article","@id":"https:\/\/grupo.us.es\/conditiofeminae\/index.php\/2022\/03\/17\/141-mindia-matidia\/#article","isPartOf":{"@id":"https:\/\/grupo.us.es\/conditiofeminae\/index.php\/2022\/03\/17\/141-mindia-matidia\/#webpage"},"author":{"@id":"https:\/\/grupo.us.es\/conditiofeminae\/#\/schema\/person\/8d5a2ef8795f2543311dfdb46b134483"},"headline":"141. MINDIA MATIDIA","datePublished":"2022-03-17T09:21:01+00:00","dateModified":"2023-02-07T18:11:21+00:00","mainEntityOfPage":{"@id":"https:\/\/grupo.us.es\/conditiofeminae\/index.php\/2022\/03\/17\/141-mindia-matidia\/#webpage"},"wordCount":633,"publisher":{"@id":"https:\/\/grupo.us.es\/conditiofeminae\/#organization"},"image":{"@id":"https:\/\/grupo.us.es\/conditiofeminae\/index.php\/2022\/03\/17\/141-mindia-matidia\/#primaryimage"},"thumbnailUrl":"https:\/\/grupo.us.es\/conditiofeminae\/wp-content\/uploads\/2021\/05\/Moneda-CF-mediana.png","keywords":["Exposici\u00f3n Virtual: 250 mujeres de la antigua Roma"],"articleSection":["250 mujeres de la antigua Roma","Exposici\u00f3n Virtual","Per\u00edodo III: El Imperio romano (27 a. C. \u2013 284 d. C.)"],"inLanguage":"es"},{"@type":"Person","@id":"https:\/\/grupo.us.es\/conditiofeminae\/#\/schema\/person\/8d5a2ef8795f2543311dfdb46b134483","name":"Patricia T\u00e9llez","image":{"@type":"ImageObject","@id":"https:\/\/grupo.us.es\/conditiofeminae\/#personlogo","inLanguage":"es","url":"https:\/\/secure.gravatar.com\/avatar\/1cbcdd2aa637a1716a59c719467029e1?s=96&d=mm&r=g","contentUrl":"https:\/\/secure.gravatar.com\/avatar\/1cbcdd2aa637a1716a59c719467029e1?s=96&d=mm&r=g","caption":"Patricia T\u00e9llez"},"url":"https:\/\/grupo.us.es\/conditiofeminae\/index.php\/author\/patriciatellez\/"}]}},"_links":{"self":[{"href":"https:\/\/grupo.us.es\/conditiofeminae\/index.php\/wp-json\/wp\/v2\/posts\/2887"}],"collection":[{"href":"https:\/\/grupo.us.es\/conditiofeminae\/index.php\/wp-json\/wp\/v2\/posts"}],"about":[{"href":"https:\/\/grupo.us.es\/conditiofeminae\/index.php\/wp-json\/wp\/v2\/types\/post"}],"author":[{"embeddable":true,"href":"https:\/\/grupo.us.es\/conditiofeminae\/index.php\/wp-json\/wp\/v2\/users\/9"}],"replies":[{"embeddable":true,"href":"https:\/\/grupo.us.es\/conditiofeminae\/index.php\/wp-json\/wp\/v2\/comments?post=2887"}],"version-history":[{"count":19,"href":"https:\/\/grupo.us.es\/conditiofeminae\/index.php\/wp-json\/wp\/v2\/posts\/2887\/revisions"}],"predecessor-version":[{"id":7741,"href":"https:\/\/grupo.us.es\/conditiofeminae\/index.php\/wp-json\/wp\/v2\/posts\/2887\/revisions\/7741"}],"wp:attachment":[{"href":"https:\/\/grupo.us.es\/conditiofeminae\/index.php\/wp-json\/wp\/v2\/media?parent=2887"}],"wp:term":[{"taxonomy":"category","embeddable":true,"href":"https:\/\/grupo.us.es\/conditiofeminae\/index.php\/wp-json\/wp\/v2\/categories?post=2887"},{"taxonomy":"post_tag","embeddable":true,"href":"https:\/\/grupo.us.es\/conditiofeminae\/index.php\/wp-json\/wp\/v2\/tags?post=2887"}],"curies":[{"name":"wp","href":"https:\/\/api.w.org\/{rel}","templated":true}]}}