{"id":2746,"date":"2025-06-02T06:45:53","date_gmt":"2025-06-02T06:45:53","guid":{"rendered":"https:\/\/grupo.us.es\/alzarq\/impacto-de-nuestras-investigaciones-en-medios-de-comunicacion-copy\/"},"modified":"2025-06-02T07:14:30","modified_gmt":"2025-06-02T07:14:30","slug":"viii-congreso-arquitectura-y-salud-en-colegio-de-arquitectos-de-cataluna","status":"publish","type":"post","link":"https:\/\/grupo.us.es\/alzarq\/viii-congreso-arquitectura-y-salud-en-colegio-de-arquitectos-de-cataluna\/","title":{"rendered":"VIII CONGRESO ARQUITECTURA Y SALUD EN COLEGIO DE ARQUITECTOS DE CATALU\u00d1A"},"content":{"rendered":"<div class=\"subtitle\">\n<p style=\"text-align: justify;\">El pr\u00f3ximo 12 de mayo tiene lugar en Barcelona la <strong>octava edici\u00f3n del Congreso de Arquitectura y Salud<\/strong>, un espacio de encuentro en el\u00a0<strong>Colegio Oficial de Arquitectos de Catalu\u00f1a (COAC)\u00a0<\/strong>para explorar c\u00f3mo el entorno construido influye en nuestro bienestar. El evento, organizado por la\u00a0<a href=\"https:\/\/www.arquitectes.cat\/ca\/actes\/viii-congres-arquitectura-i-salut\" target=\"_blank\" rel=\"noopener\"><strong>Agrupaci\u00f3n Arquitectura y Sostenibilidad del COAC<\/strong><\/a>\u00a0(AUS) y la\u00a0<a href=\"https:\/\/www.geobiologia.org\/es\/viii-congreso-de-arquitectura-y-salud.\/formacion\/155\" target=\"_blank\" rel=\"noopener\"><strong>Asociaci\u00f3n de Estudios Geobiol\u00f3gicos<\/strong><\/a>\u00a0(GEA), ha puesto el foco en la necesidad de repensar los espacios que habitamos para hacerlos m\u00e1s saludables, sostenibles y resilientes ante los retos actuales.<\/p>\n<p style=\"text-align: justify;\">Expertos en arquitectura, salud y sostenibilidad han compartido conocimientos y experiencias para\u00a0\u00a0impulsar un cambio de paradigma\u00a0\u00a0en el dise\u00f1o y construcci\u00f3n de los espacios que habitamos.\u00a0<a href=\"https:\/\/grupo.us.es\/hac\/quienes-somos\/santiago-quesada-garcia\/\" target=\"_blank\" rel=\"noopener\"><strong>Santiago Quesada,<\/strong><\/a>\u00a0director del grupo de investigaci\u00f3n\u00a0<a href=\"https:\/\/www.grupo.us.es\/hac\/\" target=\"_blank\" rel=\"noopener\"><strong>Healthy Architecture &amp; City<\/strong><\/a>, contribuir\u00e1 al encuentro con la ponencia invitada\u00a0<strong>La arquitectura como generadora de activos para la salud\u00a0<\/strong>dentro de la mesa tem\u00e1tica\u00a0<strong>Hacia un cambio de paradigma<\/strong>. A trav\u00e9s de comunicaciones y debates de alto nivel, el Congreso ha abordado temas clave como la adaptaci\u00f3n al cambio clim\u00e1tico, la calidad del aire interior, el impacto de los materiales en la salud, el bioclimatismo y las ciudades humanas y resilientes. Se present\u00f3 tambi\u00e9n la actualizaci\u00f3n de la herramienta Espacios Interiores Saludables del COAC.<\/p>\n<p>El Congreso se estructura en cuatro mesas o ejes tem\u00e1ticos:<\/p>\n<p><img fetchpriority=\"high\" decoding=\"async\" class=\"alignright wp-image-9549\" src=\"https:\/\/grupo.us.es\/hac\/wp-content\/uploads\/2025\/05\/VIII_congreso_arquitectura_y_salud_2025_web_3.jpg\" alt=\"\" width=\"390\" height=\"390\" \/><\/p>\n<\/div>\n<div class=\"subtitle\">\n<ol>\n<li>\n<ol>\n<li><strong>Hacia un cambio de paradigma.<\/strong>\u00a0Repensando los enfoques para afrontar los desaf\u00edos actuales.<\/li>\n<li>Los materiales como contribuci\u00f3n a la exposoma qu\u00edmico.\u00a0 Explorando c\u00f3mo los materiales influyen en nuestra salud.<\/li>\n<li>La calidad del ambiente interior en relaci\u00f3n a la exposoma f\u00edsico.<\/li>\n<li>Ciudades m\u00e1s humanas, resilientes y saludables: el abordaje de la exposoma psicosocial. Dise\u00f1o de espacios que cuidan de las personas.<\/li>\n<\/ol>\n<\/li>\n<\/ol>\n<p>&nbsp;<\/p>\n<p>&nbsp;<\/p>\n<\/div>\n<p>&nbsp;<\/p>\n<p>&nbsp;<\/p>\n<div class=\"subtitle\">\n<p><strong>NOTICIAS RELACIONADAS<\/strong><\/p>\n<p id=\"part5110798\" class=\"P11\"><a href=\"https:\/\/www.interempresas.net\/Construccion\/Articulos\/597703-La-arquitectura-un-factor-clave-en-el-exposoma-ambiental.html\" target=\"_blank\" rel=\"noopener\"><strong>La arquitectura, un factor clave en el exposoma<\/strong><\/a><\/p>\n<p>&nbsp;<\/p>\n<p>&nbsp;<\/p>\n<\/div>\n<p><img decoding=\"async\" class=\"wp-image-10011 aligncenter\" src=\"https:\/\/grupo.us.es\/hac\/wp-content\/uploads\/2025\/05\/Santiago-Quesada-en-VIII-Arquitectura-y-Salud_3.jpeg\" sizes=\"(min-width: 0px) and (max-width: 480px) 480px, (min-width: 481px) 568px, 100vw\" srcset=\"https:\/\/grupo.us.es\/hac\/wp-content\/uploads\/2025\/05\/Santiago-Quesada-en-VIII-Arquitectura-y-Salud_3.jpeg 568w, https:\/\/grupo.us.es\/hac\/wp-content\/uploads\/2025\/05\/Santiago-Quesada-en-VIII-Arquitectura-y-Salud_3-480x423.jpeg 480w\" alt=\"\" width=\"568\" height=\"500\" \/><\/p>\n<p><img decoding=\"async\" class=\" wp-image-10009 aligncenter\" src=\"https:\/\/grupo.us.es\/hac\/wp-content\/uploads\/2025\/05\/Santiago-Quesada-en-VIII-Arquitectura-y-Salud_1.jpeg\" sizes=\"(min-width: 0px) and (max-width: 480px) 480px, (min-width: 481px) 510px, 100vw\" srcset=\"https:\/\/grupo.us.es\/hac\/wp-content\/uploads\/2025\/05\/Santiago-Quesada-en-VIII-Arquitectura-y-Salud_1.jpeg 510w, https:\/\/grupo.us.es\/hac\/wp-content\/uploads\/2025\/05\/Santiago-Quesada-en-VIII-Arquitectura-y-Salud_1-480x704.jpeg 480w\" alt=\"\" width=\"510\" height=\"748\" \/><\/p>\n<p>&nbsp;<\/p>\n<p><img loading=\"lazy\" decoding=\"async\" class=\" wp-image-10010 aligncenter\" src=\"https:\/\/grupo.us.es\/hac\/wp-content\/uploads\/2025\/05\/Santiago-Quesada-en-VIII-Arquitectura-y-Salud_2.jpg\" alt=\"\" width=\"508\" height=\"560\" \/><\/p>\n<p>&nbsp;<\/p>\n<p><img loading=\"lazy\" decoding=\"async\" class=\"alignright wp-image-10012\" src=\"https:\/\/grupo.us.es\/hac\/wp-content\/uploads\/2025\/05\/Santiago-Quesada-en-VIII-Arquitectura-y-Salud_4.jpeg\" alt=\"\" width=\"454\" height=\"339\" \/><\/p>\n<div class=\"subtitle\">\n<p><img loading=\"lazy\" decoding=\"async\" class=\" wp-image-10013 alignleft\" src=\"https:\/\/grupo.us.es\/hac\/wp-content\/uploads\/2025\/05\/Santiago-Quesada-en-VIII-Arquitectura-y-Salud_5.jpeg\" alt=\"\" width=\"407\" height=\"337\" \/><\/p>\n<p>&nbsp;<\/p>\n<p>&nbsp;<\/p>\n<p>&nbsp;<\/p>\n<p>&nbsp;<\/p>\n<p>&nbsp;<\/p>\n<p>&nbsp;<\/p>\n<p>&nbsp;<\/p>\n<p>&nbsp;<\/p>\n<p>&nbsp;<\/p>\n<p>&nbsp;<\/p>\n<p style=\"text-align: center;\">El programa detallado del Congreso ha sido:<\/p>\n<p>&nbsp;<\/p>\n<\/div>\n<div><img loading=\"lazy\" decoding=\"async\" class=\" wp-image-9527 aligncenter\" src=\"https:\/\/grupo.us.es\/hac\/wp-content\/uploads\/2025\/05\/viii_congres_arquitectura_i_salut_2025_vs.jpg\" alt=\"\" width=\"555\" height=\"1205\" \/><\/div>\n<div><\/div>\n<div class=\"text border\" style=\"text-align: center;\"><strong class=\"bb strong_bb\">Inscripci\u00f3n a trav\u00e9s del siguiente enlace:<\/strong><br \/>\n<a class=\"bb a_bb\" href=\"https:\/\/www.arquitectes.cat\/ca\/inscripcio-congres-arq-salut-2025\" target=\"_blank\" rel=\"noopener\">WEB COAC<\/a><\/div>\n","protected":false},"excerpt":{"rendered":"<p>BARCELONA \/ 12 de mayo de 2025<\/p>\n","protected":false},"author":5,"featured_media":2748,"comment_status":"open","ping_status":"open","sticky":false,"template":"","format":"standard","meta":{"_acf_changed":false,"colormag_page_layout":"default_layout","_monsterinsights_skip_tracking":false,"_monsterinsights_sitenote_active":false,"_monsterinsights_sitenote_note":"","_monsterinsights_sitenote_category":0,"_uf_show_specific_survey":0,"_uf_disable_surveys":false,"footnotes":""},"categories":[19,15,13],"tags":[],"class_list":["post-2746","post","type-post","status-publish","format-standard","has-post-thumbnail","hentry","category-conferencias","category-eventos","category-noticias"],"acf":[],"yoast_head":"<!-- This site is optimized with the Yoast SEO plugin v25.2 - https:\/\/yoast.com\/wordpress\/plugins\/seo\/ -->\n<title>VIII CONGRESO ARQUITECTURA Y SALUD EN COLEGIO DE ARQUITECTOS DE CATALU\u00d1A - ALZARQ<\/title>\n<meta name=\"description\" content=\"octava edici\u00f3n del Congreso de Arquitectura y Salud, donde Santiago Quesada,\u00a0director del grupo HAC, contribuir\u00e1 al encuentro con la ponencia invitada:\u00a0La arquitectura como generadora de activos para la salud\u00a0dentro de la mesa tem\u00e1tica\u00a0Hacia un cambio de paradigma.\" \/>\n<meta name=\"robots\" content=\"index, follow, max-snippet:-1, max-image-preview:large, max-video-preview:-1\" \/>\n<link rel=\"canonical\" href=\"https:\/\/grupo.us.es\/alzarq\/viii-congreso-arquitectura-y-salud-en-colegio-de-arquitectos-de-cataluna\/\" \/>\n<meta property=\"og:locale\" content=\"es_ES\" \/>\n<meta property=\"og:type\" content=\"article\" \/>\n<meta property=\"og:title\" content=\"VIII CONGRESO ARQUITECTURA Y SALUD EN COLEGIO DE ARQUITECTOS DE CATALU\u00d1A - ALZARQ\" \/>\n<meta property=\"og:description\" content=\"octava edici\u00f3n del Congreso de Arquitectura y Salud, donde Santiago Quesada,\u00a0director del grupo HAC, contribuir\u00e1 al encuentro con la ponencia invitada:\u00a0La arquitectura como generadora de activos para la salud\u00a0dentro de la mesa tem\u00e1tica\u00a0Hacia un cambio de paradigma.\" \/>\n<meta property=\"og:url\" content=\"https:\/\/grupo.us.es\/alzarq\/viii-congreso-arquitectura-y-salud-en-colegio-de-arquitectos-de-cataluna\/\" \/>\n<meta property=\"og:site_name\" content=\"ALZARQ\" \/>\n<meta property=\"article:published_time\" content=\"2025-06-02T06:45:53+00:00\" \/>\n<meta property=\"article:modified_time\" content=\"2025-06-02T07:14:30+00:00\" \/>\n<meta property=\"og:image\" content=\"https:\/\/grupo.us.es\/alzarq\/wp-content\/uploads\/2025\/06\/VIII_congreso_arquitectura_y_salud_2025_web_3.jpg\" \/>\n\t<meta property=\"og:image:width\" content=\"640\" \/>\n\t<meta property=\"og:image:height\" content=\"640\" \/>\n\t<meta property=\"og:image:type\" content=\"image\/jpeg\" \/>\n<meta name=\"author\" content=\"Mar\u00eda Lozano G\u00f3mez\" \/>\n<meta name=\"twitter:card\" content=\"summary_large_image\" \/>\n<meta name=\"twitter:label1\" content=\"Escrito por\" \/>\n\t<meta name=\"twitter:data1\" content=\"Mar\u00eda Lozano G\u00f3mez\" \/>\n\t<meta name=\"twitter:label2\" content=\"Tiempo de lectura\" \/>\n\t<meta name=\"twitter:data2\" content=\"3 minutos\" \/>\n<script type=\"application\/ld+json\" class=\"yoast-schema-graph\">{\"@context\":\"https:\/\/schema.org\",\"@graph\":[{\"@type\":\"Article\",\"@id\":\"https:\/\/grupo.us.es\/alzarq\/viii-congreso-arquitectura-y-salud-en-colegio-de-arquitectos-de-cataluna\/#article\",\"isPartOf\":{\"@id\":\"https:\/\/grupo.us.es\/alzarq\/viii-congreso-arquitectura-y-salud-en-colegio-de-arquitectos-de-cataluna\/\"},\"author\":{\"name\":\"Mar\u00eda Lozano G\u00f3mez\",\"@id\":\"https:\/\/grupo.us.es\/alzarq\/#\/schema\/person\/1c333ff0542f1b85483268bf6bd02812\"},\"headline\":\"VIII CONGRESO ARQUITECTURA Y SALUD EN COLEGIO DE ARQUITECTOS DE CATALU\u00d1A\",\"datePublished\":\"2025-06-02T06:45:53+00:00\",\"dateModified\":\"2025-06-02T07:14:30+00:00\",\"mainEntityOfPage\":{\"@id\":\"https:\/\/grupo.us.es\/alzarq\/viii-congreso-arquitectura-y-salud-en-colegio-de-arquitectos-de-cataluna\/\"},\"wordCount\":356,\"commentCount\":0,\"publisher\":{\"@id\":\"https:\/\/grupo.us.es\/alzarq\/#organization\"},\"image\":{\"@id\":\"https:\/\/grupo.us.es\/alzarq\/viii-congreso-arquitectura-y-salud-en-colegio-de-arquitectos-de-cataluna\/#primaryimage\"},\"thumbnailUrl\":\"https:\/\/grupo.us.es\/alzarq\/wp-content\/uploads\/2025\/06\/VIII_congreso_arquitectura_y_salud_2025_web_3.jpg\",\"articleSection\":[\"Conferencias\",\"Eventos\",\"Noticias\"],\"inLanguage\":\"es\",\"potentialAction\":[{\"@type\":\"CommentAction\",\"name\":\"Comment\",\"target\":[\"https:\/\/grupo.us.es\/alzarq\/viii-congreso-arquitectura-y-salud-en-colegio-de-arquitectos-de-cataluna\/#respond\"]}]},{\"@type\":\"WebPage\",\"@id\":\"https:\/\/grupo.us.es\/alzarq\/viii-congreso-arquitectura-y-salud-en-colegio-de-arquitectos-de-cataluna\/\",\"url\":\"https:\/\/grupo.us.es\/alzarq\/viii-congreso-arquitectura-y-salud-en-colegio-de-arquitectos-de-cataluna\/\",\"name\":\"VIII CONGRESO ARQUITECTURA Y SALUD EN COLEGIO DE ARQUITECTOS DE CATALU\u00d1A - ALZARQ\",\"isPartOf\":{\"@id\":\"https:\/\/grupo.us.es\/alzarq\/#website\"},\"primaryImageOfPage\":{\"@id\":\"https:\/\/grupo.us.es\/alzarq\/viii-congreso-arquitectura-y-salud-en-colegio-de-arquitectos-de-cataluna\/#primaryimage\"},\"image\":{\"@id\":\"https:\/\/grupo.us.es\/alzarq\/viii-congreso-arquitectura-y-salud-en-colegio-de-arquitectos-de-cataluna\/#primaryimage\"},\"thumbnailUrl\":\"https:\/\/grupo.us.es\/alzarq\/wp-content\/uploads\/2025\/06\/VIII_congreso_arquitectura_y_salud_2025_web_3.jpg\",\"datePublished\":\"2025-06-02T06:45:53+00:00\",\"dateModified\":\"2025-06-02T07:14:30+00:00\",\"description\":\"octava edici\u00f3n del Congreso de Arquitectura y Salud, donde Santiago Quesada,\u00a0director del grupo HAC, contribuir\u00e1 al encuentro con la ponencia invitada:\u00a0La arquitectura como generadora de activos para la salud\u00a0dentro de la mesa tem\u00e1tica\u00a0Hacia un cambio de paradigma.\",\"inLanguage\":\"es\",\"potentialAction\":[{\"@type\":\"ReadAction\",\"target\":[\"https:\/\/grupo.us.es\/alzarq\/viii-congreso-arquitectura-y-salud-en-colegio-de-arquitectos-de-cataluna\/\"]}]},{\"@type\":\"ImageObject\",\"inLanguage\":\"es\",\"@id\":\"https:\/\/grupo.us.es\/alzarq\/viii-congreso-arquitectura-y-salud-en-colegio-de-arquitectos-de-cataluna\/#primaryimage\",\"url\":\"https:\/\/grupo.us.es\/alzarq\/wp-content\/uploads\/2025\/06\/VIII_congreso_arquitectura_y_salud_2025_web_3.jpg\",\"contentUrl\":\"https:\/\/grupo.us.es\/alzarq\/wp-content\/uploads\/2025\/06\/VIII_congreso_arquitectura_y_salud_2025_web_3.jpg\",\"width\":640,\"height\":640},{\"@type\":\"WebSite\",\"@id\":\"https:\/\/grupo.us.es\/alzarq\/#website\",\"url\":\"https:\/\/grupo.us.es\/alzarq\/\",\"name\":\"ALZARQ\",\"description\":\"Arquitectura y Alzheimer\",\"publisher\":{\"@id\":\"https:\/\/grupo.us.es\/alzarq\/#organization\"},\"potentialAction\":[{\"@type\":\"SearchAction\",\"target\":{\"@type\":\"EntryPoint\",\"urlTemplate\":\"https:\/\/grupo.us.es\/alzarq\/?s={search_term_string}\"},\"query-input\":{\"@type\":\"PropertyValueSpecification\",\"valueRequired\":true,\"valueName\":\"search_term_string\"}}],\"inLanguage\":\"es\"},{\"@type\":\"Organization\",\"@id\":\"https:\/\/grupo.us.es\/alzarq\/#organization\",\"name\":\"ALZARQ\",\"url\":\"https:\/\/grupo.us.es\/alzarq\/\",\"logo\":{\"@type\":\"ImageObject\",\"inLanguage\":\"es\",\"@id\":\"https:\/\/grupo.us.es\/alzarq\/#\/schema\/logo\/image\/\",\"url\":\"https:\/\/grupo.us.es\/alzarq\/wp-content\/uploads\/2022\/02\/logotipo_alzarq_degradado_150peq-1-3.jpg\",\"contentUrl\":\"https:\/\/grupo.us.es\/alzarq\/wp-content\/uploads\/2022\/02\/logotipo_alzarq_degradado_150peq-1-3.jpg\",\"width\":224,\"height\":70,\"caption\":\"ALZARQ\"},\"image\":{\"@id\":\"https:\/\/grupo.us.es\/alzarq\/#\/schema\/logo\/image\/\"}},{\"@type\":\"Person\",\"@id\":\"https:\/\/grupo.us.es\/alzarq\/#\/schema\/person\/1c333ff0542f1b85483268bf6bd02812\",\"name\":\"Mar\u00eda Lozano G\u00f3mez\",\"image\":{\"@type\":\"ImageObject\",\"inLanguage\":\"es\",\"@id\":\"https:\/\/grupo.us.es\/alzarq\/#\/schema\/person\/image\/\",\"url\":\"https:\/\/secure.gravatar.com\/avatar\/e9d9a8c41b0b15c3b2146b9fa833f29e9ee543792ad21b2452cff8f169fcd050?s=96&d=mm&r=g\",\"contentUrl\":\"https:\/\/secure.gravatar.com\/avatar\/e9d9a8c41b0b15c3b2146b9fa833f29e9ee543792ad21b2452cff8f169fcd050?s=96&d=mm&r=g\",\"caption\":\"Mar\u00eda Lozano G\u00f3mez\"},\"url\":\"https:\/\/grupo.us.es\/alzarq\/author\/mlozano\/\"}]}<\/script>\n<!-- \/ Yoast SEO plugin. -->","yoast_head_json":{"title":"VIII CONGRESO ARQUITECTURA Y SALUD EN COLEGIO DE ARQUITECTOS DE CATALU\u00d1A - ALZARQ","description":"octava edici\u00f3n del Congreso de Arquitectura y Salud, donde Santiago Quesada,\u00a0director del grupo HAC, contribuir\u00e1 al encuentro con la ponencia invitada:\u00a0La arquitectura como generadora de activos para la salud\u00a0dentro de la mesa tem\u00e1tica\u00a0Hacia un cambio de paradigma.","robots":{"index":"index","follow":"follow","max-snippet":"max-snippet:-1","max-image-preview":"max-image-preview:large","max-video-preview":"max-video-preview:-1"},"canonical":"https:\/\/grupo.us.es\/alzarq\/viii-congreso-arquitectura-y-salud-en-colegio-de-arquitectos-de-cataluna\/","og_locale":"es_ES","og_type":"article","og_title":"VIII CONGRESO ARQUITECTURA Y SALUD EN COLEGIO DE ARQUITECTOS DE CATALU\u00d1A - ALZARQ","og_description":"octava edici\u00f3n del Congreso de Arquitectura y Salud, donde Santiago Quesada,\u00a0director del grupo HAC, contribuir\u00e1 al encuentro con la ponencia invitada:\u00a0La arquitectura como generadora de activos para la salud\u00a0dentro de la mesa tem\u00e1tica\u00a0Hacia un cambio de paradigma.","og_url":"https:\/\/grupo.us.es\/alzarq\/viii-congreso-arquitectura-y-salud-en-colegio-de-arquitectos-de-cataluna\/","og_site_name":"ALZARQ","article_published_time":"2025-06-02T06:45:53+00:00","article_modified_time":"2025-06-02T07:14:30+00:00","og_image":[{"width":640,"height":640,"url":"https:\/\/grupo.us.es\/alzarq\/wp-content\/uploads\/2025\/06\/VIII_congreso_arquitectura_y_salud_2025_web_3.jpg","type":"image\/jpeg"}],"author":"Mar\u00eda Lozano G\u00f3mez","twitter_card":"summary_large_image","twitter_misc":{"Escrito por":"Mar\u00eda Lozano G\u00f3mez","Tiempo de lectura":"3 minutos"},"schema":{"@context":"https:\/\/schema.org","@graph":[{"@type":"Article","@id":"https:\/\/grupo.us.es\/alzarq\/viii-congreso-arquitectura-y-salud-en-colegio-de-arquitectos-de-cataluna\/#article","isPartOf":{"@id":"https:\/\/grupo.us.es\/alzarq\/viii-congreso-arquitectura-y-salud-en-colegio-de-arquitectos-de-cataluna\/"},"author":{"name":"Mar\u00eda Lozano G\u00f3mez","@id":"https:\/\/grupo.us.es\/alzarq\/#\/schema\/person\/1c333ff0542f1b85483268bf6bd02812"},"headline":"VIII CONGRESO ARQUITECTURA Y SALUD EN COLEGIO DE ARQUITECTOS DE CATALU\u00d1A","datePublished":"2025-06-02T06:45:53+00:00","dateModified":"2025-06-02T07:14:30+00:00","mainEntityOfPage":{"@id":"https:\/\/grupo.us.es\/alzarq\/viii-congreso-arquitectura-y-salud-en-colegio-de-arquitectos-de-cataluna\/"},"wordCount":356,"commentCount":0,"publisher":{"@id":"https:\/\/grupo.us.es\/alzarq\/#organization"},"image":{"@id":"https:\/\/grupo.us.es\/alzarq\/viii-congreso-arquitectura-y-salud-en-colegio-de-arquitectos-de-cataluna\/#primaryimage"},"thumbnailUrl":"https:\/\/grupo.us.es\/alzarq\/wp-content\/uploads\/2025\/06\/VIII_congreso_arquitectura_y_salud_2025_web_3.jpg","articleSection":["Conferencias","Eventos","Noticias"],"inLanguage":"es","potentialAction":[{"@type":"CommentAction","name":"Comment","target":["https:\/\/grupo.us.es\/alzarq\/viii-congreso-arquitectura-y-salud-en-colegio-de-arquitectos-de-cataluna\/#respond"]}]},{"@type":"WebPage","@id":"https:\/\/grupo.us.es\/alzarq\/viii-congreso-arquitectura-y-salud-en-colegio-de-arquitectos-de-cataluna\/","url":"https:\/\/grupo.us.es\/alzarq\/viii-congreso-arquitectura-y-salud-en-colegio-de-arquitectos-de-cataluna\/","name":"VIII CONGRESO ARQUITECTURA Y SALUD EN COLEGIO DE ARQUITECTOS DE CATALU\u00d1A - ALZARQ","isPartOf":{"@id":"https:\/\/grupo.us.es\/alzarq\/#website"},"primaryImageOfPage":{"@id":"https:\/\/grupo.us.es\/alzarq\/viii-congreso-arquitectura-y-salud-en-colegio-de-arquitectos-de-cataluna\/#primaryimage"},"image":{"@id":"https:\/\/grupo.us.es\/alzarq\/viii-congreso-arquitectura-y-salud-en-colegio-de-arquitectos-de-cataluna\/#primaryimage"},"thumbnailUrl":"https:\/\/grupo.us.es\/alzarq\/wp-content\/uploads\/2025\/06\/VIII_congreso_arquitectura_y_salud_2025_web_3.jpg","datePublished":"2025-06-02T06:45:53+00:00","dateModified":"2025-06-02T07:14:30+00:00","description":"octava edici\u00f3n del Congreso de Arquitectura y Salud, donde Santiago Quesada,\u00a0director del grupo HAC, contribuir\u00e1 al encuentro con la ponencia invitada:\u00a0La arquitectura como generadora de activos para la salud\u00a0dentro de la mesa tem\u00e1tica\u00a0Hacia un cambio de paradigma.","inLanguage":"es","potentialAction":[{"@type":"ReadAction","target":["https:\/\/grupo.us.es\/alzarq\/viii-congreso-arquitectura-y-salud-en-colegio-de-arquitectos-de-cataluna\/"]}]},{"@type":"ImageObject","inLanguage":"es","@id":"https:\/\/grupo.us.es\/alzarq\/viii-congreso-arquitectura-y-salud-en-colegio-de-arquitectos-de-cataluna\/#primaryimage","url":"https:\/\/grupo.us.es\/alzarq\/wp-content\/uploads\/2025\/06\/VIII_congreso_arquitectura_y_salud_2025_web_3.jpg","contentUrl":"https:\/\/grupo.us.es\/alzarq\/wp-content\/uploads\/2025\/06\/VIII_congreso_arquitectura_y_salud_2025_web_3.jpg","width":640,"height":640},{"@type":"WebSite","@id":"https:\/\/grupo.us.es\/alzarq\/#website","url":"https:\/\/grupo.us.es\/alzarq\/","name":"ALZARQ","description":"Arquitectura y Alzheimer","publisher":{"@id":"https:\/\/grupo.us.es\/alzarq\/#organization"},"potentialAction":[{"@type":"SearchAction","target":{"@type":"EntryPoint","urlTemplate":"https:\/\/grupo.us.es\/alzarq\/?s={search_term_string}"},"query-input":{"@type":"PropertyValueSpecification","valueRequired":true,"valueName":"search_term_string"}}],"inLanguage":"es"},{"@type":"Organization","@id":"https:\/\/grupo.us.es\/alzarq\/#organization","name":"ALZARQ","url":"https:\/\/grupo.us.es\/alzarq\/","logo":{"@type":"ImageObject","inLanguage":"es","@id":"https:\/\/grupo.us.es\/alzarq\/#\/schema\/logo\/image\/","url":"https:\/\/grupo.us.es\/alzarq\/wp-content\/uploads\/2022\/02\/logotipo_alzarq_degradado_150peq-1-3.jpg","contentUrl":"https:\/\/grupo.us.es\/alzarq\/wp-content\/uploads\/2022\/02\/logotipo_alzarq_degradado_150peq-1-3.jpg","width":224,"height":70,"caption":"ALZARQ"},"image":{"@id":"https:\/\/grupo.us.es\/alzarq\/#\/schema\/logo\/image\/"}},{"@type":"Person","@id":"https:\/\/grupo.us.es\/alzarq\/#\/schema\/person\/1c333ff0542f1b85483268bf6bd02812","name":"Mar\u00eda Lozano G\u00f3mez","image":{"@type":"ImageObject","inLanguage":"es","@id":"https:\/\/grupo.us.es\/alzarq\/#\/schema\/person\/image\/","url":"https:\/\/secure.gravatar.com\/avatar\/e9d9a8c41b0b15c3b2146b9fa833f29e9ee543792ad21b2452cff8f169fcd050?s=96&d=mm&r=g","contentUrl":"https:\/\/secure.gravatar.com\/avatar\/e9d9a8c41b0b15c3b2146b9fa833f29e9ee543792ad21b2452cff8f169fcd050?s=96&d=mm&r=g","caption":"Mar\u00eda Lozano G\u00f3mez"},"url":"https:\/\/grupo.us.es\/alzarq\/author\/mlozano\/"}]}},"_links":{"self":[{"href":"https:\/\/grupo.us.es\/alzarq\/wp-json\/wp\/v2\/posts\/2746","targetHints":{"allow":["GET"]}}],"collection":[{"href":"https:\/\/grupo.us.es\/alzarq\/wp-json\/wp\/v2\/posts"}],"about":[{"href":"https:\/\/grupo.us.es\/alzarq\/wp-json\/wp\/v2\/types\/post"}],"author":[{"embeddable":true,"href":"https:\/\/grupo.us.es\/alzarq\/wp-json\/wp\/v2\/users\/5"}],"replies":[{"embeddable":true,"href":"https:\/\/grupo.us.es\/alzarq\/wp-json\/wp\/v2\/comments?post=2746"}],"version-history":[{"count":0,"href":"https:\/\/grupo.us.es\/alzarq\/wp-json\/wp\/v2\/posts\/2746\/revisions"}],"wp:featuredmedia":[{"embeddable":true,"href":"https:\/\/grupo.us.es\/alzarq\/wp-json\/wp\/v2\/media\/2748"}],"wp:attachment":[{"href":"https:\/\/grupo.us.es\/alzarq\/wp-json\/wp\/v2\/media?parent=2746"}],"wp:term":[{"taxonomy":"category","embeddable":true,"href":"https:\/\/grupo.us.es\/alzarq\/wp-json\/wp\/v2\/categories?post=2746"},{"taxonomy":"post_tag","embeddable":true,"href":"https:\/\/grupo.us.es\/alzarq\/wp-json\/wp\/v2\/tags?post=2746"}],"curies":[{"name":"wp","href":"https:\/\/api.w.org\/{rel}","templated":true}]}}