{"id":2676,"date":"2025-04-09T08:47:32","date_gmt":"2025-04-09T08:47:32","guid":{"rendered":"https:\/\/grupo.us.es\/alzarq\/healthy-architecture-city-participa-en-el-iii-congreso-andaluz-de-alzheimer-copy\/"},"modified":"2025-04-09T09:09:11","modified_gmt":"2025-04-09T09:09:11","slug":"42-800-viviendas-adaptadas-se-necesitan-para-personas-con-alzheimer-en-2035","status":"publish","type":"post","link":"https:\/\/grupo.us.es\/alzarq\/42-800-viviendas-adaptadas-se-necesitan-para-personas-con-alzheimer-en-2035\/","title":{"rendered":"42.800 VIVIENDAS ADAPTADAS SE NECESITAN PARA PERSONAS CON ALZHEIMER EN 2035"},"content":{"rendered":"<p>Investigaciones recientes apuntan que en los pr\u00f3ximos 10 a\u00f1os, en Andaluc\u00eda ser\u00e1n necesarias <strong>42.800 viviendas adaptadas<\/strong>\u00a0<strong>a personas con alzh\u00e9imer<\/strong>. Es una conclusi\u00f3n del equipo de investigaci\u00f3n \u2018Healthy Architecture &amp; City\u2019 (ETSA) con el que colabora la\u00a0<strong><a class=\"YYDYAPmgJNiHoOtGRjnLDnVQkrxYpXVJuwxY \" href=\"https:\/\/www.confeafa.org\/\" target=\"_blank\" rel=\"noopener\" data-test-app-aware-link=\"\">Confederaci\u00f3n Andaluza de Alzheimer (ConFEAFA)<\/a><\/strong>\u00a0a trav\u00e9s de un convenio con la\u00a0<a class=\"YYDYAPmgJNiHoOtGRjnLDnVQkrxYpXVJuwxY \" href=\"https:\/\/www.us.es\/\" target=\"_blank\" rel=\"noopener\" data-test-app-aware-link=\"\"><strong>Universidad de Sevilla<\/strong><\/a>. Seg\u00fan el\u00a0<a class=\"YYDYAPmgJNiHoOtGRjnLDnVQkrxYpXVJuwxY \" href=\"https:\/\/www.cscae.com\/\" target=\"_blank\" rel=\"noopener\" data-test-app-aware-link=\"\"><strong>Consejo Superior de Colegios de Arquitectos de Espa\u00f1a<\/strong><\/a>, hay 26 millones de viviendas en el pa\u00eds, de las cuales solo el 0,6% del parque total de viviendas (unas 154.800 viviendas) son accesibles. La adaptaci\u00f3n de parte de estas viviendas al colectivo de personas con diversidad cognitiva es una imperiosa necesidad, tal y como nuestro grupo manifestaba en esta noticia aparecida en el diario\u00a0<strong>ABC de Sevilla<\/strong>\u00a0en noviembre de 2023.<\/p>\n<p>&nbsp;<\/p>\n<p><img fetchpriority=\"high\" decoding=\"async\" class=\"aligncenter size-full wp-image-7127\" src=\"https:\/\/grupo.us.es\/hac\/wp-content\/uploads\/2024\/03\/ABC_06-11-23.jpg\" sizes=\"(min-width: 0px) and (max-width: 480px) 480px, (min-width: 481px) 1640px, 100vw\" srcset=\"https:\/\/grupo.us.es\/hac\/wp-content\/uploads\/2024\/03\/ABC_06-11-23.jpg 1640w, https:\/\/grupo.us.es\/hac\/wp-content\/uploads\/2024\/03\/ABC_06-11-23-480x612.jpg 480w\" alt=\"\" width=\"1640\" height=\"2090\" \/><\/p>\n","protected":false},"excerpt":{"rendered":"<p>SEVILLA \/ 28 de enero de 2025<\/p>\n","protected":false},"author":5,"featured_media":2678,"comment_status":"open","ping_status":"open","sticky":false,"template":"","format":"standard","meta":{"_acf_changed":false,"colormag_page_layout":"default_layout","_monsterinsights_skip_tracking":false,"_monsterinsights_sitenote_active":false,"_monsterinsights_sitenote_note":"","_monsterinsights_sitenote_category":0,"_uf_show_specific_survey":0,"_uf_disable_surveys":false,"footnotes":""},"categories":[13,14],"tags":[],"class_list":["post-2676","post","type-post","status-publish","format-standard","has-post-thumbnail","hentry","category-noticias","category-prensa"],"acf":[],"yoast_head":"<!-- This site is optimized with the Yoast SEO plugin v25.2 - https:\/\/yoast.com\/wordpress\/plugins\/seo\/ -->\n<title>42.800 VIVIENDAS ADAPTADAS SE NECESITAN PARA PERSONAS CON ALZHEIMER EN 2035 - ALZARQ<\/title>\n<meta name=\"description\" content=\"Investigaciones recientes apuntan que en los pr\u00f3ximos 10 a\u00f1os, en Andaluc\u00eda ser\u00e1n necesarias 42.800 viviendas adaptadas\u00a0a personas con alzh\u00e9imer. Es una conclusi\u00f3n del equipo de investigaci\u00f3n \u2018Healthy Architecture &amp; City\u2019 (ETSA)\" \/>\n<meta name=\"robots\" content=\"index, follow, max-snippet:-1, max-image-preview:large, max-video-preview:-1\" \/>\n<link rel=\"canonical\" href=\"https:\/\/grupo.us.es\/alzarq\/42-800-viviendas-adaptadas-se-necesitan-para-personas-con-alzheimer-en-2035\/\" \/>\n<meta property=\"og:locale\" content=\"es_ES\" \/>\n<meta property=\"og:type\" content=\"article\" \/>\n<meta property=\"og:title\" content=\"42.800 VIVIENDAS ADAPTADAS SE NECESITAN PARA PERSONAS CON ALZHEIMER EN 2035 - ALZARQ\" \/>\n<meta property=\"og:description\" content=\"Investigaciones recientes apuntan que en los pr\u00f3ximos 10 a\u00f1os, en Andaluc\u00eda ser\u00e1n necesarias 42.800 viviendas adaptadas\u00a0a personas con alzh\u00e9imer. Es una conclusi\u00f3n del equipo de investigaci\u00f3n \u2018Healthy Architecture &amp; City\u2019 (ETSA)\" \/>\n<meta property=\"og:url\" content=\"https:\/\/grupo.us.es\/alzarq\/42-800-viviendas-adaptadas-se-necesitan-para-personas-con-alzheimer-en-2035\/\" \/>\n<meta property=\"og:site_name\" content=\"ALZARQ\" \/>\n<meta property=\"article:published_time\" content=\"2025-04-09T08:47:32+00:00\" \/>\n<meta property=\"article:modified_time\" content=\"2025-04-09T09:09:11+00:00\" \/>\n<meta property=\"og:image\" content=\"https:\/\/grupo.us.es\/alzarq\/wp-content\/uploads\/2025\/04\/ALZ_DIF_NOT_Necesidad-viv-adap-011-scaled.jpg\" \/>\n\t<meta property=\"og:image:width\" content=\"2446\" \/>\n\t<meta property=\"og:image:height\" content=\"2560\" \/>\n\t<meta property=\"og:image:type\" content=\"image\/jpeg\" \/>\n<meta name=\"author\" content=\"Mar\u00eda Lozano G\u00f3mez\" \/>\n<meta name=\"twitter:card\" content=\"summary_large_image\" \/>\n<meta name=\"twitter:label1\" content=\"Escrito por\" \/>\n\t<meta name=\"twitter:data1\" content=\"Mar\u00eda Lozano G\u00f3mez\" \/>\n\t<meta name=\"twitter:label2\" content=\"Tiempo de lectura\" \/>\n\t<meta name=\"twitter:data2\" content=\"1 minuto\" \/>\n<script type=\"application\/ld+json\" class=\"yoast-schema-graph\">{\"@context\":\"https:\/\/schema.org\",\"@graph\":[{\"@type\":\"Article\",\"@id\":\"https:\/\/grupo.us.es\/alzarq\/42-800-viviendas-adaptadas-se-necesitan-para-personas-con-alzheimer-en-2035\/#article\",\"isPartOf\":{\"@id\":\"https:\/\/grupo.us.es\/alzarq\/42-800-viviendas-adaptadas-se-necesitan-para-personas-con-alzheimer-en-2035\/\"},\"author\":{\"name\":\"Mar\u00eda Lozano G\u00f3mez\",\"@id\":\"https:\/\/grupo.us.es\/alzarq\/#\/schema\/person\/1c333ff0542f1b85483268bf6bd02812\"},\"headline\":\"42.800 VIVIENDAS ADAPTADAS SE NECESITAN PARA PERSONAS CON ALZHEIMER EN 2035\",\"datePublished\":\"2025-04-09T08:47:32+00:00\",\"dateModified\":\"2025-04-09T09:09:11+00:00\",\"mainEntityOfPage\":{\"@id\":\"https:\/\/grupo.us.es\/alzarq\/42-800-viviendas-adaptadas-se-necesitan-para-personas-con-alzheimer-en-2035\/\"},\"wordCount\":141,\"commentCount\":0,\"publisher\":{\"@id\":\"https:\/\/grupo.us.es\/alzarq\/#organization\"},\"image\":{\"@id\":\"https:\/\/grupo.us.es\/alzarq\/42-800-viviendas-adaptadas-se-necesitan-para-personas-con-alzheimer-en-2035\/#primaryimage\"},\"thumbnailUrl\":\"https:\/\/grupo.us.es\/alzarq\/wp-content\/uploads\/2025\/04\/ALZ_DIF_NOT_Necesidad-viv-adap-011-scaled.jpg\",\"articleSection\":[\"Noticias\",\"Noticias de prensa\"],\"inLanguage\":\"es\",\"potentialAction\":[{\"@type\":\"CommentAction\",\"name\":\"Comment\",\"target\":[\"https:\/\/grupo.us.es\/alzarq\/42-800-viviendas-adaptadas-se-necesitan-para-personas-con-alzheimer-en-2035\/#respond\"]}]},{\"@type\":\"WebPage\",\"@id\":\"https:\/\/grupo.us.es\/alzarq\/42-800-viviendas-adaptadas-se-necesitan-para-personas-con-alzheimer-en-2035\/\",\"url\":\"https:\/\/grupo.us.es\/alzarq\/42-800-viviendas-adaptadas-se-necesitan-para-personas-con-alzheimer-en-2035\/\",\"name\":\"42.800 VIVIENDAS ADAPTADAS SE NECESITAN PARA PERSONAS CON ALZHEIMER EN 2035 - ALZARQ\",\"isPartOf\":{\"@id\":\"https:\/\/grupo.us.es\/alzarq\/#website\"},\"primaryImageOfPage\":{\"@id\":\"https:\/\/grupo.us.es\/alzarq\/42-800-viviendas-adaptadas-se-necesitan-para-personas-con-alzheimer-en-2035\/#primaryimage\"},\"image\":{\"@id\":\"https:\/\/grupo.us.es\/alzarq\/42-800-viviendas-adaptadas-se-necesitan-para-personas-con-alzheimer-en-2035\/#primaryimage\"},\"thumbnailUrl\":\"https:\/\/grupo.us.es\/alzarq\/wp-content\/uploads\/2025\/04\/ALZ_DIF_NOT_Necesidad-viv-adap-011-scaled.jpg\",\"datePublished\":\"2025-04-09T08:47:32+00:00\",\"dateModified\":\"2025-04-09T09:09:11+00:00\",\"description\":\"Investigaciones recientes apuntan que en los pr\u00f3ximos 10 a\u00f1os, en Andaluc\u00eda ser\u00e1n necesarias 42.800 viviendas adaptadas\u00a0a personas con alzh\u00e9imer. Es una conclusi\u00f3n del equipo de investigaci\u00f3n \u2018Healthy Architecture & City\u2019 (ETSA)\",\"inLanguage\":\"es\",\"potentialAction\":[{\"@type\":\"ReadAction\",\"target\":[\"https:\/\/grupo.us.es\/alzarq\/42-800-viviendas-adaptadas-se-necesitan-para-personas-con-alzheimer-en-2035\/\"]}]},{\"@type\":\"ImageObject\",\"inLanguage\":\"es\",\"@id\":\"https:\/\/grupo.us.es\/alzarq\/42-800-viviendas-adaptadas-se-necesitan-para-personas-con-alzheimer-en-2035\/#primaryimage\",\"url\":\"https:\/\/grupo.us.es\/alzarq\/wp-content\/uploads\/2025\/04\/ALZ_DIF_NOT_Necesidad-viv-adap-011-scaled.jpg\",\"contentUrl\":\"https:\/\/grupo.us.es\/alzarq\/wp-content\/uploads\/2025\/04\/ALZ_DIF_NOT_Necesidad-viv-adap-011-scaled.jpg\",\"width\":2446,\"height\":2560},{\"@type\":\"WebSite\",\"@id\":\"https:\/\/grupo.us.es\/alzarq\/#website\",\"url\":\"https:\/\/grupo.us.es\/alzarq\/\",\"name\":\"ALZARQ\",\"description\":\"Arquitectura y Alzheimer\",\"publisher\":{\"@id\":\"https:\/\/grupo.us.es\/alzarq\/#organization\"},\"potentialAction\":[{\"@type\":\"SearchAction\",\"target\":{\"@type\":\"EntryPoint\",\"urlTemplate\":\"https:\/\/grupo.us.es\/alzarq\/?s={search_term_string}\"},\"query-input\":{\"@type\":\"PropertyValueSpecification\",\"valueRequired\":true,\"valueName\":\"search_term_string\"}}],\"inLanguage\":\"es\"},{\"@type\":\"Organization\",\"@id\":\"https:\/\/grupo.us.es\/alzarq\/#organization\",\"name\":\"ALZARQ\",\"url\":\"https:\/\/grupo.us.es\/alzarq\/\",\"logo\":{\"@type\":\"ImageObject\",\"inLanguage\":\"es\",\"@id\":\"https:\/\/grupo.us.es\/alzarq\/#\/schema\/logo\/image\/\",\"url\":\"https:\/\/grupo.us.es\/alzarq\/wp-content\/uploads\/2022\/02\/logotipo_alzarq_degradado_150peq-1-3.jpg\",\"contentUrl\":\"https:\/\/grupo.us.es\/alzarq\/wp-content\/uploads\/2022\/02\/logotipo_alzarq_degradado_150peq-1-3.jpg\",\"width\":224,\"height\":70,\"caption\":\"ALZARQ\"},\"image\":{\"@id\":\"https:\/\/grupo.us.es\/alzarq\/#\/schema\/logo\/image\/\"}},{\"@type\":\"Person\",\"@id\":\"https:\/\/grupo.us.es\/alzarq\/#\/schema\/person\/1c333ff0542f1b85483268bf6bd02812\",\"name\":\"Mar\u00eda Lozano G\u00f3mez\",\"image\":{\"@type\":\"ImageObject\",\"inLanguage\":\"es\",\"@id\":\"https:\/\/grupo.us.es\/alzarq\/#\/schema\/person\/image\/\",\"url\":\"https:\/\/secure.gravatar.com\/avatar\/e9d9a8c41b0b15c3b2146b9fa833f29e9ee543792ad21b2452cff8f169fcd050?s=96&d=mm&r=g\",\"contentUrl\":\"https:\/\/secure.gravatar.com\/avatar\/e9d9a8c41b0b15c3b2146b9fa833f29e9ee543792ad21b2452cff8f169fcd050?s=96&d=mm&r=g\",\"caption\":\"Mar\u00eda Lozano G\u00f3mez\"},\"url\":\"https:\/\/grupo.us.es\/alzarq\/author\/mlozano\/\"}]}<\/script>\n<!-- \/ Yoast SEO plugin. -->","yoast_head_json":{"title":"42.800 VIVIENDAS ADAPTADAS SE NECESITAN PARA PERSONAS CON ALZHEIMER EN 2035 - ALZARQ","description":"Investigaciones recientes apuntan que en los pr\u00f3ximos 10 a\u00f1os, en Andaluc\u00eda ser\u00e1n necesarias 42.800 viviendas adaptadas\u00a0a personas con alzh\u00e9imer. Es una conclusi\u00f3n del equipo de investigaci\u00f3n \u2018Healthy Architecture & City\u2019 (ETSA)","robots":{"index":"index","follow":"follow","max-snippet":"max-snippet:-1","max-image-preview":"max-image-preview:large","max-video-preview":"max-video-preview:-1"},"canonical":"https:\/\/grupo.us.es\/alzarq\/42-800-viviendas-adaptadas-se-necesitan-para-personas-con-alzheimer-en-2035\/","og_locale":"es_ES","og_type":"article","og_title":"42.800 VIVIENDAS ADAPTADAS SE NECESITAN PARA PERSONAS CON ALZHEIMER EN 2035 - ALZARQ","og_description":"Investigaciones recientes apuntan que en los pr\u00f3ximos 10 a\u00f1os, en Andaluc\u00eda ser\u00e1n necesarias 42.800 viviendas adaptadas\u00a0a personas con alzh\u00e9imer. Es una conclusi\u00f3n del equipo de investigaci\u00f3n \u2018Healthy Architecture & City\u2019 (ETSA)","og_url":"https:\/\/grupo.us.es\/alzarq\/42-800-viviendas-adaptadas-se-necesitan-para-personas-con-alzheimer-en-2035\/","og_site_name":"ALZARQ","article_published_time":"2025-04-09T08:47:32+00:00","article_modified_time":"2025-04-09T09:09:11+00:00","og_image":[{"width":2446,"height":2560,"url":"https:\/\/grupo.us.es\/alzarq\/wp-content\/uploads\/2025\/04\/ALZ_DIF_NOT_Necesidad-viv-adap-011-scaled.jpg","type":"image\/jpeg"}],"author":"Mar\u00eda Lozano G\u00f3mez","twitter_card":"summary_large_image","twitter_misc":{"Escrito por":"Mar\u00eda Lozano G\u00f3mez","Tiempo de lectura":"1 minuto"},"schema":{"@context":"https:\/\/schema.org","@graph":[{"@type":"Article","@id":"https:\/\/grupo.us.es\/alzarq\/42-800-viviendas-adaptadas-se-necesitan-para-personas-con-alzheimer-en-2035\/#article","isPartOf":{"@id":"https:\/\/grupo.us.es\/alzarq\/42-800-viviendas-adaptadas-se-necesitan-para-personas-con-alzheimer-en-2035\/"},"author":{"name":"Mar\u00eda Lozano G\u00f3mez","@id":"https:\/\/grupo.us.es\/alzarq\/#\/schema\/person\/1c333ff0542f1b85483268bf6bd02812"},"headline":"42.800 VIVIENDAS ADAPTADAS SE NECESITAN PARA PERSONAS CON ALZHEIMER EN 2035","datePublished":"2025-04-09T08:47:32+00:00","dateModified":"2025-04-09T09:09:11+00:00","mainEntityOfPage":{"@id":"https:\/\/grupo.us.es\/alzarq\/42-800-viviendas-adaptadas-se-necesitan-para-personas-con-alzheimer-en-2035\/"},"wordCount":141,"commentCount":0,"publisher":{"@id":"https:\/\/grupo.us.es\/alzarq\/#organization"},"image":{"@id":"https:\/\/grupo.us.es\/alzarq\/42-800-viviendas-adaptadas-se-necesitan-para-personas-con-alzheimer-en-2035\/#primaryimage"},"thumbnailUrl":"https:\/\/grupo.us.es\/alzarq\/wp-content\/uploads\/2025\/04\/ALZ_DIF_NOT_Necesidad-viv-adap-011-scaled.jpg","articleSection":["Noticias","Noticias de prensa"],"inLanguage":"es","potentialAction":[{"@type":"CommentAction","name":"Comment","target":["https:\/\/grupo.us.es\/alzarq\/42-800-viviendas-adaptadas-se-necesitan-para-personas-con-alzheimer-en-2035\/#respond"]}]},{"@type":"WebPage","@id":"https:\/\/grupo.us.es\/alzarq\/42-800-viviendas-adaptadas-se-necesitan-para-personas-con-alzheimer-en-2035\/","url":"https:\/\/grupo.us.es\/alzarq\/42-800-viviendas-adaptadas-se-necesitan-para-personas-con-alzheimer-en-2035\/","name":"42.800 VIVIENDAS ADAPTADAS SE NECESITAN PARA PERSONAS CON ALZHEIMER EN 2035 - ALZARQ","isPartOf":{"@id":"https:\/\/grupo.us.es\/alzarq\/#website"},"primaryImageOfPage":{"@id":"https:\/\/grupo.us.es\/alzarq\/42-800-viviendas-adaptadas-se-necesitan-para-personas-con-alzheimer-en-2035\/#primaryimage"},"image":{"@id":"https:\/\/grupo.us.es\/alzarq\/42-800-viviendas-adaptadas-se-necesitan-para-personas-con-alzheimer-en-2035\/#primaryimage"},"thumbnailUrl":"https:\/\/grupo.us.es\/alzarq\/wp-content\/uploads\/2025\/04\/ALZ_DIF_NOT_Necesidad-viv-adap-011-scaled.jpg","datePublished":"2025-04-09T08:47:32+00:00","dateModified":"2025-04-09T09:09:11+00:00","description":"Investigaciones recientes apuntan que en los pr\u00f3ximos 10 a\u00f1os, en Andaluc\u00eda ser\u00e1n necesarias 42.800 viviendas adaptadas\u00a0a personas con alzh\u00e9imer. Es una conclusi\u00f3n del equipo de investigaci\u00f3n \u2018Healthy Architecture & City\u2019 (ETSA)","inLanguage":"es","potentialAction":[{"@type":"ReadAction","target":["https:\/\/grupo.us.es\/alzarq\/42-800-viviendas-adaptadas-se-necesitan-para-personas-con-alzheimer-en-2035\/"]}]},{"@type":"ImageObject","inLanguage":"es","@id":"https:\/\/grupo.us.es\/alzarq\/42-800-viviendas-adaptadas-se-necesitan-para-personas-con-alzheimer-en-2035\/#primaryimage","url":"https:\/\/grupo.us.es\/alzarq\/wp-content\/uploads\/2025\/04\/ALZ_DIF_NOT_Necesidad-viv-adap-011-scaled.jpg","contentUrl":"https:\/\/grupo.us.es\/alzarq\/wp-content\/uploads\/2025\/04\/ALZ_DIF_NOT_Necesidad-viv-adap-011-scaled.jpg","width":2446,"height":2560},{"@type":"WebSite","@id":"https:\/\/grupo.us.es\/alzarq\/#website","url":"https:\/\/grupo.us.es\/alzarq\/","name":"ALZARQ","description":"Arquitectura y Alzheimer","publisher":{"@id":"https:\/\/grupo.us.es\/alzarq\/#organization"},"potentialAction":[{"@type":"SearchAction","target":{"@type":"EntryPoint","urlTemplate":"https:\/\/grupo.us.es\/alzarq\/?s={search_term_string}"},"query-input":{"@type":"PropertyValueSpecification","valueRequired":true,"valueName":"search_term_string"}}],"inLanguage":"es"},{"@type":"Organization","@id":"https:\/\/grupo.us.es\/alzarq\/#organization","name":"ALZARQ","url":"https:\/\/grupo.us.es\/alzarq\/","logo":{"@type":"ImageObject","inLanguage":"es","@id":"https:\/\/grupo.us.es\/alzarq\/#\/schema\/logo\/image\/","url":"https:\/\/grupo.us.es\/alzarq\/wp-content\/uploads\/2022\/02\/logotipo_alzarq_degradado_150peq-1-3.jpg","contentUrl":"https:\/\/grupo.us.es\/alzarq\/wp-content\/uploads\/2022\/02\/logotipo_alzarq_degradado_150peq-1-3.jpg","width":224,"height":70,"caption":"ALZARQ"},"image":{"@id":"https:\/\/grupo.us.es\/alzarq\/#\/schema\/logo\/image\/"}},{"@type":"Person","@id":"https:\/\/grupo.us.es\/alzarq\/#\/schema\/person\/1c333ff0542f1b85483268bf6bd02812","name":"Mar\u00eda Lozano G\u00f3mez","image":{"@type":"ImageObject","inLanguage":"es","@id":"https:\/\/grupo.us.es\/alzarq\/#\/schema\/person\/image\/","url":"https:\/\/secure.gravatar.com\/avatar\/e9d9a8c41b0b15c3b2146b9fa833f29e9ee543792ad21b2452cff8f169fcd050?s=96&d=mm&r=g","contentUrl":"https:\/\/secure.gravatar.com\/avatar\/e9d9a8c41b0b15c3b2146b9fa833f29e9ee543792ad21b2452cff8f169fcd050?s=96&d=mm&r=g","caption":"Mar\u00eda Lozano G\u00f3mez"},"url":"https:\/\/grupo.us.es\/alzarq\/author\/mlozano\/"}]}},"_links":{"self":[{"href":"https:\/\/grupo.us.es\/alzarq\/wp-json\/wp\/v2\/posts\/2676","targetHints":{"allow":["GET"]}}],"collection":[{"href":"https:\/\/grupo.us.es\/alzarq\/wp-json\/wp\/v2\/posts"}],"about":[{"href":"https:\/\/grupo.us.es\/alzarq\/wp-json\/wp\/v2\/types\/post"}],"author":[{"embeddable":true,"href":"https:\/\/grupo.us.es\/alzarq\/wp-json\/wp\/v2\/users\/5"}],"replies":[{"embeddable":true,"href":"https:\/\/grupo.us.es\/alzarq\/wp-json\/wp\/v2\/comments?post=2676"}],"version-history":[{"count":0,"href":"https:\/\/grupo.us.es\/alzarq\/wp-json\/wp\/v2\/posts\/2676\/revisions"}],"wp:featuredmedia":[{"embeddable":true,"href":"https:\/\/grupo.us.es\/alzarq\/wp-json\/wp\/v2\/media\/2678"}],"wp:attachment":[{"href":"https:\/\/grupo.us.es\/alzarq\/wp-json\/wp\/v2\/media?parent=2676"}],"wp:term":[{"taxonomy":"category","embeddable":true,"href":"https:\/\/grupo.us.es\/alzarq\/wp-json\/wp\/v2\/categories?post=2676"},{"taxonomy":"post_tag","embeddable":true,"href":"https:\/\/grupo.us.es\/alzarq\/wp-json\/wp\/v2\/tags?post=2676"}],"curies":[{"name":"wp","href":"https:\/\/api.w.org\/{rel}","templated":true}]}}