{"id":2557,"date":"2021-05-20T09:34:41","date_gmt":"2021-05-20T09:34:41","guid":{"rendered":"https:\/\/grupo.us.es\/alzarq\/correo-de-andalucia-copy-copy-copy\/"},"modified":"2025-04-21T08:04:53","modified_gmt":"2025-04-21T08:04:53","slug":"estudiantes-de-medicina","status":"publish","type":"post","link":"https:\/\/grupo.us.es\/alzarq\/estudiantes-de-medicina\/","title":{"rendered":"COLOQUIO CON ESTUDIANTES DE MEDICINA"},"content":{"rendered":"<h3>ARQUITECTURA SALUDABLE: UN NUEVO PARADIGMA EN EL DISE\u00d1O DE EDIFICIOS<\/h3>\n<p>&nbsp;<\/p>\n<p>El jueves 20 de mayo de 2021\u00a0 los investigadores del grupo <a href=\"https:\/\/grupo.us.es\/hac\/\" target=\"_blank\" rel=\"noopener\"><strong>Healthy Architecture &amp; City<\/strong><\/a> han mantenido un coloquio con miembros de la Asociaci\u00f3n Sevillana de Estudiantes de Ciencias de la Salud (ASECS) y del Grupo de Trabajo de Salud P\u00fablica (SCOPH), pertenecientes a la Federaci\u00f3n Espa\u00f1ola de Estudiantes de Medicina para la Cooperaci\u00f3n Internacional (IFMA-SPAIN). En el coloquio se expondr\u00e1n, abordar\u00e1n y debatir\u00e1n algunos de los siguientes temas:<\/p>\n<ul>\n<li>Factores espaciales y ambientales que afectan a la salud y el bienestar de las personas<\/li>\n<li>La tercera piel: la importancia del entorno en los est\u00edmulos cognitivos, sensoriales y f\u00edsicos<\/li>\n<li>Catalizadores sociales que demandan una arquitectura y unas ciudades cada d\u00eda m\u00e1s saludables y sostenibles:\u00a0la pandemia COVID-19 y su influencia en la edificaci\u00f3n<\/li>\n<li>Dec\u00e1logo para una arquitectura saludable y cinco principios b\u00e1sicos<\/li>\n<li>Proyectar para la ausencia de memoria: una l\u00ednea de investigaci\u00f3n dirigida a\u00a0construir y dise\u00f1ar espacios para personas con enfermedad de Alzheimer<\/li>\n<\/ul>\n<p>&nbsp;<\/p>\n<p>&nbsp;<\/p>\n<p>Organizan:<\/p>\n<p>Asociaci\u00f3n Sevillana de Estudiantes de Ciencias de la Salud<\/p>\n<p>&nbsp;<\/p>\n<p>&nbsp;<\/p>\n<p>&nbsp;<\/p>\n<p>&nbsp;<\/p>\n<p>&nbsp;<\/p>\n<p>&nbsp;<\/p>\n","protected":false},"excerpt":{"rendered":"<p>SEVILLA \/ 20 de mayo de 2021<\/p>\n","protected":false},"author":4,"featured_media":2558,"comment_status":"closed","ping_status":"open","sticky":false,"template":"","format":"standard","meta":{"_acf_changed":false,"colormag_page_layout":"default_layout","_monsterinsights_skip_tracking":false,"_monsterinsights_sitenote_active":false,"_monsterinsights_sitenote_note":"","_monsterinsights_sitenote_category":0,"_uf_show_specific_survey":0,"_uf_disable_surveys":false,"footnotes":""},"categories":[19,13],"tags":[],"class_list":["post-2557","post","type-post","status-publish","format-standard","has-post-thumbnail","hentry","category-conferencias","category-noticias"],"acf":[],"yoast_head":"<!-- This site is optimized with the Yoast SEO plugin v25.2 - https:\/\/yoast.com\/wordpress\/plugins\/seo\/ -->\n<title>COLOQUIO CON ESTUDIANTES DE MEDICINA - ALZARQ<\/title>\n<meta name=\"description\" content=\"Este mi\u00e9rcoles 7 de febrero el Centro de Referencia Estatal de Alzheimer y otras demencias del IMSERSO, se ha hecho eco de la Tesis Doctoral\u00a0le\u00edda por Pablo Valero Flores en la Universidad de M\u00e1laga.\" \/>\n<meta name=\"robots\" content=\"index, follow, max-snippet:-1, max-image-preview:large, max-video-preview:-1\" \/>\n<link rel=\"canonical\" href=\"https:\/\/grupo.us.es\/alzarq\/estudiantes-de-medicina\/\" \/>\n<meta property=\"og:locale\" content=\"es_ES\" \/>\n<meta property=\"og:type\" content=\"article\" \/>\n<meta property=\"og:title\" content=\"COLOQUIO CON ESTUDIANTES DE MEDICINA - ALZARQ\" \/>\n<meta property=\"og:description\" content=\"Este mi\u00e9rcoles 7 de febrero el Centro de Referencia Estatal de Alzheimer y otras demencias del IMSERSO, se ha hecho eco de la Tesis Doctoral\u00a0le\u00edda por Pablo Valero Flores en la Universidad de M\u00e1laga.\" \/>\n<meta property=\"og:url\" content=\"https:\/\/grupo.us.es\/alzarq\/estudiantes-de-medicina\/\" \/>\n<meta property=\"og:site_name\" content=\"ALZARQ\" \/>\n<meta property=\"article:published_time\" content=\"2021-05-20T09:34:41+00:00\" \/>\n<meta property=\"article:modified_time\" content=\"2025-04-21T08:04:53+00:00\" \/>\n<meta property=\"og:image\" content=\"https:\/\/grupo.us.es\/alzarq\/wp-content\/uploads\/2021\/05\/2021-SCOPH-ASECS-HAC.jpg\" \/>\n\t<meta property=\"og:image:width\" content=\"900\" \/>\n\t<meta property=\"og:image:height\" content=\"632\" \/>\n\t<meta property=\"og:image:type\" content=\"image\/jpeg\" \/>\n<meta name=\"author\" content=\"Santiago Quesada\" \/>\n<meta name=\"twitter:card\" content=\"summary_large_image\" \/>\n<meta name=\"twitter:label1\" content=\"Escrito por\" \/>\n\t<meta name=\"twitter:data1\" content=\"Santiago Quesada\" \/>\n\t<meta name=\"twitter:label2\" content=\"Tiempo de lectura\" \/>\n\t<meta name=\"twitter:data2\" content=\"1 minuto\" \/>\n<script type=\"application\/ld+json\" class=\"yoast-schema-graph\">{\"@context\":\"https:\/\/schema.org\",\"@graph\":[{\"@type\":\"Article\",\"@id\":\"https:\/\/grupo.us.es\/alzarq\/estudiantes-de-medicina\/#article\",\"isPartOf\":{\"@id\":\"https:\/\/grupo.us.es\/alzarq\/estudiantes-de-medicina\/\"},\"author\":{\"name\":\"Santiago Quesada\",\"@id\":\"https:\/\/grupo.us.es\/alzarq\/#\/schema\/person\/41c6294f212d0f276c1693be07bff310\"},\"headline\":\"COLOQUIO CON ESTUDIANTES DE MEDICINA\",\"datePublished\":\"2021-05-20T09:34:41+00:00\",\"dateModified\":\"2025-04-21T08:04:53+00:00\",\"mainEntityOfPage\":{\"@id\":\"https:\/\/grupo.us.es\/alzarq\/estudiantes-de-medicina\/\"},\"wordCount\":205,\"publisher\":{\"@id\":\"https:\/\/grupo.us.es\/alzarq\/#organization\"},\"image\":{\"@id\":\"https:\/\/grupo.us.es\/alzarq\/estudiantes-de-medicina\/#primaryimage\"},\"thumbnailUrl\":\"https:\/\/grupo.us.es\/alzarq\/wp-content\/uploads\/2021\/05\/2021-SCOPH-ASECS-HAC.jpg\",\"articleSection\":[\"Conferencias\",\"Noticias\"],\"inLanguage\":\"es\"},{\"@type\":\"WebPage\",\"@id\":\"https:\/\/grupo.us.es\/alzarq\/estudiantes-de-medicina\/\",\"url\":\"https:\/\/grupo.us.es\/alzarq\/estudiantes-de-medicina\/\",\"name\":\"COLOQUIO CON ESTUDIANTES DE MEDICINA - ALZARQ\",\"isPartOf\":{\"@id\":\"https:\/\/grupo.us.es\/alzarq\/#website\"},\"primaryImageOfPage\":{\"@id\":\"https:\/\/grupo.us.es\/alzarq\/estudiantes-de-medicina\/#primaryimage\"},\"image\":{\"@id\":\"https:\/\/grupo.us.es\/alzarq\/estudiantes-de-medicina\/#primaryimage\"},\"thumbnailUrl\":\"https:\/\/grupo.us.es\/alzarq\/wp-content\/uploads\/2021\/05\/2021-SCOPH-ASECS-HAC.jpg\",\"datePublished\":\"2021-05-20T09:34:41+00:00\",\"dateModified\":\"2025-04-21T08:04:53+00:00\",\"description\":\"Este mi\u00e9rcoles 7 de febrero el Centro de Referencia Estatal de Alzheimer y otras demencias del IMSERSO, se ha hecho eco de la Tesis Doctoral\u00a0le\u00edda por Pablo Valero Flores en la Universidad de M\u00e1laga.\",\"inLanguage\":\"es\",\"potentialAction\":[{\"@type\":\"ReadAction\",\"target\":[\"https:\/\/grupo.us.es\/alzarq\/estudiantes-de-medicina\/\"]}]},{\"@type\":\"ImageObject\",\"inLanguage\":\"es\",\"@id\":\"https:\/\/grupo.us.es\/alzarq\/estudiantes-de-medicina\/#primaryimage\",\"url\":\"https:\/\/grupo.us.es\/alzarq\/wp-content\/uploads\/2021\/05\/2021-SCOPH-ASECS-HAC.jpg\",\"contentUrl\":\"https:\/\/grupo.us.es\/alzarq\/wp-content\/uploads\/2021\/05\/2021-SCOPH-ASECS-HAC.jpg\",\"width\":900,\"height\":632},{\"@type\":\"WebSite\",\"@id\":\"https:\/\/grupo.us.es\/alzarq\/#website\",\"url\":\"https:\/\/grupo.us.es\/alzarq\/\",\"name\":\"ALZARQ\",\"description\":\"Arquitectura y Alzheimer\",\"publisher\":{\"@id\":\"https:\/\/grupo.us.es\/alzarq\/#organization\"},\"potentialAction\":[{\"@type\":\"SearchAction\",\"target\":{\"@type\":\"EntryPoint\",\"urlTemplate\":\"https:\/\/grupo.us.es\/alzarq\/?s={search_term_string}\"},\"query-input\":{\"@type\":\"PropertyValueSpecification\",\"valueRequired\":true,\"valueName\":\"search_term_string\"}}],\"inLanguage\":\"es\"},{\"@type\":\"Organization\",\"@id\":\"https:\/\/grupo.us.es\/alzarq\/#organization\",\"name\":\"ALZARQ\",\"url\":\"https:\/\/grupo.us.es\/alzarq\/\",\"logo\":{\"@type\":\"ImageObject\",\"inLanguage\":\"es\",\"@id\":\"https:\/\/grupo.us.es\/alzarq\/#\/schema\/logo\/image\/\",\"url\":\"https:\/\/grupo.us.es\/alzarq\/wp-content\/uploads\/2022\/02\/logotipo_alzarq_degradado_150peq-1-3.jpg\",\"contentUrl\":\"https:\/\/grupo.us.es\/alzarq\/wp-content\/uploads\/2022\/02\/logotipo_alzarq_degradado_150peq-1-3.jpg\",\"width\":224,\"height\":70,\"caption\":\"ALZARQ\"},\"image\":{\"@id\":\"https:\/\/grupo.us.es\/alzarq\/#\/schema\/logo\/image\/\"}},{\"@type\":\"Person\",\"@id\":\"https:\/\/grupo.us.es\/alzarq\/#\/schema\/person\/41c6294f212d0f276c1693be07bff310\",\"name\":\"Santiago Quesada\",\"image\":{\"@type\":\"ImageObject\",\"inLanguage\":\"es\",\"@id\":\"https:\/\/grupo.us.es\/alzarq\/#\/schema\/person\/image\/\",\"url\":\"https:\/\/secure.gravatar.com\/avatar\/0fce49cb48f715977f235af165a424859c430076a4d915c46ba40fc860b333de?s=96&d=mm&r=g\",\"contentUrl\":\"https:\/\/secure.gravatar.com\/avatar\/0fce49cb48f715977f235af165a424859c430076a4d915c46ba40fc860b333de?s=96&d=mm&r=g\",\"caption\":\"Santiago Quesada\"},\"url\":\"https:\/\/grupo.us.es\/alzarq\/author\/squesada\/\"}]}<\/script>\n<!-- \/ Yoast SEO plugin. -->","yoast_head_json":{"title":"COLOQUIO CON ESTUDIANTES DE MEDICINA - ALZARQ","description":"Este mi\u00e9rcoles 7 de febrero el Centro de Referencia Estatal de Alzheimer y otras demencias del IMSERSO, se ha hecho eco de la Tesis Doctoral\u00a0le\u00edda por Pablo Valero Flores en la Universidad de M\u00e1laga.","robots":{"index":"index","follow":"follow","max-snippet":"max-snippet:-1","max-image-preview":"max-image-preview:large","max-video-preview":"max-video-preview:-1"},"canonical":"https:\/\/grupo.us.es\/alzarq\/estudiantes-de-medicina\/","og_locale":"es_ES","og_type":"article","og_title":"COLOQUIO CON ESTUDIANTES DE MEDICINA - ALZARQ","og_description":"Este mi\u00e9rcoles 7 de febrero el Centro de Referencia Estatal de Alzheimer y otras demencias del IMSERSO, se ha hecho eco de la Tesis Doctoral\u00a0le\u00edda por Pablo Valero Flores en la Universidad de M\u00e1laga.","og_url":"https:\/\/grupo.us.es\/alzarq\/estudiantes-de-medicina\/","og_site_name":"ALZARQ","article_published_time":"2021-05-20T09:34:41+00:00","article_modified_time":"2025-04-21T08:04:53+00:00","og_image":[{"width":900,"height":632,"url":"https:\/\/grupo.us.es\/alzarq\/wp-content\/uploads\/2021\/05\/2021-SCOPH-ASECS-HAC.jpg","type":"image\/jpeg"}],"author":"Santiago Quesada","twitter_card":"summary_large_image","twitter_misc":{"Escrito por":"Santiago Quesada","Tiempo de lectura":"1 minuto"},"schema":{"@context":"https:\/\/schema.org","@graph":[{"@type":"Article","@id":"https:\/\/grupo.us.es\/alzarq\/estudiantes-de-medicina\/#article","isPartOf":{"@id":"https:\/\/grupo.us.es\/alzarq\/estudiantes-de-medicina\/"},"author":{"name":"Santiago Quesada","@id":"https:\/\/grupo.us.es\/alzarq\/#\/schema\/person\/41c6294f212d0f276c1693be07bff310"},"headline":"COLOQUIO CON ESTUDIANTES DE MEDICINA","datePublished":"2021-05-20T09:34:41+00:00","dateModified":"2025-04-21T08:04:53+00:00","mainEntityOfPage":{"@id":"https:\/\/grupo.us.es\/alzarq\/estudiantes-de-medicina\/"},"wordCount":205,"publisher":{"@id":"https:\/\/grupo.us.es\/alzarq\/#organization"},"image":{"@id":"https:\/\/grupo.us.es\/alzarq\/estudiantes-de-medicina\/#primaryimage"},"thumbnailUrl":"https:\/\/grupo.us.es\/alzarq\/wp-content\/uploads\/2021\/05\/2021-SCOPH-ASECS-HAC.jpg","articleSection":["Conferencias","Noticias"],"inLanguage":"es"},{"@type":"WebPage","@id":"https:\/\/grupo.us.es\/alzarq\/estudiantes-de-medicina\/","url":"https:\/\/grupo.us.es\/alzarq\/estudiantes-de-medicina\/","name":"COLOQUIO CON ESTUDIANTES DE MEDICINA - ALZARQ","isPartOf":{"@id":"https:\/\/grupo.us.es\/alzarq\/#website"},"primaryImageOfPage":{"@id":"https:\/\/grupo.us.es\/alzarq\/estudiantes-de-medicina\/#primaryimage"},"image":{"@id":"https:\/\/grupo.us.es\/alzarq\/estudiantes-de-medicina\/#primaryimage"},"thumbnailUrl":"https:\/\/grupo.us.es\/alzarq\/wp-content\/uploads\/2021\/05\/2021-SCOPH-ASECS-HAC.jpg","datePublished":"2021-05-20T09:34:41+00:00","dateModified":"2025-04-21T08:04:53+00:00","description":"Este mi\u00e9rcoles 7 de febrero el Centro de Referencia Estatal de Alzheimer y otras demencias del IMSERSO, se ha hecho eco de la Tesis Doctoral\u00a0le\u00edda por Pablo Valero Flores en la Universidad de M\u00e1laga.","inLanguage":"es","potentialAction":[{"@type":"ReadAction","target":["https:\/\/grupo.us.es\/alzarq\/estudiantes-de-medicina\/"]}]},{"@type":"ImageObject","inLanguage":"es","@id":"https:\/\/grupo.us.es\/alzarq\/estudiantes-de-medicina\/#primaryimage","url":"https:\/\/grupo.us.es\/alzarq\/wp-content\/uploads\/2021\/05\/2021-SCOPH-ASECS-HAC.jpg","contentUrl":"https:\/\/grupo.us.es\/alzarq\/wp-content\/uploads\/2021\/05\/2021-SCOPH-ASECS-HAC.jpg","width":900,"height":632},{"@type":"WebSite","@id":"https:\/\/grupo.us.es\/alzarq\/#website","url":"https:\/\/grupo.us.es\/alzarq\/","name":"ALZARQ","description":"Arquitectura y Alzheimer","publisher":{"@id":"https:\/\/grupo.us.es\/alzarq\/#organization"},"potentialAction":[{"@type":"SearchAction","target":{"@type":"EntryPoint","urlTemplate":"https:\/\/grupo.us.es\/alzarq\/?s={search_term_string}"},"query-input":{"@type":"PropertyValueSpecification","valueRequired":true,"valueName":"search_term_string"}}],"inLanguage":"es"},{"@type":"Organization","@id":"https:\/\/grupo.us.es\/alzarq\/#organization","name":"ALZARQ","url":"https:\/\/grupo.us.es\/alzarq\/","logo":{"@type":"ImageObject","inLanguage":"es","@id":"https:\/\/grupo.us.es\/alzarq\/#\/schema\/logo\/image\/","url":"https:\/\/grupo.us.es\/alzarq\/wp-content\/uploads\/2022\/02\/logotipo_alzarq_degradado_150peq-1-3.jpg","contentUrl":"https:\/\/grupo.us.es\/alzarq\/wp-content\/uploads\/2022\/02\/logotipo_alzarq_degradado_150peq-1-3.jpg","width":224,"height":70,"caption":"ALZARQ"},"image":{"@id":"https:\/\/grupo.us.es\/alzarq\/#\/schema\/logo\/image\/"}},{"@type":"Person","@id":"https:\/\/grupo.us.es\/alzarq\/#\/schema\/person\/41c6294f212d0f276c1693be07bff310","name":"Santiago Quesada","image":{"@type":"ImageObject","inLanguage":"es","@id":"https:\/\/grupo.us.es\/alzarq\/#\/schema\/person\/image\/","url":"https:\/\/secure.gravatar.com\/avatar\/0fce49cb48f715977f235af165a424859c430076a4d915c46ba40fc860b333de?s=96&d=mm&r=g","contentUrl":"https:\/\/secure.gravatar.com\/avatar\/0fce49cb48f715977f235af165a424859c430076a4d915c46ba40fc860b333de?s=96&d=mm&r=g","caption":"Santiago Quesada"},"url":"https:\/\/grupo.us.es\/alzarq\/author\/squesada\/"}]}},"_links":{"self":[{"href":"https:\/\/grupo.us.es\/alzarq\/wp-json\/wp\/v2\/posts\/2557","targetHints":{"allow":["GET"]}}],"collection":[{"href":"https:\/\/grupo.us.es\/alzarq\/wp-json\/wp\/v2\/posts"}],"about":[{"href":"https:\/\/grupo.us.es\/alzarq\/wp-json\/wp\/v2\/types\/post"}],"author":[{"embeddable":true,"href":"https:\/\/grupo.us.es\/alzarq\/wp-json\/wp\/v2\/users\/4"}],"replies":[{"embeddable":true,"href":"https:\/\/grupo.us.es\/alzarq\/wp-json\/wp\/v2\/comments?post=2557"}],"version-history":[{"count":0,"href":"https:\/\/grupo.us.es\/alzarq\/wp-json\/wp\/v2\/posts\/2557\/revisions"}],"wp:featuredmedia":[{"embeddable":true,"href":"https:\/\/grupo.us.es\/alzarq\/wp-json\/wp\/v2\/media\/2558"}],"wp:attachment":[{"href":"https:\/\/grupo.us.es\/alzarq\/wp-json\/wp\/v2\/media?parent=2557"}],"wp:term":[{"taxonomy":"category","embeddable":true,"href":"https:\/\/grupo.us.es\/alzarq\/wp-json\/wp\/v2\/categories?post=2557"},{"taxonomy":"post_tag","embeddable":true,"href":"https:\/\/grupo.us.es\/alzarq\/wp-json\/wp\/v2\/tags?post=2557"}],"curies":[{"name":"wp","href":"https:\/\/api.w.org\/{rel}","templated":true}]}}